{"id":6147,"date":"2012-09-25T13:17:15","date_gmt":"2012-09-25T12:17:15","guid":{"rendered":"http:\/\/alternatifs81.fr\/?p=6147"},"modified":"2012-09-25T13:19:48","modified_gmt":"2012-09-25T12:19:48","slug":"appel-unitaire-de-militant-e-s-ecologistes-contre-la-ratification-du-traite-europeen-tscg","status":"publish","type":"post","link":"https:\/\/alternatifs81.fr\/?p=6147","title":{"rendered":"Appel unitaire de militant-e-s \u00e9cologistes contre la ratification du trait\u00e9 europ\u00e9en TSCG"},"content":{"rendered":"<p><strong><a href=\"http:\/\/alternatifs81.fr\/wp-content\/uploads\/sans-titre16.png\" rel=\"lightbox[6147]\"><img loading=\"lazy\" decoding=\"async\" class=\"alignleft size-medium wp-image-6148\" style=\"margin: 10px;\" title=\"sans-titre\" src=\"http:\/\/alternatifs81.fr\/wp-content\/uploads\/sans-titre16-271x300.png\" alt=\"\" width=\"217\" height=\"240\" srcset=\"https:\/\/alternatifs81.fr\/wp-content\/uploads\/sans-titre16-271x300.png 271w, https:\/\/alternatifs81.fr\/wp-content\/uploads\/sans-titre16.png 290w\" sizes=\"auto, (max-width: 217px) 100vw, 217px\" \/><\/a>Pour nous, militant-e-s \u00e9cologistes, la transition \u00e9cologique et sociale ne peut en aucun cas passer par l&rsquo;aust\u00e9rit\u00e9 et la r\u00e9duction des acquis sociaux, pas plus que la <a href=\"http:\/\/3.bp.blogspot.com\/-eHkf9OGmk6A\/UGGARverb_I\/AAAAAAAACaw\/cFdrjWnhXv8\/s1600\/nonTSCG.jpg\" rel=\"lightbox[6147]\"><\/a>r\u00e9partition des richesses ne peut attendre une improbable et destructrice croissance du PIB. Il y a urgence ! <\/strong><br \/>\n<strong><br \/>\n<\/strong><strong>Comment mener la transition \u00e9cologique et parvenir \u00e0 60% de r\u00e9duction des gaz \u00e0 effet de serre en 2040 en se contentant de \u00ab r\u00e9guler \u00bb le march\u00e9 europ\u00e9en des quotas carbone, en poursuivant les grands projets inutiles et impos\u00e9s, ou en laissant les choix d\u2019int\u00e9r\u00eat g\u00e9n\u00e9ral aux mains des multinationales de l&rsquo;agro-business, de l&rsquo;eau et de l\u2019\u00e9nergie ? Une v\u00e9ritable politique d&rsquo;\u00e9cologie sociale a, au contraire, besoin d&rsquo;une intervention publique d\u00e9termin\u00e9e et d&rsquo;investissements forts, de services publics de l&rsquo;eau, du rail et de l&rsquo;\u00e9nergie renforc\u00e9s ! <\/strong><br \/>\n<strong><br \/>\n<\/strong><strong>Or ces propositions deviendraient impossibles \u00e0 mettre en \u0153uvre dans le cadre du TSCG qui impose la limitation des d\u00e9penses publiques. Or, ces d\u00e9penses, d\u00e8s lors qu&rsquo;elles sont r\u00e9alis\u00e9es au nom de l&rsquo;int\u00e9r\u00eat g\u00e9n\u00e9ral, devraient \u00eatre consid\u00e9r\u00e9es comme des investissements : parce que nous n&rsquo;avons pas de plan\u00e8te de rechange, la \u00ab solidarit\u00e9 \u00bb avec les g\u00e9n\u00e9rations futures r\u00e9side en r\u00e9alit\u00e9 dans des investissements publics forts au service de la bifurcation \u00e9cologique de la soci\u00e9t\u00e9. <\/strong><br \/>\n<strong><br \/>\n<\/strong><strong>La relocalisation de l&rsquo;activit\u00e9, la reconversion industrielle, le maintien des emplois et la cr\u00e9ation de nouveaux, le plus grand gisement de \u00ab redressement productif \u00bb enfin, passe aujourd&rsquo;hui par la transition \u00e9nerg\u00e9tique et la r\u00e9volution \u00e9cologique de notre soci\u00e9t\u00e9. Elle est incompatible avec l&rsquo;aust\u00e9rit\u00e9 qu&rsquo;implique le TSCG. <\/strong><br \/>\n<a name=\"more\"><\/a><br \/>\n<strong><br \/>\n<\/strong><strong>Pour toutes ces raisons, nous, militant-e-s \u00e9cologistes, appelons toutes celles et ceux qui comprennent l\u2019extr\u00eame urgence de la transition \u00e9cologique et sociale, \u00e0 rejoindre la grande manifestation nationale du 30 septembre contre le TSCG \u00e0 Paris, et appelons l&rsquo;ensemble des parlementaires fran\u00e7ais \u00e0 voter contre cette ratification. <!--more--><\/strong><br \/>\n<strong><br \/>\n<\/strong><strong><span style=\"text-decoration: underline;\">Premiers signataires :<\/span> <\/strong><br \/>\n<em><span style=\"color: #008000;\"><strong>Corinne MOREL DARLEUX, secr\u00e9taire nationale \u00e0 l&rsquo;\u00e9cologie du PG, conseill\u00e8re r\u00e9gionale Rh\u00f4ne Alpes <\/strong><br \/>\n<strong>Paul ARIES, directeur de La vie est \u00e0 nous ! \/ Le Sarkophage <\/strong><br \/>\n<strong>Damien JOLITON, membre de la Gauche Anticapitaliste <\/strong><br \/>\n<strong>Aur\u00e9lien BERNIER, auteur <\/strong><br \/>\n<strong>Mathieu AGOSTINI, responsable de la commission \u00e9cologie du Parti de Gauche <\/strong><br \/>\n<strong>Laurent GARROUSTE, membre de la Gauche Anticapitaliste <\/strong><br \/>\n<strong>Vincent GAY, membre de la Gauche Anticapitaliste <\/strong><br \/>\n<strong>Jean-Fran\u00e7ois PELLISSIER, membre de l&rsquo;ex\u00e9cutif des Alternatifs, Conseiller R\u00e9gional IdF <\/strong><br \/>\n<strong>Gilles MONSILLON, FASE <\/strong><br \/>\n<strong>Roland MERIEUX, , membre de l&rsquo;ex\u00e9cutif des Alternatifs <\/strong><br \/>\n<strong>St\u00e9phane LAVIGNOTTE <\/strong><br \/>\n<strong>V\u00e9ronique DUBARRY, adjointe \u00e9cologiste au maire de Paris <\/strong><br \/>\n<strong>J\u00e9r\u00f4me DESQUILBET, EELV, alter ekolo <\/strong><br \/>\n<strong>Jean-Jacques BOISLAROUSSIE &#8211; Alternatifs <\/strong><br \/>\n<strong>Maximes COMBES \u2013 AITEC <\/strong><br \/>\n<strong>Emmanuel DESSENDIER \u2013 Comit\u00e9 de r\u00e9daction d\u2019Ecorev <\/strong><br \/>\n<strong>Anita ROZENHOLC \u2013 Comit\u00e9 de r\u00e9daction d\u2019Ecorev <\/strong><br \/>\n<strong>Philippe COLOMB \u2013 EELV <\/strong><br \/>\n<strong>Augustin GROSDOY \u2013 Parti de Gauche<\/strong><br \/>\n<strong>R\u00e9gis LECURU, Militant \u00e9cologiste FASE<\/strong><br \/>\n<strong>S\u00e9bastien BEAUDEUX &#8211; Charg\u00e9 d&rsquo;\u00e9tudes en assainissement des eaux <\/strong><br \/>\n<strong>William ELIE \u2013 Commission \u00e9cologie des Alternatifs <\/strong><br \/>\n<strong>Julien DURAND, porte-parole de l\u2019ACIPA <\/strong><br \/>\n<strong>Dominique GRISOLLET, co-pr\u00e9sident de l\u2019ACIPA <\/strong><br \/>\n<strong>Dominique FRESNEAU, co-pr\u00e9sident de l\u2019ACIPA<\/strong><br \/>\n<strong>etc&#8230;<\/strong><\/span><\/em><\/p>\n<gcse:search><\/gcse:search>","protected":false},"excerpt":{"rendered":"<p>Pour nous, militant-e-s \u00e9cologistes, la transition \u00e9cologique et sociale ne peut en aucun cas passer par l&rsquo;aust\u00e9rit\u00e9 et la r\u00e9duction des acquis sociaux, pas plus que la r\u00e9partition des richesses ne peut attendre une improbable et destructrice croissance du PIB. Il y a urgence ! Comment mener la transition \u00e9cologique et parvenir \u00e0 60% de [&hellip;]<\/p>\n","protected":false},"author":1,"featured_media":0,"comment_status":"open","ping_status":"closed","sticky":false,"template":"","format":"standard","meta":{"footnotes":""},"categories":[125,126,21,232],"tags":[],"class_list":["post-6147","post","type-post","status-publish","format-standard","hentry","category-ecologie","category-gauche-de-combat","category-les-alters-dans-les-luttes","category-notre-economie-et-la-leur"],"_links":{"self":[{"href":"https:\/\/alternatifs81.fr\/index.php?rest_route=\/wp\/v2\/posts\/6147","targetHints":{"allow":["GET"]}}],"collection":[{"href":"https:\/\/alternatifs81.fr\/index.php?rest_route=\/wp\/v2\/posts"}],"about":[{"href":"https:\/\/alternatifs81.fr\/index.php?rest_route=\/wp\/v2\/types\/post"}],"author":[{"embeddable":true,"href":"https:\/\/alternatifs81.fr\/index.php?rest_route=\/wp\/v2\/users\/1"}],"replies":[{"embeddable":true,"href":"https:\/\/alternatifs81.fr\/index.php?rest_route=%2Fwp%2Fv2%2Fcomments&post=6147"}],"version-history":[{"count":0,"href":"https:\/\/alternatifs81.fr\/index.php?rest_route=\/wp\/v2\/posts\/6147\/revisions"}],"wp:attachment":[{"href":"https:\/\/alternatifs81.fr\/index.php?rest_route=%2Fwp%2Fv2%2Fmedia&parent=6147"}],"wp:term":[{"taxonomy":"category","embeddable":true,"href":"https:\/\/alternatifs81.fr\/index.php?rest_route=%2Fwp%2Fv2%2Fcategories&post=6147"},{"taxonomy":"post_tag","embeddable":true,"href":"https:\/\/alternatifs81.fr\/index.php?rest_route=%2Fwp%2Fv2%2Ftags&post=6147"}],"curies":[{"name":"wp","href":"https:\/\/api.w.org\/{rel}","templated":true}]}}