{"id":6133,"date":"2012-09-23T14:44:36","date_gmt":"2012-09-23T13:44:36","guid":{"rendered":"http:\/\/alternatifs81.fr\/?p=6133"},"modified":"2012-09-23T14:45:53","modified_gmt":"2012-09-23T13:45:53","slug":"pour-changer-vraiment-tout-depend-de-notre-mobilisation-dans-la-rue-le-30-septembre-et-apres-on-continue","status":"publish","type":"post","link":"https:\/\/alternatifs81.fr\/?p=6133","title":{"rendered":"Pour changer vraiment, tout d\u00e9pend de notre mobilisation. Dans la rue le 30 septembre, et APRES ON CONTINUE."},"content":{"rendered":"<h3 style=\"text-align: justify;\"><em><span style=\"color: #0000ff;\"><a href=\"http:\/\/alternatifs81.fr\/wp-content\/uploads\/banderolle1.jpg\" rel=\"lightbox[6133]\"><img loading=\"lazy\" decoding=\"async\" class=\"alignleft size-full wp-image-6134\" style=\"margin: 10px;\" title=\"banderolle\" src=\"http:\/\/alternatifs81.fr\/wp-content\/uploads\/banderolle1.jpg\" alt=\"\" width=\"240\" height=\"113\" \/><\/a>R\u00e9solution de la Coordination G\u00e9n\u00e9rale des Alternatifs 22 et 23 septembre 2012 <\/span><\/em><\/h3>\n<h3 style=\"text-align: justify;\">Un grand nombre de celles et ceux qui avaient choisi de chasser Sarkozy et sa clique avaient aussi, pour le moins, quelques espoirs de changements.<\/h3>\n<h3 style=\"text-align: justify;\">Quelques unes des mesures les plus antisociales et quelques cadeaux aux riches de Sarkozy ont \u00e9t\u00e9 supprim\u00e9s. Quelques signes sont donn\u00e9s pour l\u2019Ecole, les droits des femmes et des homosexuel-le-s.<\/h3>\n<h3 style=\"text-align: justify;\">Cependant, le projet de loi sur le mariage et l\u2019adoption homosexuel reste en retrait des exigences d&rsquo;\u00e9galit\u00e9, entre autres en terme d&rsquo;homoparentalit\u00e9.<\/h3>\n<h3 style=\"text-align: justify;\">La concertation promise pour refonder l&rsquo;Ecole est plus un faux semblant<!--more-->\u00a0qu&rsquo;un vrai d\u00e9bat associant personnels, \u00e9l\u00e8ves, parents pour changer profond\u00e9ment le syst\u00e8me \u00e9ducatif et combattre l\u2019\u00e9chec scolaire.<\/h3>\n<h3 style=\"text-align: justify;\">Dans des domaines majeurs, la politique Hollande-Ayrault ne se distingue que symboliquement, tr\u00e8s faiblement ou pas du tout, de celle de la droite.<\/h3>\n<h3 style=\"text-align: justify;\">C\u2019est le cas sur le terrain \u00e9cologique, du nucl\u00e9aire aux grands projets inutiles (Notre-Dame des Landes, \u00ab Grand Paris \u00bb, LGV Bordeaux-Toulouse, Op\u00e9ration d\u2019Int\u00e9r\u00eat National plaine du Var\u2026).<\/h3>\n<h3 style=\"text-align: justify;\">C\u2019est le cas dans le domaine de la sant\u00e9 ou la marchandisation \u00e0 marche forc\u00e9e continue. Les Alternatifs appellent \u00e0 assurer le succ\u00e8s de la semaine europ\u00e9enne de d\u00e9fense des syst\u00e8mes publics de sant\u00e9 et de protection sociale notamment lors de la manifestation nationale du 6 octobre \u00e0 Paris.<\/h3>\n<h3 style=\"text-align: justify;\">C\u2019est le cas pour ce qui concerne les Rroms, mis-es \u00e0 la rue et expuls\u00e9-e-s et ce, \u00e0 l\u2019inverse d\u2019une politique simplement humaine ou pour les sans papiers toujours menac\u00e9s d\u2019expulsion\u2026<\/h3>\n<h3 style=\"text-align: justify;\">La politique conduite par Manuel Valls s&rsquo;aligne clairement sur les exigences des lobbies s\u00e9curitaires.<\/h3>\n<h3 style=\"text-align: justify;\">Le combat antiraciste et pour l&rsquo;\u00e9galit\u00e9 des droits est aujourd&rsquo;hui crucial, alors que le Front National attise les haines x\u00e9nophobes et que la droite engage une bataille frontale contre le droit de vote des r\u00e9sident-e-s \u00e9tranger-e-s.<\/h3>\n<h3 style=\"text-align: justify;\">La d\u00e9marche gouvernementale des concertations et compromis avec le patronat se heurte \u00e0 la r\u00e9alit\u00e9 d\u2019un capitalisme financier pr\u00e9dateur ; la multiplication des plans de licenciements et de liquidation d\u2019entreprises en t\u00e9moigne (PSA, Doux, Sanofi, Fralib,\u2026). L objectif du MEDEF reste la d\u00e9r\u00e9glementation du droit du travail et la mise \u00e0 bas des droits sociaux.<\/h3>\n<h3 style=\"text-align: justify;\">Ou sont les nouveaux droits promis aux salari\u00e9-e-s par le candidat Hollande pour agir sur les choix des entreprises.<\/h3>\n<h3 style=\"text-align: justify;\">La riposte est d\u2019abord la d\u00e9fense de l\u2019emploi et des droits sociaux, le combat pour l\u2019\u00e9radication du ch\u00f4mage et de la pr\u00e9carit\u00e9, en particulier par la r\u00e9duction du temps de travail.<\/h3>\n<h3 style=\"text-align: justify;\">Cette riposte doit tout autant prendre en compte les reconversions n\u00e9cessaires pour maintenir les activit\u00e9s productives dans une nouvelle logique \u00e9cologique, durable, socialement utile et dans une d\u00e9marche coop\u00e9rative et autogestionnaire.<\/h3>\n<h3 style=\"text-align: justify;\">Rien de d\u00e9cisif ne sera gagn\u00e9 sans une mobilisation sociale massive, sans une d\u00e9mocratie active et l&rsquo;auto-organisation des luttes pour construire l\u2019unit\u00e9 la plus large et faire reculer la r\u00e9signation, sans ouvrir, maintenant, des br\u00e8ches dans un syst\u00e8me de domination capitaliste, productiviste, autoritaire, et ainsi prouver que \u00abc\u2019est possible\u00bb.<\/h3>\n<h3 style=\"text-align: justify;\">Rien de d\u00e9cisif ne sera gagn\u00e9 sans l\u2019appropriation sociale, pour l\u2019\u00e9mancipation des salari\u00e9-e-s, l\u2019intervention des usager-e-s et consommateurs\/trices, et la r\u00e9orientation de l\u2019\u00e9conomie.<\/h3>\n<h3 style=\"text-align: justify;\">Les peuples grecs, italiens, espagnols, portugais, irlandais sont frapp\u00e9s de plein fouet par les plans d&rsquo;aust\u00e9rit\u00e9 exig\u00e9s par la \u00ab\u00a0tro\u00efka\u00a0\u00bb europ\u00e9enne (BCE, FMI et Commission Europ\u00e9enne). La lutte contre cet adversaire comme contre les menaces fascistes, nationalistes et x\u00e9nophobes est \u00e0 l&rsquo;ordre du jour \u00e0 l&rsquo;\u00e9chelle de tout le continent.<\/h3>\n<h3 style=\"text-align: justify;\">Nous refusons la ratification du Trait\u00e9 europ\u00e9en d\u2019aust\u00e9rit\u00e9 (TSCG), recul majeur par rapport aux engagements du candidat Hollande, et dont le contenu vise \u00e0 emp\u00eacher toute politique de gauche.<\/h3>\n<h3 style=\"text-align: justify;\">Partout la mobilisation la plus large est engag\u00e9e pour combattre ce d\u00e9ni de d\u00e9mocratie et de souverainet\u00e9 populaire, pour expliquer encore les enjeux sociaux de cette capitulation politique.<\/h3>\n<h3 style=\"text-align: justify;\">Les Alternatifs appellent \u00e0 assurer le succ\u00e8s de la grande manifestation unitaire contre le TSCG : la r\u00e9sistance et l&rsquo;alternative, ce sera dans la rue le 30 septembre !<\/h3>\n<h3 style=\"text-align: justify;\">L&rsquo;existence d&rsquo;un cadre unitaire large, associatif, syndical, politique est une premi\u00e8re \u00e9tape. Un tel cadre dessine les contours d\u2019un bloc politico-social et citoyen pour la transformation sociale et \u00e9cologique. Il faut conforter cette premi\u00e8re \u00e9tape et la prolonger, dans les villes et d\u00e9partements comme au niveau national.<\/h3>\n<h3 style=\"text-align: justify;\">Contre l&rsquo;offensive antisociale \u00e0 l&rsquo;\u00e9chelle du continent, par la solidarit\u00e9 entre les peuples, pour une alternative sociale et \u00e9cologique.<\/h3>\n<p style=\"text-align: right;\"><em><strong><span style=\"color: #0000ff;\">Paris, le 23 septembre 2012.<\/span><\/strong><\/em><\/p>\n<gcse:search><\/gcse:search>","protected":false},"excerpt":{"rendered":"<p>R\u00e9solution de la Coordination G\u00e9n\u00e9rale des Alternatifs 22 et 23 septembre 2012 Un grand nombre de celles et ceux qui avaient choisi de chasser Sarkozy et sa clique avaient aussi, pour le moins, quelques espoirs de changements. Quelques unes des mesures les plus antisociales et quelques cadeaux aux riches de Sarkozy ont \u00e9t\u00e9 supprim\u00e9s. Quelques [&hellip;]<\/p>\n","protected":false},"author":1,"featured_media":0,"comment_status":"open","ping_status":"closed","sticky":false,"template":"","format":"standard","meta":{"footnotes":""},"categories":[9,21],"tags":[],"class_list":["post-6133","post","type-post","status-publish","format-standard","hentry","category-communiques","category-les-alters-dans-les-luttes"],"_links":{"self":[{"href":"https:\/\/alternatifs81.fr\/index.php?rest_route=\/wp\/v2\/posts\/6133","targetHints":{"allow":["GET"]}}],"collection":[{"href":"https:\/\/alternatifs81.fr\/index.php?rest_route=\/wp\/v2\/posts"}],"about":[{"href":"https:\/\/alternatifs81.fr\/index.php?rest_route=\/wp\/v2\/types\/post"}],"author":[{"embeddable":true,"href":"https:\/\/alternatifs81.fr\/index.php?rest_route=\/wp\/v2\/users\/1"}],"replies":[{"embeddable":true,"href":"https:\/\/alternatifs81.fr\/index.php?rest_route=%2Fwp%2Fv2%2Fcomments&post=6133"}],"version-history":[{"count":0,"href":"https:\/\/alternatifs81.fr\/index.php?rest_route=\/wp\/v2\/posts\/6133\/revisions"}],"wp:attachment":[{"href":"https:\/\/alternatifs81.fr\/index.php?rest_route=%2Fwp%2Fv2%2Fmedia&parent=6133"}],"wp:term":[{"taxonomy":"category","embeddable":true,"href":"https:\/\/alternatifs81.fr\/index.php?rest_route=%2Fwp%2Fv2%2Fcategories&post=6133"},{"taxonomy":"post_tag","embeddable":true,"href":"https:\/\/alternatifs81.fr\/index.php?rest_route=%2Fwp%2Fv2%2Ftags&post=6133"}],"curies":[{"name":"wp","href":"https:\/\/api.w.org\/{rel}","templated":true}]}}