{"id":6125,"date":"2012-09-23T13:36:28","date_gmt":"2012-09-23T12:36:28","guid":{"rendered":"http:\/\/alternatifs81.fr\/?p=6125"},"modified":"2012-09-23T13:49:03","modified_gmt":"2012-09-23T12:49:03","slug":"pourquoi-il-n%e2%80%99y-a-pas-d%e2%80%99autre-solution-que-la-revolution-sociale","status":"publish","type":"post","link":"https:\/\/alternatifs81.fr\/?p=6125","title":{"rendered":"Pourquoi il n\u2019y a pas d\u2019autre solution que la R\u00e9volution sociale."},"content":{"rendered":"<h3 style=\"text-align: left;\"><em><span style=\"color: #808000;\"><a href=\"http:\/\/alternatifs81.fr\/wp-content\/uploads\/el-logo.jpg\" rel=\"lightbox[6125]\"><img loading=\"lazy\" decoding=\"async\" class=\"alignleft size-full wp-image-6126\" style=\"margin: 10px;\" title=\"el-logo\" src=\"http:\/\/alternatifs81.fr\/wp-content\/uploads\/el-logo.jpg\" alt=\"\" width=\"150\" height=\"68\" \/><\/a>Communiqu\u00e9 du noyau de militants des Alternatifs Rouge et Vert de la Mancha (Espagne)\u00a0 <\/span><\/em><em><span style=\"color: #808000;\">27\/07\/2012 <a href=\"http:\/\/altermundialistas.wordpress.com\/2012\/07\/27\/porque-no-hay-otra-solucion-a-la-revolucion-social\/\">http:\/\/altermundialistas.wordpress.com\/2012\/07\/27\/porque-no-hay-otra-solucion-a-la-revolucion-social\/<\/a><\/span><\/em><\/h3>\n<h3 style=\"text-align: justify;\">\u00a0La crise non seulement continue mais elle s\u2019aggrave, chaque jour pire. Il n\u2019y a pas de sortie du capitalisme, ce syst\u00e8me \u00e9tant en crise terminale. On voit comment les gouvernements (tous, ceux d\u2019aujourd\u2019hui et d\u2019hier) ne savent que faire, comment ils mentent chaque jour (eux et leurs moyens de d\u00e9sinformation) en nous disant que dans quelques mois, quelques ann\u00e9es, nous verrons comment change le cycle \u00e9conomique. Mais la seule chose que nous avons, voyons et verrons, c\u2019est comment s\u2019enfoncent <!--more-->nos conditions de vie parce que c\u2019est l\u2019immense majorit\u00e9 qui paie les cons\u00e9quences. Nos vies se d\u00e9t\u00e9riorent et nous perdons les conqu\u00eates sociales qui nous co\u00fbt\u00e8rent tant de temps et de luttes. Et nous avons pay\u00e9 avec notre travail et nos imp\u00f4ts car le pouvoir ne nous a fait aucun cadeau.<\/h3>\n<h3 style=\"text-align: justify;\">Nous sommes chaque jour plus nombreux \u00e0 lutter sur cette plan\u00e8te, et ici dans la Mancha, contre les effets de la crise. Mais on ne nous \u00e9coute pas\u00a0; le pouvoir ne nous \u00e9coute pas, ni ne nous \u00e9coutera. Il est l\u2019esclave du Capital, \u00ab\u00a0le Conseil d\u2019Administration de la bourgeoise\u00a0\u00bb disaient Marx et Engels. Aussi est-il n\u00e9cessaire que les mouvements sociaux qui affrontent la crise introduisent dans nos discours et propositions, dans notre pratique, la R\u00e9volution sociale comme objectif imm\u00e9diat et in\u00e9luctable.<\/h3>\n<h3 style=\"text-align: justify;\">Le capitalisme est en crise terminale. Il nous am\u00e8ne directement \u00e0 la barbarie. Aussi nous devons choisir, comme l\u2019ont fait nos anc\u00eatres, la consigne du mouvement \u00e9mancipateur\u00a0: socialisme ou barbarie\u00a0!<\/h3>\n<h3 style=\"text-align: justify;\">La globalisation n\u2019est que la fin du processus d\u2019expansion du capitalisme sur toute la Plan\u00e8te et toutes les soci\u00e9t\u00e9s\u00a0: \u00ab\u00a0une unique et grande \u00e9conomie capitaliste mondiale\u00a0\u00bb comme a dit il y a un si\u00e8cle Rosa Luxembourg. Ce syst\u00e8me ne peut survivre sans expansion. Aussi maintenant \u00ab\u00a0il se d\u00e9vore lui-m\u00eame\u00a0\u00bb et en m\u00eame temps les travailleurs-euses et l\u2019\u00e9cosyst\u00e8me. C\u2019est cela que l\u2019on cache par des mesures pour augmenter la productivit\u00e9 (soldes, r\u00e9formes du travail, d\u00e9localisations dans les pays o\u00f9 la main d\u2019\u0153uvre est moins ch\u00e8re\u2026), et une augmentation sans pr\u00e9c\u00e9dent de l\u2019exploitation des travailleurs et des ressources plan\u00e9taires.<\/h3>\n<h3 style=\"text-align: justify;\">Dans ce processus, les Services Publics jouent un r\u00f4le fondamental, car ils sont ce qui est le plus n\u00e9cessaire\u00a0et important aux gens, leurs ultimes recours. Ce qui \u00e9tait improductif\u00a0\u00bb pour le grand capital (sant\u00e9, \u00e9ducation\u2026) doit \u00eatre soutenu et maintenu par les travailleurs et les \u00e9tats alors que c\u2019est maintenant le fruit le plus juteux pour les transnationales qui se les disputent\u00a0: c\u2019est ce qui est derri\u00e8re la privatisation de tout ce qui est public. Le d\u00e9ficit, la dette, la crise en sont les excuses.<\/h3>\n<h3 style=\"text-align: justify;\">Mais qu\u2019est-ce que la Barbarie o\u00f9 nous am\u00e8ne le syst\u00e8me \u00e9conomico-politique\u00a0? La Barbarie est un autre syst\u00e8me social, diff\u00e9rent du capitalisme comme celui-ci l\u2019est du f\u00e9odalisme et autres syst\u00e8mes antiques. En Barbarie l\u2019\u00e9quation production massive pour une consommation massive se rompra compl\u00e8tement. On peut le voir d\u00e8s aujourd\u2019hui dans son commencement \u00e0 travers la r\u00e9cession et la d\u00e9pression, et la destruction des forces productives (fermetures, licenciements\u2026).<\/h3>\n<h3 style=\"text-align: justify;\">Et ce qui est essentiel pour la majorit\u00e9, c\u2019est qu\u2019en Barbarie, la majorit\u00e9 sera de trop. Il y a des ann\u00e9es que les \u00e9conomistes utilisent le concept de \u00ab\u00a0population exc\u00e9dentaire\u00a0\u00bb dans leurs analyses. C\u2019est pour signaler aux masses de populations qui partout sont exclues qu\u2019elles seront abandonn\u00e9es \u00e0 leur sort, condamn\u00e9es \u00e0 mal vivre jusqu\u2019\u00e0 ce qu\u2019elles disparaissent. Elles doivent \u00eatre notre miroir car elles sont le reflet de notre futur que nous pr\u00e9pare le capitalisme, si nous ne sommes pas capables de faire quelque chose pour l\u2019\u00e9viter, de d\u00e9truire le capitalisme et construire une soci\u00e9t\u00e9 radicalement alternative. Ce que traditionnellement on a appel\u00e9 Socialisme (\u00e0 cause de la socialisation de tous les moyens de production), Communisme (en mettant tout en commun et en faisant dispara\u00eetre en classes antagonistes) et Anarchie (soit la disparition de tout pouvoir oppresseur, de tout \u00e9tat au service de la classe dirigeante). Ces \u00ab\u00a0vieilles\u00a0\u00bb id\u00e9es sont plus actuelles que jamais, face au Capitalisme et \u00e0 ses organisations serviles (PP,PSOE\u2026).<\/h3>\n<h3 style=\"text-align: justify;\">Et aussi face aux discours des organisations r\u00e9formistes (IU, EQUO, les syndicats \u00ab\u00a0majoritaires\u00a0\u00bb\u2026) qui nous disent que ce sont eux les \u00ab\u00a0r\u00e9alistes\u00a0\u00bb, alors que ce qu\u2019ils proposent est en v\u00e9rit\u00e9 impossible, car le capitalisme fonctionne d\u2019une mani\u00e8re tr\u00e8s d\u00e9termin\u00e9e et non comme aimeraient les r\u00e9formistes. Cela, beaucoup l\u2019ont appris depuis un si\u00e8cle et demi. Mais les r\u00e9formistes, eux, n\u2019ont rien appris. Parmi les discours r\u00e9formistes, le plus absurde est celui qui pense possible le retour en arri\u00e8re, qu\u2019ils appellent la voie de la \u00ab\u00a0croissance\u00a0\u00bb et du \u00ab\u00a0bien-\u00eatre\u00a0\u00bb. L\u2019Histoire ne revient jamais en arri\u00e8re. De plus c\u2019est cette croissance qui nous a conduits o\u00f9 nous en sommes, car ce fut une croissance pour une partie de la majorit\u00e9\u00a0; et d\u2019ailleurs ce bien-\u00eatre est plus que discutable car peu en profit\u00e8rent et la majorit\u00e9 n\u2019eut que les miettes et paya la note\u00a0; par exemple, le pouvoir d\u2019achat de la majorit\u00e9 n\u2019a pas augment\u00e9 ces derni\u00e8res ann\u00e9es, bien au contraire.<\/h3>\n<h3 style=\"text-align: justify;\">Aussi nous ne devons pas r\u00eaver \u00e0 un retour en arri\u00e8re. C\u2019est impossible et serait pour beaucoup un cauchemar. Nous devons partager la richesse existante de mani\u00e8re \u00e9galitaire et selon les besoins r\u00e9els des gens. Cela demande un changement total et radical du syst\u00e8me, et pas revenir en arri\u00e8re. Pour exemple, en Espagne, il y a 3 millions de logements vides (20 % du total)\u00a0: faut-il en construire davantage\u00a0?<\/h3>\n<h3 style=\"text-align: justify;\">Qu\u2019avons-nous \u00e0 faire des luttes contre la crise\u00a0? Le plus important, sans aucun doute, c\u2019est la devise de beaucoup de mobilisations depuis qu\u2019a \u00e9clat\u00e9 la crise\u00a0: que les capitalistes paient\u00a0! Comment\u00a0? par un programme social qui inclut \u2013 a minima &#8211;\u00a0:<\/h3>\n<h3 style=\"text-align: justify;\">&#8211;\u00a0\u00a0\u00a0\u00a0\u00a0\u00a0\u00a0\u00a0 on ne doit payer aucune dette, car toute dette est odieuse. Les titres de dettes sont des papiers renfermant l\u2019exploitation de la majorit\u00e9\u00a0;<\/h3>\n<h3 style=\"text-align: justify;\">&#8211;\u00a0\u00a0\u00a0\u00a0\u00a0\u00a0\u00a0\u00a0 R\u00e9partir travail et richesse, pour arriver au plein emploi et \u00e0 la satisfaction des besoins des gens. Il faut en finir avec les mensonges du pouvoir qui nous dit sans honte que pour lutter contre la r\u00e9cession il faut licencier. Ce qu\u2019il faut faire c\u2019est diminuer le temps de travail jusqu\u2019\u00e0 arrive au plein emploi. En Espagne, il y a pr\u00e8s de 6 millions de ch\u00f4meurs entre lesquels on r\u00e9partira le travail au lieu de faire travailler plus ceux qui en ont d\u00e9j\u00e0\u00a0;<\/h3>\n<h3 style=\"text-align: justify;\">&#8211;\u00a0\u00a0\u00a0\u00a0\u00a0\u00a0\u00a0\u00a0 Face aux fermetures et aux licenciements\u00a0: occupation et autogestion par les travailleurs. Comme cela s\u2019est fait en Argentine, dans bien d\u2019autres lieux et aussi ici en Espagne depuis quelques ann\u00e9es. Et comme cela se fait de plus en plus en Gr\u00e8ce. Cela fonctionne mais on n\u2019en parle pas \u00e0 la t\u00e9l\u00e9\u00a0;<\/h3>\n<h3 style=\"text-align: justify;\">&#8211;\u00a0\u00a0\u00a0\u00a0\u00a0\u00a0\u00a0\u00a0 Tous les services publics doivent appartenir aux travailleurs et aux communaut\u00e9s qui les utilisent. Il faut les socialiser, face \u00e0 la privatisation et face au contr\u00f4le \u00e9tatique qui entra\u00eenent un mauvais fonctionnement et qui ne rapportent qu\u2019\u00e0 quelques uns\u00a0;<\/h3>\n<h3 style=\"text-align: justify;\">&#8211;\u00a0\u00a0\u00a0\u00a0\u00a0\u00a0\u00a0\u00a0 Annulation de toutes les hypoth\u00e8ques et loyers\u00a0: le logement doit appartenir \u00e0 celui qui y vit\u00a0;<\/h3>\n<h3 style=\"text-align: justify;\">&#8211;\u00a0\u00a0\u00a0\u00a0\u00a0\u00a0\u00a0\u00a0 Collectivisation et socialisation de toutes les terres et industries agroalimentaires. Il faut aller au-del\u00e0 du mod\u00e8le actuel de coop\u00e9ratives qui dans la majorit\u00e9 des cas ne sert pas \u00e0 une v\u00e9ritable \u00e9mancipation. Il faut garantir l\u2019alimentation de tous et non le n\u00e9goce des multinationales\u00a0;<\/h3>\n<h3 style=\"text-align: justify;\">&#8211;\u00a0\u00a0\u00a0\u00a0\u00a0\u00a0\u00a0\u00a0 Appropriation sociale de la production \u00e9nerg\u00e9tique, en favorisant les \u00e9nergies renouvelables (dont le d\u00e9veloppement appartient aujourd\u2019hui au domaine priv\u00e9 alors que tous nous les subventionnons). En favorisant aussi l\u2019auto approvisionnement et l\u2019autoproduction \u00e0 l\u2019\u00e9chelle locale\u00a0;<\/h3>\n<h3 style=\"text-align: justify;\">&#8211;\u00a0\u00a0\u00a0\u00a0\u00a0\u00a0\u00a0\u00a0 Gratuit\u00e9 et socialisation des transports publics avec une priorit\u00e9 absolue sur le domaine priv\u00e9. Pour cela il faut d\u00e9fendre et appuyer, solidairement, les travailleurs de RENFE, ADIF et FEVE, leurs mobilisations et la gr\u00e8ve du 3 ao\u00fbt\u00a0;<\/h3>\n<h3 style=\"text-align: justify;\">&#8211;\u00a0\u00a0\u00a0\u00a0\u00a0\u00a0\u00a0\u00a0 Contr\u00f4le total par les communaut\u00e9s locales de l a formation et des emplois dans le domaine des \u00e9cosyst\u00e8mes et de leur conservation. Et r\u00e9parer les d\u00e9g\u00e2ts que nous avons occasionn\u00e9s. Cela cr\u00e9era beaucoup d\u2019emplois et garantira l\u2019avenir de tous. Si on faisait ainsi la moiti\u00e9 de l\u2019Espagne ne serait pas en train de br\u00fbler\u00a0;<\/h3>\n<h3 style=\"text-align: justify;\">&#8211;\u00a0\u00a0\u00a0\u00a0\u00a0\u00a0\u00a0\u00a0 Appropriation par le peuple et les mouvements sociaux de tous les moyens d\u2019information qui sont aujourd\u2019hui au service du pouvoir\u00a0;<\/h3>\n<h3 style=\"text-align: justify;\">&#8211;\u00a0\u00a0\u00a0\u00a0\u00a0\u00a0\u00a0\u00a0 Enfin un mod\u00e8le de production bas\u00e9 sur les besoins r\u00e9els des gens et non du capital.<\/h3>\n<h3 style=\"text-align: justify;\">Les mouvements sociaux, de plus, doivent tenir compte de l\u2019\u00e9chelle mondiale. Ils doivent se d\u00e9velopper selon une solidarit\u00e9 internationales car la crise est mondiale et globale\u00a0: elle se manifeste, quoique sous des formes distinctes, partout sur la plan\u00e8te. Aussi la sortie sous forme de R\u00e9volution sociale doit se d\u00e9velopper \u00e0 l\u2019\u00e9chelle mondiale.<\/h3>\n<h3 style=\"text-align: justify;\">Le noyau des militants Rouge et Vert dans la Mancha luttera pour impulser ces mesures dans les luttes qui se d\u00e9roulent ici. \u00a0Nous continuerons \u00e0 participer, sans souci d\u2019h\u00e9g\u00e9monie (comme nous l\u2019avons fait jusqu\u2019\u00e0 pr\u00e9sent) \u00e0 tous les mouvements sociaux qui luttent contre la crise. Nous impulserons des formes de lutte directe, de r\u00e9sistance et de d\u00e9sob\u00e9issance civile dans le contexte\u00a0 de la convocation du Congr\u00e8s du 25 septembre. Et nous lutterons pour que la Gr\u00e8ve G\u00e9n\u00e9rale annonc\u00e9e en Euskadi et en Navarre pour le 26 septembre s\u2019\u00e9tende\u00a0 \u00e0 notre r\u00e9gion \u00e0 tout le pays.<\/h3>\n<h3 style=\"text-align: justify;\">Seule la R\u00e9volution sociale nous sortira de la crise\u00a0!<\/h3>\n<h3 style=\"text-align: justify;\">Organise-toi et lutte\u00a0!<\/h3>\n<p>27\/07\/2012.<\/p>\n<gcse:search><\/gcse:search>","protected":false},"excerpt":{"rendered":"<p>Communiqu\u00e9 du noyau de militants des Alternatifs Rouge et Vert de la Mancha (Espagne)\u00a0 27\/07\/2012 http:\/\/altermundialistas.wordpress.com\/2012\/07\/27\/porque-no-hay-otra-solucion-a-la-revolucion-social\/ \u00a0La crise non seulement continue mais elle s\u2019aggrave, chaque jour pire. Il n\u2019y a pas de sortie du capitalisme, ce syst\u00e8me \u00e9tant en crise terminale. On voit comment les gouvernements (tous, ceux d\u2019aujourd\u2019hui et d\u2019hier) ne savent que faire, [&hellip;]<\/p>\n","protected":false},"author":1,"featured_media":0,"comment_status":"open","ping_status":"closed","sticky":false,"template":"","format":"standard","meta":{"footnotes":""},"categories":[275,15,126,147,6,244],"tags":[],"class_list":["post-6125","post","type-post","status-publish","format-standard","hentry","category-a-gauche-toute","category-autogestion","category-gauche-de-combat","category-international","category-notre-projet","category-point-de-vue"],"_links":{"self":[{"href":"https:\/\/alternatifs81.fr\/index.php?rest_route=\/wp\/v2\/posts\/6125","targetHints":{"allow":["GET"]}}],"collection":[{"href":"https:\/\/alternatifs81.fr\/index.php?rest_route=\/wp\/v2\/posts"}],"about":[{"href":"https:\/\/alternatifs81.fr\/index.php?rest_route=\/wp\/v2\/types\/post"}],"author":[{"embeddable":true,"href":"https:\/\/alternatifs81.fr\/index.php?rest_route=\/wp\/v2\/users\/1"}],"replies":[{"embeddable":true,"href":"https:\/\/alternatifs81.fr\/index.php?rest_route=%2Fwp%2Fv2%2Fcomments&post=6125"}],"version-history":[{"count":0,"href":"https:\/\/alternatifs81.fr\/index.php?rest_route=\/wp\/v2\/posts\/6125\/revisions"}],"wp:attachment":[{"href":"https:\/\/alternatifs81.fr\/index.php?rest_route=%2Fwp%2Fv2%2Fmedia&parent=6125"}],"wp:term":[{"taxonomy":"category","embeddable":true,"href":"https:\/\/alternatifs81.fr\/index.php?rest_route=%2Fwp%2Fv2%2Fcategories&post=6125"},{"taxonomy":"post_tag","embeddable":true,"href":"https:\/\/alternatifs81.fr\/index.php?rest_route=%2Fwp%2Fv2%2Ftags&post=6125"}],"curies":[{"name":"wp","href":"https:\/\/api.w.org\/{rel}","templated":true}]}}