{"id":6120,"date":"2012-09-23T13:16:58","date_gmt":"2012-09-23T12:16:58","guid":{"rendered":"http:\/\/alternatifs81.fr\/?p=6120"},"modified":"2012-09-26T12:00:24","modified_gmt":"2012-09-26T11:00:24","slug":"non-au-nouveau-traite-europeen-de-l%e2%80%99austerite-tscg","status":"publish","type":"post","link":"https:\/\/alternatifs81.fr\/?p=6120","title":{"rendered":"NON au nouveau trait\u00e9 europ\u00e9en de l\u2019aust\u00e9rit\u00e9 (TSCG)"},"content":{"rendered":"<h3><a href=\"http:\/\/alternatifs81.fr\/wp-content\/uploads\/aff5.jpg\" rel=\"lightbox[6120]\"><img loading=\"lazy\" decoding=\"async\" class=\"alignleft size-medium wp-image-6121\" style=\"margin: 11px;\" title=\"aff5\" src=\"http:\/\/alternatifs81.fr\/wp-content\/uploads\/aff5-300x271.jpg\" alt=\"\" width=\"300\" height=\"271\" srcset=\"https:\/\/alternatifs81.fr\/wp-content\/uploads\/aff5-300x271.jpg 300w, https:\/\/alternatifs81.fr\/wp-content\/uploads\/aff5.jpg 320w\" sizes=\"auto, (max-width: 300px) 100vw, 300px\" \/><\/a>La ratification du Pacte budg\u00e9taire europ\u00e9en (Trait\u00e9 sur la stabilit\u00e9, la coordination et la gouvernance de l\u2019Union mon\u00e9taire europ\u00e9enne) par la France d\u00e9but octobre serait un \u00e9v\u00e8nement grave. Ce Pacte budg\u00e9taire aggrave les politiques n\u00e9olib\u00e9rales mises en place dans l\u2019Union europ\u00e9enne depuis des ann\u00e9es et qui ont men\u00e9 aux probl\u00e8mes actuels de la zone euro. Il imposerait durablement, hors de tout contr\u00f4le d\u00e9mocratique, une politique d&rsquo;aust\u00e9rit\u00e9 facteur de mis\u00e8re et de r\u00e9cession comme on le voit aujourd\u2019hui en Gr\u00e8ce et dans la plupart des pays du sud de l\u2019Europe.<\/h3>\n<h3 style=\"text-align: justify;\">Les organisations suivantes, ADECR (Association d\u00e9partementale des \u00e9lus communistes et r\u00e9publicains), Association pour une dynamique du Front de Gauche Tarn, Alternatifs, ATTAC, Nouveau Parti Anticapitaliste, Parti Communiste Fran\u00e7ais, Parti de Gauche, P\u00f4le de Renaissance Communiste en France, Parti Ouvrier Ind\u00e9pendant, FSU et Solidaires ont d\u00e9cid\u00e9 de mener des actions communes pour obtenir le retrait du TSCG.<\/h3>\n<h3 style=\"text-align: justify;\">Nous allons mener ensemble une vaste campagne d&rsquo;\u00e9ducation populaire et de mobilisation citoyenne avec, en particulier :<\/h3>\n<h2 style=\"text-align: center;\"><span style=\"color: #0000ff;\">R\u00e9union publique 25\/09 \u00e0 20 h Castres, Salle G\u00e9rard Philippe<!--more--><\/span><\/h2>\n<h2 style=\"text-align: center;\"><span style=\"color: #008000;\">Manifestation nationale unitaire 30 septembre \u00e0 Paris<\/span><\/h2>\n<h3 style=\"text-align: justify;\">L&rsquo;intervention des citoyens dans le d\u00e9bat d\u00e9mocratique doit convaincre les parlementaires, particuli\u00e8rement celles et ceux qui ont \u00e9t\u00e9 \u00e9lus sur la promesse d&rsquo;une ren\u00e9gociation de ce Pacte budg\u00e9taire, de refuser \u00a0sa ratification et d&rsquo;ouvrir ainsi une autre voie pour tous les peuples d&rsquo; Europe..<\/h3>\n<h3 style=\"text-align: justify;\">Nous appelons toutes les organisations associatives, syndicales et politiques progressistes attach\u00e9es \u00e0 la d\u00e9mocratie et la souverainet\u00e9 du peuple \u00e0 rejoindre notre rassemblement.<\/h3>\n<p style=\"text-align: justify;\"><span style=\"color: #008000;\"><strong><em>Pour comprendre le TSCG en quelques minutes, suivre ce lien:<\/em><\/strong> <\/span><\/p>\n<p style=\"text-align: justify;\"><a href=\"http:\/\/www.youtube.com\/watch?v=6T8E9DCMKhc&amp;feature=player_embedded#t=0s\">http:\/\/www.youtube.com\/watch?v=6T8E9DCMKhc&amp;feature=player_embedded#t=0s<\/a><\/p>\n<gcse:search><\/gcse:search>","protected":false},"excerpt":{"rendered":"<p>La ratification du Pacte budg\u00e9taire europ\u00e9en (Trait\u00e9 sur la stabilit\u00e9, la coordination et la gouvernance de l\u2019Union mon\u00e9taire europ\u00e9enne) par la France d\u00e9but octobre serait un \u00e9v\u00e8nement grave. Ce Pacte budg\u00e9taire aggrave les politiques n\u00e9olib\u00e9rales mises en place dans l\u2019Union europ\u00e9enne depuis des ann\u00e9es et qui ont men\u00e9 aux probl\u00e8mes actuels de la zone euro. [&hellip;]<\/p>\n","protected":false},"author":1,"featured_media":0,"comment_status":"open","ping_status":"closed","sticky":false,"template":"","format":"standard","meta":{"footnotes":""},"categories":[126,232,244],"tags":[103,51],"class_list":["post-6120","post","type-post","status-publish","format-standard","hentry","category-gauche-de-combat","category-notre-economie-et-la-leur","category-point-de-vue","tag-demarche-citoyenne","tag-reunion-publique"],"_links":{"self":[{"href":"https:\/\/alternatifs81.fr\/index.php?rest_route=\/wp\/v2\/posts\/6120","targetHints":{"allow":["GET"]}}],"collection":[{"href":"https:\/\/alternatifs81.fr\/index.php?rest_route=\/wp\/v2\/posts"}],"about":[{"href":"https:\/\/alternatifs81.fr\/index.php?rest_route=\/wp\/v2\/types\/post"}],"author":[{"embeddable":true,"href":"https:\/\/alternatifs81.fr\/index.php?rest_route=\/wp\/v2\/users\/1"}],"replies":[{"embeddable":true,"href":"https:\/\/alternatifs81.fr\/index.php?rest_route=%2Fwp%2Fv2%2Fcomments&post=6120"}],"version-history":[{"count":0,"href":"https:\/\/alternatifs81.fr\/index.php?rest_route=\/wp\/v2\/posts\/6120\/revisions"}],"wp:attachment":[{"href":"https:\/\/alternatifs81.fr\/index.php?rest_route=%2Fwp%2Fv2%2Fmedia&parent=6120"}],"wp:term":[{"taxonomy":"category","embeddable":true,"href":"https:\/\/alternatifs81.fr\/index.php?rest_route=%2Fwp%2Fv2%2Fcategories&post=6120"},{"taxonomy":"post_tag","embeddable":true,"href":"https:\/\/alternatifs81.fr\/index.php?rest_route=%2Fwp%2Fv2%2Ftags&post=6120"}],"curies":[{"name":"wp","href":"https:\/\/api.w.org\/{rel}","templated":true}]}}