{"id":6098,"date":"2012-09-15T14:57:24","date_gmt":"2012-09-15T13:57:24","guid":{"rendered":"http:\/\/alternatifs81.fr\/?p=6098"},"modified":"2012-09-19T19:37:46","modified_gmt":"2012-09-19T18:37:46","slug":"appel-de-feministes-contre-le-pacte-budgetaire","status":"publish","type":"post","link":"https:\/\/alternatifs81.fr\/?p=6098","title":{"rendered":"Appel de f\u00e9ministes contre le Pacte budg\u00e9taire"},"content":{"rendered":"<div style=\"text-align: justify;\"><strong><a href=\"http:\/\/alternatifs81.fr\/wp-content\/uploads\/FMINIS15.jpg\" rel=\"lightbox[6098]\"><img loading=\"lazy\" decoding=\"async\" class=\"alignleft size-full wp-image-6108\" style=\"margin: 10px;\" title=\"FMINIS~1\" src=\"http:\/\/alternatifs81.fr\/wp-content\/uploads\/FMINIS15.jpg\" alt=\"\" width=\"124\" height=\"150\" \/><\/a>Le Trait\u00e9 pour la stabilit\u00e9, la coordination et la gouvernance (TSCG) de la zone euro, dit Pacte budg\u00e9taire, sera soumis en octobre 2012 au vote du Parlement. Ce pacte, en durcissant encore les r\u00e8gles qui encadrent les budgets publics des \u00c9tats, franchit une \u00e9tape majeure dans l\u2019imposition d\u2019une aust\u00e9rit\u00e9 permanente. <\/strong><strong>Or d\u00e9j\u00e0, les plans d\u2019aust\u00e9rit\u00e9 appliqu\u00e9s dans les pays europ\u00e9ens ont des cons\u00e9quences tr\u00e8s n\u00e9gatives sur les populations et, en touchant plus durement les plus pr\u00e9caires, accroissent encore les in\u00e9galit\u00e9s. <\/strong><br \/>\n<strong><br \/>\n<\/strong><strong>L\u2019aust\u00e9rit\u00e9 est non seulement inacceptable sur le plan social, mais elle ne permet pas de sortir de la crise : les revenus des m\u00e9nages stagnent ou baissent comme donc leur consommation ; de m\u00eame les investissements des<!--more-->\u00a0entreprises ; l\u2019activit\u00e9 \u00e9conomique ralentit, entra\u00eenant une baisse des recettes fiscales, d\u2019o\u00f9 des difficult\u00e9s suppl\u00e9mentaires pour diminuer le d\u00e9ficit public, \u00e0 l\u2019oppos\u00e9 du but vis\u00e9. Les \u00c9tats empruntent alors aux march\u00e9s financiers, ce qui accro\u00eet l\u2019endettement et sert de pr\u00e9texte \u00e0 ces march\u00e9s pour exiger un nouveau tour de vis. <\/strong><br \/>\n<strong><br \/>\n<\/strong><strong>Cette situation n\u2019a rien d\u2019in\u00e9luctable, elle est le r\u00e9sultat des choix politiques qui ont \u00e9t\u00e9 faits pour la construction n\u00e9olib\u00e9rale de l\u2019Europe : la r\u00e8gle qui oblige les \u00c9tats \u00e0 se financer aupr\u00e8s des march\u00e9s financiers, ce qui leur offre une rente sur un plateau et un pouvoir exorbitant, peut et doit \u00eatre chang\u00e9e. <\/strong><br \/>\n<strong>\u00a0<\/strong><br \/>\n<a name=\"more\"><\/a><strong><br \/>\n<\/strong><br \/>\n<strong>En outre, le Pacte budg\u00e9taire instaure un contr\u00f4le pr\u00e9alable des budgets publics par la Commission europ\u00e9enne, ainsi que des sanctions en cas de non-respect des r\u00e8gles. Loin de remettre en cause le diktat de la finance, les nouvelles normes ont pour objet de <em>\u00ab rassurer les march\u00e9s financiers \u00bb.<\/em> Le Pacte parach\u00e8ve ainsi la construction n\u00e9olib\u00e9rale de l\u2019Europe, constitue une menace pour la d\u00e9mocratie et pour les droits des populations. Sa ratification par le Parlement aboutirait \u00e0 une r\u00e9gression sociale sans pr\u00e9c\u00e9dent. <\/strong><br \/>\n<strong><br \/>\n<\/strong><strong>Comme de nombreux rapports l\u2019ont montr\u00e9, m\u00eame si toutes les couches populaires sont concern\u00e9es, les femmes subissent plus durement les mesures d\u2019aust\u00e9rit\u00e9, faites de coupes dans les services publics et la protection sociale. D\u00e9j\u00e0, parce qu\u2019elles forment la grande majorit\u00e9 des pr\u00e9caires, sont plus souvent au ch\u00f4mage et en sous-emploi. Ensuite, en tant que responsables principales de la famille, elles sont les premi\u00e8res usag\u00e8res de ces services, les principales allocataires des prestations sociales et familiales. Du fait de leur recul et du d\u00e9mant\u00e8lement progressif de l\u2019\u00c9tat social, les femmes sont contraintes d\u2019assurer tout ce qui n\u2019est plus pris en charge par la collectivit\u00e9 ; leur travail (invisible) dans la sph\u00e8re priv\u00e9e augmente, leur r\u00f4le traditionnel dans la famille s\u2019en trouve renforc\u00e9, au d\u00e9triment de leur travail r\u00e9mun\u00e9r\u00e9, de leur autonomie, voire de leur sant\u00e9. <\/strong><br \/>\n<strong><br \/>\n<\/strong><strong>Les femmes sont \u00e9galement les premi\u00e8res touch\u00e9es par les baisses d\u2019effectifs et de r\u00e9mun\u00e9ration dans le secteur public, car elles en constituent presque partout la majorit\u00e9 des employ\u00e9es. Premi\u00e8res touch\u00e9es encore par les \u00ab r\u00e9formes \u00bb des retraites qui ont \u00e9t\u00e9 men\u00e9es dans le cadre des restrictions budg\u00e9taires. Les droits des femmes sont menac\u00e9s, et r\u00e9gressent, lorsque les coupes touchent les services de sant\u00e9 sexuelle et reproductive, les subventions aux organismes de lutte contre les violences faites aux femmes, ou encore lorsque de nombreuses maternit\u00e9s et centres d\u2019IVG ferment, comme c\u2019est le cas en France. <\/strong><br \/>\n<strong><br \/>\n<\/strong><strong>Alors que des investissements publics massifs sont indispensables en mati\u00e8re de protection sociale, de services publics et d\u2019emploi pour r\u00e9pondre aux besoins sociaux et environnementaux et r\u00e9duire les in\u00e9galit\u00e9s, le Pacte budg\u00e9taire impose une restriction durable des finances publiques et interdit concr\u00e8tement toute \u00e9volution vers le progr\u00e8s social. Alors que les in\u00e9galit\u00e9s entre les femmes et les hommes sont plus que jamais inacceptables, il est urgent de cr\u00e9er un service public de cr\u00e8ches et des services d\u2019aide \u00e0 la d\u00e9pendance, de renforcer les services sociaux et de sant\u00e9 en personnels et en moyens. Or ce Pacte, en rendant impossibles ces politiques et en p\u00e9rennisant l\u2019aust\u00e9rit\u00e9, aggrave les in\u00e9galit\u00e9s entre les sexes. <\/strong><br \/>\n<strong><br \/>\n<\/strong><strong>Nous refusons le Pacte budg\u00e9taire qui condamne l\u2019avenir, sacrifie la d\u00e9mocratie et le bien-\u00eatre des populations \u00e0 la satisfaction des exigences des march\u00e9s financiers. Nous appelons \u00e0 la construction des r\u00e9sistances et des alternatives \u00e0 l\u2019aust\u00e9rit\u00e9 en France et en Europe. Nous appelons \u00e0 y porter les alternatives f\u00e9ministes pour une autre Europe. Nous appelons \u00e0 la manifestation unitaire organis\u00e9e le 30 septembre par de nombreuses associations, organisations syndicales, partis et collectifs d\u2019audit citoyen contre le Pacte budg\u00e9taire, contre l\u2019aust\u00e9rit\u00e9 et pour un d\u00e9bat d\u00e9mocratique. <\/strong><br \/>\n<strong><br \/>\n<\/strong><strong><span style=\"text-decoration: underline;\">Premi\u00e8res signataires :<\/span> <span style=\"color: #0000ff;\"><em>Cl\u00e9mentine AUTAIN (directrice de Regards), Ana AZARIA (pr\u00e9sidente Femmes \u00e9galit\u00e9), Martine BASSET (CGT), Francine BAVAY (conseill\u00e8re r\u00e9gionale EELV), Delphine BEAUVOIS (secr\u00e9taire nationale du PG), Fatima-Ezzahra BENOMAR (Les efFRONT\u00e9-es), Martine BILLARD (copr\u00e9sidente du PG), Catherine BLOCH LONDON (Attac, CNDF), Nicole BORVO (s\u00e9natrice PCF), Thalia BRETON (porte-parole d\u2019Osez le f\u00e9minisme), Mireille BRUY\u00c8RE (\u00c9conomistes atterr\u00e9s), Marie Georges BUFFET (d\u00e9put\u00e9e PCF), Danielle CARASCO (Planning<\/em> <\/span><em><span style=\"color: #0000ff;\">familial 69), Marie CERVETI (FIT), Leila CHAIBI (La Pelle et la Pioche), Laurence COHEN (s\u00e9natrice PCF), Annick COUP\u00c9 (porte-parole de l\u2019Union syndicale Solidaires), Sandra DEMARCQ (NPA), Monique DENTAL (R\u00e9seau F\u00e9ministe \u00ab Ruptures \u00bb), Mich\u00e8le ERNIS (Gauche unitaire), Gwena\u00eblle FERRE (Collectif f\u00e9minin masculin), Mireille FERRI (EELV), Jocelyne FILDARD (CLF), Pascal FRANCHET (CADTM), Elisabeth GAUTHIER (Espaces Marx \/Transform ! Europe), Brigitte Gonthier-Maurin (s\u00e9natrice PCF), B\u00e9n\u00e9dicte GOUSSAULT (FASE), Magali de HAAS (porte-parole d\u2019Osez le f\u00e9minisme), Lilian HALLS-FRENCH (Initiative F\u00e9ministe Europ\u00e9enne IFE-EFI), Chantal HERSEMEULE (SOS Femmes accueil 72), Esther JEFFERS (\u00c9conomistes atterr\u00e9s), V\u00e9ronique LAMY (porte-parole du PCOF), Catherine LEBRUN (porte-parole de l\u2019Union syndicale Solidaires), Anne LECLERC (Gauche anticapitaliste), Nelly MARTIN (Marche Mondiale des Femmes), Christiane MARTY (Attac, Fondation Copernic), Caroline MECARY (copr\u00e9sidente de Fondation Copernic), Muriel NAESSENS (F\u00e9minisme enjeux), Christine POUPIN (NPA), Roselyne ROLLIER (Maison des femmes de Montreuil), Suzy ROTJMAN (porte-parole du CNDF), Laurence SAUVAGE (secr\u00e9taire nationale du PG), Maya SURDUTS (porte-parole du CNDF, CADAC), Mich\u00e8le RIOT-SARCEY (historienne), Patricia TEJAS (F\u00e9d\u00e9ration des finances CGT), Nora TENENBAUM (CADAC), Josette TRAT (Cahiers du f\u00e9minisme), St\u00e9phanie TREILLET (Convergences et alternative), Marie-Pierre TOUBHANS (porte-parole de Gauche unitaire), Aur\u00e9lie TROUV\u00c9 (copr\u00e9sidente d\u2019Attac), Marl\u00e8ne TUININGA (Ligue internationale des Femmes pour la Paix et la Libert\u00e9, WILPF), Moruni TURLOT (Lesbiennes Of Color), Sophie ZAFARI (syndicaliste, FSU), Henriette ZOUGHEBI (vice-pr\u00e9sidente du Conseil R\u00e9gional IDF)&#8230; <\/span><\/em><\/strong><br \/>\n<strong><br \/>\n<\/strong><strong><span style=\"text-decoration: underline;\">Contacts :<\/span> <em><span style=\"color: #0000ff;\">Christiane Marty, fondation.copernic@fondation-copernic.org<\/span><\/em><\/strong><br \/>\n<em><span style=\"color: #0000ff;\"><strong>Maya Surduts, colcadac@club-internet.fr <\/strong><br \/>\n<\/span><\/em><strong><br \/>\n<\/strong><strong><span style=\"color: #008000;\">L\u2019appel peut \u00eatre sign\u00e9 en ligne sur le site www.petitionpublique.fr<\/span><\/strong><\/div>\n<gcse:search><\/gcse:search>","protected":false},"excerpt":{"rendered":"<p>Le Trait\u00e9 pour la stabilit\u00e9, la coordination et la gouvernance (TSCG) de la zone euro, dit Pacte budg\u00e9taire, sera soumis en octobre 2012 au vote du Parlement. Ce pacte, en durcissant encore les r\u00e8gles qui encadrent les budgets publics des \u00c9tats, franchit une \u00e9tape majeure dans l\u2019imposition d\u2019une aust\u00e9rit\u00e9 permanente. Or d\u00e9j\u00e0, les plans d\u2019aust\u00e9rit\u00e9 [&hellip;]<\/p>\n","protected":false},"author":1,"featured_media":0,"comment_status":"open","ping_status":"closed","sticky":false,"template":"","format":"standard","meta":{"footnotes":""},"categories":[149,126,244],"tags":[400],"class_list":["post-6098","post","type-post","status-publish","format-standard","hentry","category-feminisme","category-gauche-de-combat","category-point-de-vue","tag-feminisme"],"_links":{"self":[{"href":"https:\/\/alternatifs81.fr\/index.php?rest_route=\/wp\/v2\/posts\/6098","targetHints":{"allow":["GET"]}}],"collection":[{"href":"https:\/\/alternatifs81.fr\/index.php?rest_route=\/wp\/v2\/posts"}],"about":[{"href":"https:\/\/alternatifs81.fr\/index.php?rest_route=\/wp\/v2\/types\/post"}],"author":[{"embeddable":true,"href":"https:\/\/alternatifs81.fr\/index.php?rest_route=\/wp\/v2\/users\/1"}],"replies":[{"embeddable":true,"href":"https:\/\/alternatifs81.fr\/index.php?rest_route=%2Fwp%2Fv2%2Fcomments&post=6098"}],"version-history":[{"count":0,"href":"https:\/\/alternatifs81.fr\/index.php?rest_route=\/wp\/v2\/posts\/6098\/revisions"}],"wp:attachment":[{"href":"https:\/\/alternatifs81.fr\/index.php?rest_route=%2Fwp%2Fv2%2Fmedia&parent=6098"}],"wp:term":[{"taxonomy":"category","embeddable":true,"href":"https:\/\/alternatifs81.fr\/index.php?rest_route=%2Fwp%2Fv2%2Fcategories&post=6098"},{"taxonomy":"post_tag","embeddable":true,"href":"https:\/\/alternatifs81.fr\/index.php?rest_route=%2Fwp%2Fv2%2Ftags&post=6098"}],"curies":[{"name":"wp","href":"https:\/\/api.w.org\/{rel}","templated":true}]}}