{"id":6050,"date":"2012-09-12T14:40:25","date_gmt":"2012-09-12T13:40:25","guid":{"rendered":"http:\/\/alternatifs81.fr\/?p=6050"},"modified":"2012-09-23T13:17:42","modified_gmt":"2012-09-23T12:17:42","slug":"graulhet-22-septembre-demandez-le-programme","status":"publish","type":"post","link":"https:\/\/alternatifs81.fr\/?p=6050","title":{"rendered":"Graulhet, 22 septembre, demandez le programme"},"content":{"rendered":"<h1 style=\"text-align: center;\"><a href=\"http:\/\/alternatifs81.fr\/wp-content\/uploads\/tracta5-jpeg.jpg\" rel=\"lightbox[6050]\"><img loading=\"lazy\" decoding=\"async\" class=\"size-medium wp-image-6068 alignleft\" style=\"margin: 10px;\" title=\"tracta5 jpeg\" src=\"http:\/\/alternatifs81.fr\/wp-content\/uploads\/tracta5-jpeg-207x300.jpg\" alt=\"\" width=\"207\" height=\"300\" srcset=\"https:\/\/alternatifs81.fr\/wp-content\/uploads\/tracta5-jpeg-207x300.jpg 207w, https:\/\/alternatifs81.fr\/wp-content\/uploads\/tracta5-jpeg.jpg 361w\" sizes=\"auto, (max-width: 207px) 100vw, 207px\" \/><\/a><span style=\"color: #ff0000;\">Programme<\/span><\/h1>\n<h1 style=\"text-align: center;\"><span style=\"color: #ff0000;\">(entr\u00e9e gratuite)<\/span><\/h1>\n<p style=\"text-align: center;\"><span style=\"color: #ff0000;\"><strong><span style=\"color: #008000;\">Foyer L\u00e9o Lagrange de Graulhet (\u00e0 c\u00f4t\u00e9 de la Poste)<\/span><\/strong><\/span><\/p>\n<p style=\"text-align: left;\"><span style=\"color: #ff0000;\">10 h : intervention de la Coop\u00e9rative Int\u00e9grale Catalane<\/span><\/p>\n<p style=\"text-align: left;\"><span style=\"color: #008000;\">12 h : repas<\/span><\/p>\n<p style=\"text-align: left;\"><span style=\"color: #ff0000;\">14 h : \u00e9changes, forums<\/span><\/p>\n<p style=\"text-align: left;\"><span style=\"color: #008000;\">17 h : projection du film sur les Brandt et les Fagor<\/span><\/p>\n<p style=\"text-align: left;\"><span style=\"color: #ff0000;\">19 h :\u00a0repas\u00a0<\/span><\/p>\n<p style=\"text-align: left;\"><span style=\"color: #008000;\">20 h 30 : assembl\u00e9e pl\u00e9ni\u00e8re, d\u00e9bat.<\/span><\/p>\n<p style=\"text-align: center;\"><span style=\"color: #000000;\"><strong><span style=\"text-decoration: underline;\">Repas et h\u00e9bergements\u00a0possibles sur place<\/span>\u00a0<\/strong><\/span><span style=\"color: #000000;\"><strong>(inscriptions obligatoires avant le 13 septembre 2012)<\/strong><\/span><\/p>\n<h2 style=\"text-align: center;\"><span style=\"color: #ff0000;\">Intervenants<!--more--><\/span><\/h2>\n<p style=\"text-align: justify;\"><span style=\"color: #000000;\"><strong>Enric Duran :<\/strong> activiste anticapitaliste catalan fondateur de la Coop\u00e9rative Int\u00e9grale Catalane<\/span><\/p>\n<p style=\"text-align: justify;\"><span style=\"color: #000000;\"><strong>Miquel Didac<\/strong> et deux autres membres de la C.I.C.<\/span><\/p>\n<p style=\"text-align: justify;\"><span style=\"color: #000000;\"><strong>Beno\u00eet Borrits (sous r\u00e9serves)\u00a0: <\/strong>\u00a0militant des Alternatifs (commission nationale \u00ab\u00a0autogestion\u00a0\u00bb)<\/span><\/p>\n<p style=\"text-align: justify;\"><span style=\"color: #000000;\"><strong>Richard Neuville :<\/strong> syndicaliste, militant autogestionnaire et internationaliste<\/span><\/p>\n<p style=\"text-align: justify;\"><span style=\"color: #000000;\"><strong>Jean-Pierre Petit-Gras :<\/strong> militant engag\u00e9 au Chiapas<\/span><\/p>\n<p style=\"text-align: justify;\"><span style=\"color: #000000;\"><strong>Fr\u00e9d\u00e9ric Font :<\/strong> Conseil National de la R\u00e9sistance 31<\/span><\/p>\n<p style=\"text-align: justify;\"><span style=\"color: #000000;\">et d&rsquo;autres intervenants (Engraine du Tarn&#8230;)<\/span><\/p>\n<p style=\"text-align: justify;\"><span style=\"color: #000000;\">\u00a0<\/span><\/p>\n<p style=\"text-align: center;\"><span style=\"color: #000000;\"><span style=\"color: #ff0000;\">\u00a0Pour plus de renseignements :\u00a0 Fran\u00e7oise et Jean-Beno\u00eet : 05 63 58 46 88 &amp; <\/span><a href=\"mailto:horsotmartinez@aol.com\"><span style=\"color: #ff0000;\">horsotmartinez@aol.com<\/span><\/a><\/span><\/p>\n<p style=\"text-align: justify;\"><span style=\"color: #000000;\">Cette journ\u00e9e est organis\u00e9e par le Collectif Marinaleda (L&rsquo;Altermondialiste, ATTAC Tarn, Confluences 81, Nature et Progr\u00e8s 81, Radio Albig\u00e8s, SEL de Graulhet, des Indign\u00e9-e-s&#8230;)<\/span><\/p>\n<p style=\"text-align: justify;\"><span style=\"color: #000000;\"><strong><em><span style=\"text-decoration: underline;\"><span style=\"color: #008000;\">Pour s&rsquo;y rendre<\/span><\/span><\/em><\/strong> : <a href=\"http:\/\/maps.google.com\/maps?q=Foyer+L%C3%A9o+LAGRANGE+%C3%A0+GRAULHET.&amp;hl=fr\">http:\/\/maps.google.com\/maps?q=Foyer+L%C3%A9o+LAGRANGE+%C3%A0+GRAULHET.&amp;hl=fr<\/a><\/span><\/p>\n<gcse:search><\/gcse:search>","protected":false},"excerpt":{"rendered":"<p>Programme (entr\u00e9e gratuite) Foyer L\u00e9o Lagrange de Graulhet (\u00e0 c\u00f4t\u00e9 de la Poste) 10 h : intervention de la Coop\u00e9rative Int\u00e9grale Catalane 12 h : repas 14 h : \u00e9changes, forums 17 h : projection du film sur les Brandt et les Fagor 19 h :\u00a0repas\u00a0 20 h 30 : assembl\u00e9e pl\u00e9ni\u00e8re, d\u00e9bat. Repas et [&hellip;]<\/p>\n","protected":false},"author":1,"featured_media":0,"comment_status":"open","ping_status":"closed","sticky":false,"template":"","format":"standard","meta":{"footnotes":""},"categories":[15,4,232],"tags":[398,38,23,182,51],"class_list":["post-6050","post","type-post","status-publish","format-standard","hentry","category-autogestion","category-confluences81","category-notre-economie-et-la-leur","tag-autogestion","tag-confluences-81","tag-luttes","tag-marinaleda","tag-reunion-publique"],"_links":{"self":[{"href":"https:\/\/alternatifs81.fr\/index.php?rest_route=\/wp\/v2\/posts\/6050","targetHints":{"allow":["GET"]}}],"collection":[{"href":"https:\/\/alternatifs81.fr\/index.php?rest_route=\/wp\/v2\/posts"}],"about":[{"href":"https:\/\/alternatifs81.fr\/index.php?rest_route=\/wp\/v2\/types\/post"}],"author":[{"embeddable":true,"href":"https:\/\/alternatifs81.fr\/index.php?rest_route=\/wp\/v2\/users\/1"}],"replies":[{"embeddable":true,"href":"https:\/\/alternatifs81.fr\/index.php?rest_route=%2Fwp%2Fv2%2Fcomments&post=6050"}],"version-history":[{"count":0,"href":"https:\/\/alternatifs81.fr\/index.php?rest_route=\/wp\/v2\/posts\/6050\/revisions"}],"wp:attachment":[{"href":"https:\/\/alternatifs81.fr\/index.php?rest_route=%2Fwp%2Fv2%2Fmedia&parent=6050"}],"wp:term":[{"taxonomy":"category","embeddable":true,"href":"https:\/\/alternatifs81.fr\/index.php?rest_route=%2Fwp%2Fv2%2Fcategories&post=6050"},{"taxonomy":"post_tag","embeddable":true,"href":"https:\/\/alternatifs81.fr\/index.php?rest_route=%2Fwp%2Fv2%2Ftags&post=6050"}],"curies":[{"name":"wp","href":"https:\/\/api.w.org\/{rel}","templated":true}]}}