{"id":6035,"date":"2012-09-05T13:29:09","date_gmt":"2012-09-05T12:29:09","guid":{"rendered":"http:\/\/alternatifs81.fr\/?p=6035"},"modified":"2012-09-05T13:29:09","modified_gmt":"2012-09-05T12:29:09","slug":"video-1ere-reunion-internationale-de-la-red-and-green-alternative-raga-a-ankara","status":"publish","type":"post","link":"https:\/\/alternatifs81.fr\/?p=6035","title":{"rendered":"Vid\u00e9o 1\u00e8re r\u00e9union internationale de la Red And Green Alternative (RAGA) \u00e0 Ankara"},"content":{"rendered":"<p style=\"text-align: justify;\"><strong><em><span style=\"color: #008000;\"><span style=\"color: #808000;\"><a href=\"http:\/\/alternatifs81.fr\/wp-content\/uploads\/raga1.jpg\" rel=\"lightbox[6035]\"><img loading=\"lazy\" decoding=\"async\" class=\"alignleft size-full wp-image-6037\" style=\"margin: 12px;\" title=\"raga\" src=\"http:\/\/alternatifs81.fr\/wp-content\/uploads\/raga1.jpg\" alt=\"\" width=\"170\" height=\"134\" \/><\/a>La rencontre de RAGA \u00e0 Istanbul du 5 au 8 juillet 2012 a r\u00e9uni des organisations socialistes et \u00e9cologistes telle que Ye\u015fil Ve Sol (Turquie), Les Alternatifs (France), l\u2019Alliance for Green Socialism (GB), Los Alternativos\/ARYV Espagne, Os Alternativos Autogestionarios\/ AVEV-Br\u00e9sil et d\u2019autres<\/span>. Cette rencontre a explor\u00e9 les questions rouges et vertes dans le monde aujourd\u2019hui et cherch\u00e9 \u00e0 construire un projet rouge et vert d\u2019\u00e9mancipation au travers de notre r\u00e9seau anticapitaliste et \u00e9cologiste. <\/span><\/em><\/strong><\/p>\n<p style=\"text-align: justify;\"><strong><em><span style=\"color: #800000;\">Une premi\u00e8re video de cet \u00e9v\u00e8nement a \u00e9t\u00e9 pr\u00e9sent\u00e9e lors de notre Universit\u00e9 d&rsquo;\u00e9t\u00e9 \u00e0 MEAUDRE . En voici le lien : <\/span><\/em><\/strong><\/p>\n<p><a href=\"http:\/\/www.youtube.com\/watch?v=mya_uFbjgyY&amp;feature=plcp\" target=\"http:\/\/www.youtube.com\/watch?v=mya_uFbjgyY&amp;feature=plcp\"><strong><em>http:\/\/www.youtube.com\/watch?v=mya_uFbjgyY&amp;feature=plcp<\/em><\/strong><\/a><\/p>\n<gcse:search><\/gcse:search>","protected":false},"excerpt":{"rendered":"<p>La rencontre de RAGA \u00e0 Istanbul du 5 au 8 juillet 2012 a r\u00e9uni des organisations socialistes et \u00e9cologistes telle que Ye\u015fil Ve Sol (Turquie), Les Alternatifs (France), l\u2019Alliance for Green Socialism (GB), Los Alternativos\/ARYV Espagne, Os Alternativos Autogestionarios\/ AVEV-Br\u00e9sil et d\u2019autres. Cette rencontre a explor\u00e9 les questions rouges et vertes dans le monde aujourd\u2019hui [&hellip;]<\/p>\n","protected":false},"author":1,"featured_media":0,"comment_status":"open","ping_status":"closed","sticky":false,"template":"","format":"standard","meta":{"footnotes":""},"categories":[125,126,147,123,193,246],"tags":[34],"class_list":["post-6035","post","type-post","status-publish","format-standard","hentry","category-ecologie","category-gauche-de-combat","category-international","category-rouge-et-vert","category-social","category-transition-energetique-2","tag-alternatifs"],"_links":{"self":[{"href":"https:\/\/alternatifs81.fr\/index.php?rest_route=\/wp\/v2\/posts\/6035","targetHints":{"allow":["GET"]}}],"collection":[{"href":"https:\/\/alternatifs81.fr\/index.php?rest_route=\/wp\/v2\/posts"}],"about":[{"href":"https:\/\/alternatifs81.fr\/index.php?rest_route=\/wp\/v2\/types\/post"}],"author":[{"embeddable":true,"href":"https:\/\/alternatifs81.fr\/index.php?rest_route=\/wp\/v2\/users\/1"}],"replies":[{"embeddable":true,"href":"https:\/\/alternatifs81.fr\/index.php?rest_route=%2Fwp%2Fv2%2Fcomments&post=6035"}],"version-history":[{"count":0,"href":"https:\/\/alternatifs81.fr\/index.php?rest_route=\/wp\/v2\/posts\/6035\/revisions"}],"wp:attachment":[{"href":"https:\/\/alternatifs81.fr\/index.php?rest_route=%2Fwp%2Fv2%2Fmedia&parent=6035"}],"wp:term":[{"taxonomy":"category","embeddable":true,"href":"https:\/\/alternatifs81.fr\/index.php?rest_route=%2Fwp%2Fv2%2Fcategories&post=6035"},{"taxonomy":"post_tag","embeddable":true,"href":"https:\/\/alternatifs81.fr\/index.php?rest_route=%2Fwp%2Fv2%2Ftags&post=6035"}],"curies":[{"name":"wp","href":"https:\/\/api.w.org\/{rel}","templated":true}]}}