{"id":6018,"date":"2012-09-04T21:05:00","date_gmt":"2012-09-04T20:05:00","guid":{"rendered":"http:\/\/alternatifs81.fr\/?p=6018"},"modified":"2012-09-05T20:34:33","modified_gmt":"2012-09-05T19:34:33","slug":"rouge-et-vert-n%c2%b0347-quelques-moments-de-notre-universite-dete","status":"publish","type":"post","link":"https:\/\/alternatifs81.fr\/?p=6018","title":{"rendered":"Rouge et Vert n\u00b0347 : quelques moments forts de notre Universit\u00e9 d&rsquo;\u00e9t\u00e9. . ."},"content":{"rendered":"<h1><span style=\"color: #808000;\">Rouge et Vert n\u00b0347<\/span><\/h1>\n<p><!-- finde_surligneconditionnel--><!-- debut_surligneconditionnel --><\/p>\n<div>\n<h3><span style=\"color: #008000;\">Lisez en ligne ce num\u00e9ro 347 du 6 septembre 2012 de Rouge et Vert, le journal de Alternatifs et abonnez-vous pour le recevoir directement chez vous.<\/span><\/h3>\n<\/div>\n<p>\u00a0<\/p>\n<div>\n<p style=\"text-align: center;\"><img loading=\"lazy\" decoding=\"async\" class=\"aligncenter\" style=\"margin-top: 10px; margin-bottom: 10px;\" src=\"http:\/\/www.alternatifs.org\/spip\/local\/cache-vignettes\/L398xH560\/rv347-c8032.jpg\" alt=\"\" width=\"398\" height=\"560\" \/>Formulaire d\u2019abonnement depuis <a href=\"http:\/\/www.alternatifs.org\/spip\/et-si-vous-participiez-a-la\" target=\"_blank\">cette page<\/a>.<\/p>\n<dl>\n<dt><a title=\"PDF - 2.4 Mo\" type=\"application\/pdf\" href=\"http:\/\/www.alternatifs.org\/spip\/IMG\/pdf\/rouge_vert347.pdf\"><img loading=\"lazy\" decoding=\"async\" src=\"http:\/\/www.alternatifs.org\/spip\/local\/cache-vignettes\/L52xH52\/pdf-eb697.png\" alt=\"PDF - 2.4 Mo\" width=\"52\" height=\"52\" \/><\/a> <\/dt>\n<dt><strong>Rouge et Vert n\u00b0347<\/strong> <\/dt>\n<\/dl>\n<\/div>\n<p><a title=\"Enregistrer au format PDF\" href=\"http:\/\/www.alternatifs.org\/spip\/spip.php?page=article_pdf&amp;id_article=1664\"><img loading=\"lazy\" decoding=\"async\" src=\"http:\/\/www.alternatifs.org\/spip\/plugins\/auto\/article_pdf_2_0\/img_pack\/article_pdf.gif\" alt=\"Enregistrer au format PDF\" width=\"24\" height=\"24\" \/> <\/a><\/p>\n<p><!-- finde_surligneconditionnel--><a id=\"forum\" name=\"forum\" href=\"http:\/\/www.alternatifs.org\/spip\/rouge-et-vert-no347#forum\"><\/a><a href=\"http:\/\/www.alternatifs.org\/spip\/spip.php?page=forum&amp;id_article=1664\">R\u00e9pondre \u00e0 cet article<\/a><\/p>\n<gcse:search><\/gcse:search>","protected":false},"excerpt":{"rendered":"<p>Rouge et Vert n\u00b0347 Lisez en ligne ce num\u00e9ro 347 du 6 septembre 2012 de Rouge et Vert, le journal de Alternatifs et abonnez-vous pour le recevoir directement chez vous. \u00a0 Formulaire d\u2019abonnement depuis cette page. Rouge et Vert n\u00b0347 R\u00e9pondre \u00e0 cet article<\/p>\n","protected":false},"author":1,"featured_media":0,"comment_status":"open","ping_status":"closed","sticky":false,"template":"","format":"standard","meta":{"footnotes":""},"categories":[275,123],"tags":[398,101,60,205,98,230,175,58],"class_list":["post-6018","post","type-post","status-publish","format-standard","hentry","category-a-gauche-toute","category-rouge-et-vert","tag-autogestion","tag-espagne","tag-front-de-gauche","tag-grece","tag-palestine","tag-rouge-vert","tag-syrie","tag-tunisie"],"_links":{"self":[{"href":"https:\/\/alternatifs81.fr\/index.php?rest_route=\/wp\/v2\/posts\/6018","targetHints":{"allow":["GET"]}}],"collection":[{"href":"https:\/\/alternatifs81.fr\/index.php?rest_route=\/wp\/v2\/posts"}],"about":[{"href":"https:\/\/alternatifs81.fr\/index.php?rest_route=\/wp\/v2\/types\/post"}],"author":[{"embeddable":true,"href":"https:\/\/alternatifs81.fr\/index.php?rest_route=\/wp\/v2\/users\/1"}],"replies":[{"embeddable":true,"href":"https:\/\/alternatifs81.fr\/index.php?rest_route=%2Fwp%2Fv2%2Fcomments&post=6018"}],"version-history":[{"count":0,"href":"https:\/\/alternatifs81.fr\/index.php?rest_route=\/wp\/v2\/posts\/6018\/revisions"}],"wp:attachment":[{"href":"https:\/\/alternatifs81.fr\/index.php?rest_route=%2Fwp%2Fv2%2Fmedia&parent=6018"}],"wp:term":[{"taxonomy":"category","embeddable":true,"href":"https:\/\/alternatifs81.fr\/index.php?rest_route=%2Fwp%2Fv2%2Fcategories&post=6018"},{"taxonomy":"post_tag","embeddable":true,"href":"https:\/\/alternatifs81.fr\/index.php?rest_route=%2Fwp%2Fv2%2Ftags&post=6018"}],"curies":[{"name":"wp","href":"https:\/\/api.w.org\/{rel}","templated":true}]}}