{"id":5999,"date":"2012-09-04T07:06:33","date_gmt":"2012-09-04T06:06:33","guid":{"rendered":"http:\/\/alternatifs81.fr\/?p=5999"},"modified":"2012-09-04T07:06:33","modified_gmt":"2012-09-04T06:06:33","slug":"ecole-au-chiapas-un-texte-de-jean-pierre-petit-gras","status":"publish","type":"post","link":"https:\/\/alternatifs81.fr\/?p=5999","title":{"rendered":"Ecole au CHIAPAS. Un texte de Jean Pierre PETIT-GRAS"},"content":{"rendered":"<h3 style=\"text-align: justify;\"><em><span style=\"color: #008000;\"><a href=\"http:\/\/alternatifs81.fr\/wp-content\/uploads\/PSU-le-pouvoir-c-est-nous.jpg\" rel=\"lightbox[5999]\"><img loading=\"lazy\" decoding=\"async\" class=\"alignleft size-full wp-image-6000\" style=\"margin: 11px;\" title=\"PSU---le-pouvoir-c-est-nous\" src=\"http:\/\/alternatifs81.fr\/wp-content\/uploads\/PSU-le-pouvoir-c-est-nous.jpg\" alt=\"\" width=\"185\" height=\"122\" \/><\/a>Jean-Pierre \u00a0PETIT-GRAS sera pr\u00e9sent \u00e0 notre journ\u00e9e du 22 septembre \u00e0 Graulhet.<\/span><\/em><\/h3>\n<h3 style=\"text-align: justify;\"><em><span style=\"color: #008000;\">Pour faire connaissance (au cas o\u00f9&#8230;) voici un de ses derniers textes (ci-dessous) :\u00a0\u00a0<\/span><\/em><\/h3>\n<h3 style=\"text-align: justify;\">Depuis 3 ans maintenant, tous les enfants zapatistes, m\u00eame dans les villages et ejidos o\u00f9 leurs parents sont minoritaires, peuvent aller dans les \u00e9coles autonomes. Ils y re\u00e7oivent une \u00e9ducation dans leur langue et en castillan, d\u00e9livr\u00e9e par des promoteurs d&rsquo;\u00e9ducation form\u00e9s dans les \u00e9coles secondaires zapatistes, sur la base de programmes \u00e9labor\u00e9s conjointement avec les parents de chaque communaut\u00e9. L&rsquo;objectif est la transmission des valeurs des peuples mayas et zoques, en m\u00eame temps que la d\u00e9couverte plus globale du monde.<\/h3>\n<h3 style=\"text-align: justify;\">Dans ces \u00e9coles, il n&rsquo;y a pas de comp\u00e9tition entre les enfants, pas de punition, et les anciens sont<!--more-->\u00a0r\u00e9guli\u00e8rement invit\u00e9s \u00e0 venir transmettre leur savoir et leur exp\u00e9rience.<\/h3>\n<h3 style=\"text-align: justify;\">Bri\u00e8vement, on peut dire que cet enseignement permet d&rsquo;approfondir la connaissance aussi bien du milieu naturel que l&rsquo;histoire de leur organisation sociale, complexe, riche et oppos\u00e9e \u00e0 toute hi\u00e9rarchie. Rappelons \u00e9galement que les mayas utilisaient le z\u00e9ro dans leur syst\u00e8me arithm\u00e9tique, mille ans au moins avant les civilisations occidentales.<\/h3>\n<h3 style=\"text-align: justify;\">On comprend que l&rsquo;\u00e9tat mexicain voit dans le syst\u00e8me \u00e9ducatif autonome un r\u00e9el danger. Ces \u00e9coles sont un obstacle aux politiques d&rsquo;assimilation et d&rsquo;acculturation, qui visent \u00e0 faire des indig\u00e8nes des candidats \u00e0 l&rsquo;\u00e9migration, vers les villes ou l&rsquo;\u00e9tranger, pour aller grossir les rangs d&rsquo;un prol\u00e9tariat surexploit\u00e9 et ali\u00e9n\u00e9. Et laisser le champ libre \u00e0 l&rsquo;exploitation \u00ab\u00a0rationnelle\u00a0\u00bb des ressources biologiques, hydrauliques et min\u00e9rales de la r\u00e9gion<\/h3>\n<h3 style=\"text-align: justify;\">D&rsquo;o\u00f9 le d\u00e9veloppement de la guerre de basse intensit\u00e9, qui s&rsquo;appuie sur la paramilitarisation d&rsquo;une partie de la population. Les responsables des partis politiques, de droite comme de gauche, d\u00e9pensent sans compter pour organiser des groupes violents, auxquels ils promettent argent, terres (celles des zapatistes) et impunit\u00e9 s&rsquo;ils font reculer la r\u00e9sistance.\u00a0<\/h3>\n<h3 style=\"text-align: justify;\">L&rsquo;EZLN (arm\u00e9e zapatiste de lib\u00e9ration nationale) s&rsquo;est engag\u00e9e, d\u00e8s sa cr\u00e9ation clandestine en 1983, \u00e0 ne jamais s&rsquo;en prendre \u00e0 des civils. Les zapatistes ne veulent surtout pas que le sang coule entre indig\u00e8nes. Et, depuis le soul\u00e8vement de 1994, au cours duquel ils ont livr\u00e9 de durs combats contre l&rsquo;arm\u00e9e f\u00e9d\u00e9rale, ils ont tenu parole.<\/h3>\n<h3 style=\"text-align: justify;\">De m\u00eame ils ont respect\u00e9 le cessez-le-feu conclu \u00e0 cette \u00e9poque, sous la pression de la soci\u00e9t\u00e9 civile mexicaine. La strat\u00e9gie du gouvernement cherche \u00e0 provoquer un tel affrontement.<\/h3>\n<h3 style=\"text-align: justify;\">Dans les communaut\u00e9s, il arrive que des jeunes expriment leur ras-le-bol, et leur souhait de r\u00e9pondre violemment au harc\u00e8lement, aux viols, incendies, destruction des r\u00e9coltes et vol de b\u00e9tail. Mais la sagesse collective, celle qui a permis de pr\u00e9parer le soul\u00e8vement et de construire peu \u00e0 peu l&rsquo;autonomie zapatiste, a toujours fini par faire consensus.<\/h3>\n<h3 style=\"text-align: justify;\">\u00a0<\/h3>\n<h3 style=\"text-align: justify;\">Voici un message vid\u00e9o, enregistr\u00e9 par des membres de l&rsquo;Autre Campagne de New York.<\/h3>\n<h3 style=\"text-align: justify;\">\u00a0Les zapatistes de l&rsquo;ejido de San Marcos Avil\u00e9s, dans la r\u00e9gion tseltal des Altos, y d\u00e9noncent les agressions perp\u00e9tr\u00e9es contre eux, et s&rsquo;adressent \u00e0 leurs compa\u00f1eros, manipul\u00e9s par le gouvernement. Il ne devrait pas nous laisser indiff\u00e9rents, et nous rappeler ce que l&rsquo;EZLN s&rsquo;efforce, avec insistance, de dire aux \u00ab\u00a0peuples du monde\u00a0\u00bb.<\/h3>\n<h3 style=\"text-align: justify;\">Qu&rsquo;attendez-vous, vous qui savez beaucoup de choses, pour construire vos propres \u00e9coles, votre propre syst\u00e8me de sant\u00e9, votre police et votre justice, et pour reprendre en mains la production de votre alimentation, de vos conditions de vie ? *<\/h3>\n<p>\u00a0<\/p>\n<p><strong>Jean-Pierre \u00a0PETIT-GRAS<\/strong><\/p>\n<p><strong><em>\u00a0<\/em><\/strong><\/p>\n<p><strong><em>youtube: <\/em><\/strong><a href=\"http:\/\/www.youtube.com\/watch?v=FjUurtWPf_U\" target=\"http:\/\/www.youtube.com\/watch?v=FjUurtWPf_U\"><strong><em>http:\/\/www.youtube.com\/watch?v=FjUurtWPf_U<\/em><\/strong><\/a><strong><em>\u00a0 \u00a0[1]<\/em><\/strong><\/p>\n<p><strong><em>Sous-titr\u00e9 par le Kolectivo De BoKa En BoKa : <\/em><\/strong><a href=\"mailto:bocaenboca@riseup.net\"><strong><em>bocaenboca@riseup.net<\/em><\/strong><\/a><strong><em>\u00a0 (2]<\/em><\/strong><\/p>\n<gcse:search><\/gcse:search>","protected":false},"excerpt":{"rendered":"<p>Jean-Pierre \u00a0PETIT-GRAS sera pr\u00e9sent \u00e0 notre journ\u00e9e du 22 septembre \u00e0 Graulhet. Pour faire connaissance (au cas o\u00f9&#8230;) voici un de ses derniers textes (ci-dessous) :\u00a0\u00a0 Depuis 3 ans maintenant, tous les enfants zapatistes, m\u00eame dans les villages et ejidos o\u00f9 leurs parents sont minoritaires, peuvent aller dans les \u00e9coles autonomes. Ils y re\u00e7oivent une [&hellip;]<\/p>\n","protected":false},"author":1,"featured_media":0,"comment_status":"open","ping_status":"closed","sticky":false,"template":"","format":"standard","meta":{"footnotes":""},"categories":[15,124,126,147],"tags":[103,23],"class_list":["post-5999","post","type-post","status-publish","format-standard","hentry","category-autogestion","category-education-2","category-gauche-de-combat","category-international","tag-demarche-citoyenne","tag-luttes"],"_links":{"self":[{"href":"https:\/\/alternatifs81.fr\/index.php?rest_route=\/wp\/v2\/posts\/5999","targetHints":{"allow":["GET"]}}],"collection":[{"href":"https:\/\/alternatifs81.fr\/index.php?rest_route=\/wp\/v2\/posts"}],"about":[{"href":"https:\/\/alternatifs81.fr\/index.php?rest_route=\/wp\/v2\/types\/post"}],"author":[{"embeddable":true,"href":"https:\/\/alternatifs81.fr\/index.php?rest_route=\/wp\/v2\/users\/1"}],"replies":[{"embeddable":true,"href":"https:\/\/alternatifs81.fr\/index.php?rest_route=%2Fwp%2Fv2%2Fcomments&post=5999"}],"version-history":[{"count":0,"href":"https:\/\/alternatifs81.fr\/index.php?rest_route=\/wp\/v2\/posts\/5999\/revisions"}],"wp:attachment":[{"href":"https:\/\/alternatifs81.fr\/index.php?rest_route=%2Fwp%2Fv2%2Fmedia&parent=5999"}],"wp:term":[{"taxonomy":"category","embeddable":true,"href":"https:\/\/alternatifs81.fr\/index.php?rest_route=%2Fwp%2Fv2%2Fcategories&post=5999"},{"taxonomy":"post_tag","embeddable":true,"href":"https:\/\/alternatifs81.fr\/index.php?rest_route=%2Fwp%2Fv2%2Ftags&post=5999"}],"curies":[{"name":"wp","href":"https:\/\/api.w.org\/{rel}","templated":true}]}}