{"id":5985,"date":"2012-09-03T14:50:11","date_gmt":"2012-09-03T13:50:11","guid":{"rendered":"http:\/\/alternatifs81.fr\/?p=5985"},"modified":"2012-09-03T14:50:11","modified_gmt":"2012-09-03T13:50:11","slug":"pour-les-droits-de-lhomme-cercle-du-silence-samedi-8-septembre-a-mazamet","status":"publish","type":"post","link":"https:\/\/alternatifs81.fr\/?p=5985","title":{"rendered":"Pour les Droits de l&rsquo;homme ; Cercle du Silence, samedi 8 septembre \u00e0 Mazamet"},"content":{"rendered":"<h3><em><span style=\"color: #008000;\"><a href=\"http:\/\/alternatifs81.fr\/wp-content\/uploads\/Copie-de-logo-cercle-r-duit.jpg\" rel=\"lightbox[5985]\"><img loading=\"lazy\" decoding=\"async\" class=\"alignleft size-full wp-image-5987\" title=\"Copie de logo cercle r-duit\" src=\"http:\/\/alternatifs81.fr\/wp-content\/uploads\/Copie-de-logo-cercle-r-duit.jpg\" alt=\"\" width=\"61\" height=\"61\" \/><\/a>Samedi 8 septembre, comme tous les 2\u00e8mes samedi du mois depuis 3ans, nous formerons un Cercle de Silence au c\u0153ur du march\u00e9 de Mazamet de 10h30 \u00e0 11h30, quai de l&rsquo;Arnette face \u00e0 la mairie.<br \/>\n<\/span><\/em><br \/>\nLe gouvernement a chang\u00e9, mais la politique d\u2019accueil ne s\u2019est gu\u00e8re vraiment modifi\u00e9e depuis mai dernier.<br \/>\n\u00a0\u00a0\u00a0\u00a0 \u2022 Des barques surcharg\u00e9es coulent en mer et des centaines, des milliers de personnes meurent noy\u00e9es entre l\u2019Afrique et l\u2019Europe (la Tunisie et Lampedusa) comme la Somalienne Saamiya Yusuf Omar qui nous avait \u00e9muslors des JO de P\u00e9kin, cf l\u2019article du Monde<br \/>\n\u00a0\u00a0\u00a0\u00a0 \u2022 La r\u00e9tention d\u2019enfants continuent dans les Centre de R\u00e9tention Administratifs Fran\u00e7ais, notamment \u00e0<!--more-->\u00a0Mayotte notre cent uni\u00e8me d\u00e9partement, cf le communiqu\u00e9 AFP<br \/>\n\u00a0\u00a0\u00a0\u00a0 \u2022 Les Rroms de Roumanie, citoyens pourtant de l\u2019Union Europ\u00e9enne continuent \u00e0 \u00eatre expuls\u00e9s de France et leurs lieux de vie d\u00e9mantibul\u00e9s, cf article de la D\u00e9p\u00eache<br \/>\n\u2022 \u2026<\/p>\n<p>Ces trois exemples particuliers montrent la n\u00e9cessit\u00e9 que nous avons de ne pas baisser les bras et de continuer \u00e0 manifester silencieusement notre opposition \u00e0 la politique d\u2019\u00e9migration, de non-\u00e9migration en<br \/>\nFrance et dans le monde.<br \/>\nVenez avec nous samedi 8 septembre agrandir notre Cercle d\u2019une vingtaine de personnes, m\u00eame si d\u00e9j\u00e0 plus de 80 mazam\u00e9tains et habitants de la vall\u00e9e du Thor\u00e9 ont particip\u00e9 au moins une fois \u00e0 notre mobilisation.<\/p>\n<p>Et n\u2019oubliez pas que le samedi 20 octobre 2012 tous les Cercles de Silence de France se r\u00e9unissent, pour f\u00eater le 5\u00e8me anniversaire du Cercle de Toulouse, mais surtout pour montrer que nous sommes nombreux<br \/>\n\u00e0 vouloir que la France redevienne le pays des Droits de l\u2019Homme.<\/p>\n<p>A samedi 10 heures et demi<br \/>\nNous comptons sur vous<br \/>\nAmicalement<br \/>\nEric<\/h3>\n<gcse:search><\/gcse:search>","protected":false},"excerpt":{"rendered":"<p>Samedi 8 septembre, comme tous les 2\u00e8mes samedi du mois depuis 3ans, nous formerons un Cercle de Silence au c\u0153ur du march\u00e9 de Mazamet de 10h30 \u00e0 11h30, quai de l&rsquo;Arnette face \u00e0 la mairie. Le gouvernement a chang\u00e9, mais la politique d\u2019accueil ne s\u2019est gu\u00e8re vraiment modifi\u00e9e depuis mai dernier. \u00a0\u00a0\u00a0\u00a0 \u2022 Des barques [&hellip;]<\/p>\n","protected":false},"author":1,"featured_media":0,"comment_status":"open","ping_status":"closed","sticky":false,"template":"","format":"standard","meta":{"footnotes":""},"categories":[217,173],"tags":[43,191,103,117,23],"class_list":["post-5985","post","type-post","status-publish","format-standard","hentry","category-libertes","category-no-pasaran","tag-appel","tag-cercles-du-silence","tag-demarche-citoyenne","tag-democratie","tag-luttes"],"_links":{"self":[{"href":"https:\/\/alternatifs81.fr\/index.php?rest_route=\/wp\/v2\/posts\/5985","targetHints":{"allow":["GET"]}}],"collection":[{"href":"https:\/\/alternatifs81.fr\/index.php?rest_route=\/wp\/v2\/posts"}],"about":[{"href":"https:\/\/alternatifs81.fr\/index.php?rest_route=\/wp\/v2\/types\/post"}],"author":[{"embeddable":true,"href":"https:\/\/alternatifs81.fr\/index.php?rest_route=\/wp\/v2\/users\/1"}],"replies":[{"embeddable":true,"href":"https:\/\/alternatifs81.fr\/index.php?rest_route=%2Fwp%2Fv2%2Fcomments&post=5985"}],"version-history":[{"count":0,"href":"https:\/\/alternatifs81.fr\/index.php?rest_route=\/wp\/v2\/posts\/5985\/revisions"}],"wp:attachment":[{"href":"https:\/\/alternatifs81.fr\/index.php?rest_route=%2Fwp%2Fv2%2Fmedia&parent=5985"}],"wp:term":[{"taxonomy":"category","embeddable":true,"href":"https:\/\/alternatifs81.fr\/index.php?rest_route=%2Fwp%2Fv2%2Fcategories&post=5985"},{"taxonomy":"post_tag","embeddable":true,"href":"https:\/\/alternatifs81.fr\/index.php?rest_route=%2Fwp%2Fv2%2Ftags&post=5985"}],"curies":[{"name":"wp","href":"https:\/\/api.w.org\/{rel}","templated":true}]}}