{"id":5978,"date":"2012-08-31T11:22:49","date_gmt":"2012-08-31T10:22:49","guid":{"rendered":"http:\/\/alternatifs81.fr\/?p=5978"},"modified":"2012-09-04T08:14:53","modified_gmt":"2012-09-04T07:14:53","slug":"%c2%ab-mondes-anciens-mondes-nouveaux-%c2%bb-l%e2%80%99universite-d%e2%80%99ete-des-alternatifs-2012-a-tenu-ses-promesses","status":"publish","type":"post","link":"https:\/\/alternatifs81.fr\/?p=5978","title":{"rendered":"\u00ab Mondes anciens, mondes nouveaux \u00bb : l\u2019Universit\u00e9 d\u2019\u00e9t\u00e9 des Alternatifs 2012 a tenu ses promesses."},"content":{"rendered":"<h3 style=\"text-align: justify;\"><em><span style=\"color: #0000ff;\">Nous publions ici un communiqu\u00e9 national et un article de notre camarade Roger WINTERHALTER (Mulhouse) \u00a0\u00e0 paraitre prochainement dans ROUGE et VERT <\/span><\/em><\/h3>\n<h3 style=\"text-align: justify;\"><em><span style=\"color: #008000;\"><a href=\"http:\/\/alternatifs81.fr\/wp-content\/uploads\/logoalternatifs11.jpg\" rel=\"lightbox[5978]\"><img loading=\"lazy\" decoding=\"async\" class=\"alignleft size-full wp-image-5980\" title=\"logoalternatifs\" src=\"http:\/\/alternatifs81.fr\/wp-content\/uploads\/logoalternatifs11.jpg\" alt=\"\" width=\"299\" height=\"148\" \/><\/a>Organis\u00e9e sur le th\u00e8me \u00ab Mondes anciens, mondes nouveaux \u00bb, l&rsquo;\u00e9dition 2012 de l&rsquo;Universit\u00e9 d&rsquo;Et\u00e9 des Alternatifs a \u00e9t\u00e9, sur le plan des contenus et de la participation, un tr\u00e8s bon cru de l\u2019avis de l\u2019ensemble des participant-e-s.<br \/>\n<\/span><\/em>Dans une ambiance chaleureuse, \u00e0 la fois s\u00e9rieuse et d\u00e9tendue, 200 personnes venues de nombreuses r\u00e9gions ont particip\u00e9 aux travaux de cette Universit\u00e9 d&rsquo;\u00e9t\u00e9 tenue du 23 au 26 ao\u00fbt dans le cadre magnifique du Vercors.<br \/>\nLe th\u00e8me retenu cette ann\u00e9e permettait de prendre la mesure de la nouvelle situation tr\u00e8s contradictoire du monde d&rsquo;aujourd&rsquo;hui, lourde<\/h3>\n<h3 style=\"text-align: justify;\"><!--more-->de menaces dans un contexte de crise globale et multiforme du capitalisme mais aussi prometteuse d&rsquo;un autre monde possible et n\u00e9cessaire.<br \/>\nLes bouleversements g\u00e9o-strat\u00e9giques \u00e0 l&rsquo;\u00e9chelle mondiale, les promesses des mobilisations citoyennes, des r\u00e9volutions arabes -malgr\u00e9 les pouss\u00e9es contre-r\u00e9volutionnaires actuelles- ou des Indign\u00e9s et leurs exigences de d\u00e9mocratie r\u00e9elle ont \u00e9t\u00e9 au coeur des d\u00e9bats de cette Universit\u00e9 d&rsquo;\u00e9t\u00e9 au cours de laquelle la r\u00e9f\u00e9rence \u00e0 l&rsquo;autogestion a servi de fil conducteur.<br \/>\nCette Universit\u00e9 d&rsquo;\u00e9t\u00e9 a aussi \u00e9t\u00e9 l&rsquo;occasion de traiter de la crise de l&rsquo;Union europ\u00e9enne et de l&rsquo;euro, de la situation grecque et de la situation fran\u00e7aise apr\u00e8s trois mois de gouvernement Hollande-Ayrault dont les premiers pas ressemblent fort, dans plusieurs domaines, \u00e0 des renoncements inqui\u00e9tants aux rares promesses faites par le candidat Hollande pendant sa campagne \u00e9lectorale.<br \/>\nLes d\u00e9bats fraternels et exigeants avec la gauche alternative en voie de regroupement ont \u00e9t\u00e9 aussi l&rsquo;un des moments forts de cette Universit\u00e9 d&rsquo;\u00e9t\u00e9 tr\u00e8s r\u00e9ussie, en particulier avec la participation de Cl\u00e9mentine Autain et de plusieurs animateurs et animatrices de la Gauche Anticapitaliste, toutes et tous partie prenante, avec les Alternatifs et d&rsquo;autres encore, de ce projet que nous portons en commun.<br \/>\nCelui-ci devrait prendre la forme d&rsquo;une nouvelle force politique rouge et verte : ce sera l&rsquo;une des questions, avec celle d&rsquo;une possible adh\u00e9sion au Front de Gauche, \u00e0 l&rsquo;ordre du jour du congr\u00e8s des Alternatifs en novembre prochain.<br \/>\nD&rsquo;ici-l\u00e0, les mobilisations seront au rendez-vous : pour r\u00e9sister et changer le monde, elles restent au coeur des t\u00e2ches de l&rsquo;heure et au centre de l&rsquo;activit\u00e9 des Alternatifs !<\/h3>\n<h3 style=\"text-align: right;\"><span style=\"color: #0000ff;\"><em>Communiqu\u00e9 Les Alternatifs <\/em><\/span><\/h3>\n<h3 style=\"text-align: right;\"><span style=\"color: #0000ff;\"><em>30\/08\/2012\u00a0<\/em><\/span><\/h3>\n<h3 style=\"text-align: right;\"><span style=\"color: #0000ff;\">\u00a0<\/span><\/h3>\n<p>\u00a0<\/p>\n<h2 style=\"text-align: center;\"><span style=\"color: #008000;\">J\u2019AI REV\u00c9 DE L\u2019AUTOGESTION <\/span><\/h2>\n<div><span style=\"font-family: Arial,Arial; font-size: small;\"><span style=\"font-family: Arial,Arial; font-size: small;\"><\/span><\/span><\/p>\n<div><span style=\"font-family: Arial,Arial; font-size: small;\"><span style=\"font-family: Arial,Arial; font-size: small;\"><strong><\/strong><\/span><\/span><\/div>\n<p><span style=\"font-family: Arial,Arial; font-size: small;\"><span style=\"font-family: Arial,Arial; font-size: small;\"><strong><\/p>\n<p style=\"text-align: justify;\">\u00a0<\/p>\n<div><strong>\u00a0<\/strong><\/div>\n<div><strong><\/strong><\/div>\n<p><\/strong><\/span><\/span><strong><\/p>\n<p style=\"text-align: justify;\">\n<div style=\"text-align: justify;\"><span style=\"font-family: Arial,Arial; font-size: small;\"><span style=\"font-family: Arial,Arial; font-size: small;\"><span style=\"font-family: Arial,Arial; font-size: small;\"><span style=\"font-family: Arial,Arial; font-size: small;\"><\/span><\/span><\/span><\/span><\/p>\n<div style=\"text-align: justify;\"><strong>\u00a0<\/strong><\/div>\n<p>\u00a0<\/p>\n<div><span style=\"font-family: Arial,Arial; font-size: small;\"><span style=\"font-family: Arial,Arial; font-size: small;\"><span style=\"font-family: Arial,Arial; font-size: small;\"><span style=\"font-family: Arial,Arial; font-size: small;\"><strong><\/strong><\/span><\/span><\/span><\/span><\/div>\n<p><span style=\"font-family: Arial,Arial; font-size: small;\"><span style=\"font-family: Arial,Arial; font-size: small;\"><span style=\"font-family: Arial,Arial; font-size: small;\"><span style=\"font-family: Arial,Arial; font-size: small;\"><strong><\/p>\n<p style=\"text-align: justify;\">Cela faisait quelques ann\u00e9es que nous n\u2019avions plus particip\u00e9 \u00e0 une Universit\u00e9 d\u2019Et\u00e9 et nous en sommes revenus ravis et enchant\u00e9s par l\u2019accueil de nos amis grenoblois, la richesse et la diversit\u00e9 des contacts humains , les d\u00e9bats et\u2026 surtout la chaleur humaine qui se d\u00e9gageait de cette rencontre.<\/p>\n<p style=\"text-align: justify;\">D\u00e8s le premier jour, Gus MASSIAH nous a parl\u00e9 d\u2019une transition sociale, \u00e9cologique et d\u00e9mocratique qui est \u00e0 construire de l\u00e0 o\u00f9 l\u2019on est ; du Bien commun ; de prosp\u00e9rit\u00e9 sans croissance ; de nouvelles formes d\u00e9mocratiques.<\/p>\n<p style=\"text-align: justify;\">Il avait en quelque sorte donn\u00e9 le ton , et les interventions, les d\u00e9bats qui ont suivi \u00e9taient tous dans le m\u00eame esprit : il \u00e9tait question d\u2019Alter mondialisme, de la nature et des cons\u00e9quences de la crise europ\u00e9enne, des r\u00e9volutions arabes, de d\u00e9croissance militaire (et je ne cite pas tout).<\/p>\n<p style=\"text-align: justify;\">Il y avait m\u00eame des ateliers pratiques d\u2019architecture bioclimatique, de fabrication de fours solaires et d\u2019\u00e9oliennes.<\/p>\n<p style=\"text-align: justify;\">On a parl\u00e9 de construction d\u2019un nouveau projet politique en Hongrie, de fausse d\u00e9mocratie, de crise de la d\u00e9mocratie repr\u00e9sentative, de profits provenant de l\u2019accumulation des cr\u00e9dits, d\u2019annulation de la dette.<\/p>\n<p style=\"text-align: justify;\">Bernard RAVENEL a termin\u00e9 son expos\u00e9 sur le th\u00e8me de la r\u00e9sistance populaire non violente en Palestine, en parlant d\u2019Hymne \u00e0 la vie.<\/p>\n<p style=\"text-align: justify;\">Bref, nous nagions dans une sorte d\u2019UTOPIE REALISTE : les discours \u00e9taient aliment\u00e9s d\u2019anecdotes, de faits, d\u2019exp\u00e9rimentations \u00e0 la fois n\u00e9cessaires, mais aussi possibles, r\u00e9alis\u00e9es et donc r\u00e9alistes.<\/p>\n<p style=\"text-align: justify;\">C\u2019est dans cette ambiance que nous nous sommes \u00e0 nouveau retrouv\u00e9s sous le chapiteau pour y rencontrer nos partenaires politiques, qui \u00e9taient d\u2019ailleurs r\u00e9duits \u00e0 leur plus simple expression.<\/p>\n<p style=\"text-align: justify;\">Et c\u2019est \u00e0 ce moment-l\u00e0 que le soleil a disparu du ciel et dans nos esprits, il s\u2019est vraiment mis \u00e0 pleuvoir et les mots des personnes qui \u00e9taient \u00e0 la tribune r\u00e9sonnaient dans nos t\u00eates comme des gr\u00ealons.<\/p>\n<p style=\"text-align: justify;\">Oh\u2026 les discours \u00e9taient politiquement corrects, rassurants. Ils semblaient s\u2019\u00eatre donn\u00e9 le mot pour lancer un appel \u00e0 la construction d\u2019une force de transformation, dans le cadre du Front de Gauche.<\/p>\n<p style=\"text-align: justify;\">Je laisse le soin \u00e0 d\u2019autres, de reprendre ces discours, qui n\u2019\u00e9taient ni plus ni moins comme me l\u2019a rappel\u00e9 mon ami Vladimir FISERA , qu\u2019un exercice de retape (hors FRONT pas de salut)<\/p>\n<p style=\"text-align: justify;\">Ceci a d\u00e9clench\u00e9 quelques interventions favorables aux d\u00e9marcheurs mais surtout une profusion, un flot de discours non pas agressifs, mais des appels certes respectueux mais d\u00e9termin\u00e9s \u00e0 proposer et surtout A FAIRE autre chose.<\/p>\n<div><span style=\"font-family: Arial,Arial; font-size: small;\"><\/span><\/p>\n<div><span style=\"font-family: Arial,Arial; font-size: small;\"><strong><\/strong><\/span><\/div>\n<\/div>\n<div><strong>\u00a0<\/strong><\/div>\n<p>\u00a0<\/p>\n<p><\/strong><\/span><\/span><\/span><span style=\"font-family: Arial,Arial; font-size: small;\"><strong><\/p>\n<p style=\"text-align: justify;\">\u00a0<\/p>\n<div><strong>\u00a0<\/strong><\/div>\n<div><strong><\/strong><\/div>\n<p><\/strong><\/span><\/span><strong><\/p>\n<p style=\"text-align: justify;\">\u00a0<\/p>\n<p>\u00a0<\/p>\n<p><\/strong><\/p>\n<p style=\"text-align: justify;\"><strong>\u00a0<\/strong><\/p>\n<div><span style=\"font-family: Arial,Arial; font-size: small;\"><span style=\"font-family: Arial,Arial; font-size: small;\">Gilbert DALGALIAN nous a tout d\u2019abord dit qu\u2019il fallait tout miser sur l\u2019AUTOGESTION. D\u2019autres ont mis en garde par rapport aux vieilles habitudes bien ancr\u00e9es du PCF,etc\u2026<\/span><\/span><\/div>\n<div><span style=\"font-family: Arial,Arial; font-size: small;\"><span style=\"font-family: Arial,Arial; font-size: small;\">Moi-m\u00eame, j\u2019ai tenu \u00e0 rappeler que la politique, ce n\u2019est pas seulement l\u2019affaire des organisations politiques, mais de tout le monde, et notamment des hommes et des femmes issus des mouvements sociaux ; qu\u2019il s\u2019agissait de faire AVEC celles et ceux qui nous entourent, apprendre \u00e0 nous \u00e9couter pour mieux nous comprendre.<\/span><\/span><\/div>\n<p><span style=\"font-family: Arial,Arial; font-size: small;\"><span style=\"font-family: Arial,Arial; font-size: small;\">J\u2019ai plaid\u00e9 pour une forme d\u2019organisation et un fonctionnement simple, \u00e0 l\u2019instar de ce qui avait \u00e9t\u00e9 dit dans nos ateliers : une forme d\u2019organisation o\u00f9 les acteurs apprennent \u00e0 partager le pouvoir, les id\u00e9es et les exp\u00e9riences multiples et vari\u00e9es.<\/p>\n<p>Et\u2026 ceci tout simplement parce que la politique et les affaires du Monde sont les affaires de tout le monde.<\/p>\n<p>Alors\u2026 alors en quittant cette s\u00e9ance, apr\u00e8s avoir \u00e9t\u00e9 interpell\u00e9 par des jeunes et des moins jeunes, je me suis dit que personne ne me fera adh\u00e9rer \u00e0 ce \u00ab machin \u00bb qu\u2019on appelle Front de Gauche, dans lequel le PCF se battra pour conserver le dernier m\u00b2 de l\u2019immeuble rue du Colonel Fabien.<\/p>\n<p>Et\u2026 c\u2019est dans ces dispositions, que je me suis endormi, que j\u2019ai fait un r\u00eave et\u2026 que, figurez-vous, J\u2019AI REV\u00c9 DE L\u2019AUTOGESTION et d\u2019un nouveau Mouvement politique appel\u00e9 L\u2019ALTERNATIVE AUTOGESTIONNAIRE. Un Mouvement qui, patiemment construit une pyramide avec des briques qui partent de la base au sommet , c\u2019est \u00e0 dire qui partent de nos quartiers \u00e0 l\u2019ensemble des territoires, en passant par nos villes et nos campagnes. L\u2019organisation ou plut\u00f4t \u00ab le lien \u00bb se fera de mani\u00e8re souple et non contraignante et se cimentera \u00e0 travers des valeurs simples, faciles \u00e0 comprendre, telles que le partage du pouvoir, de l\u2019avoir et du savoir ; l\u2019Autogestion ; le vivre ensemble ; le plein \u00e9panouissement de chacune et chacun avec le souci permanent de r\u00e9aliser le bien commun ; les solidarit\u00e9s ici et ailleurs ; le respect de l\u2019Autre et de notre environnement, etc\u2026 etc\u2026.<\/p>\n<p>Les Alternatifs, quant \u00e0 eux, d\u00e9cident de rester eux-m\u00eames et conjointement avec d\u2019autres, organis\u00e9s et surtout non organis\u00e9s, lancent dans les r\u00e9gions des Appels \u00e0 la Mobilisation, sur ces th\u00e8mes et d\u2019autres encore, en fonction des r\u00e9alit\u00e9s locales.<\/p>\n<p>Ils d\u00e9cident de se rencontrer \u00e0 intervalles r\u00e9guliers, \u00e0 mesurer leurs valeurs sur la base de leurs exp\u00e9riences v\u00e9cues. Ils se retrouvent \u00e9galement de temps \u00e0 autre, au niveau national et international, dans le but de faire converger les luttes, de les coordonner, de cr\u00e9er du lien, de mettre en r\u00e9seau\u2026\u2026<\/p>\n<p>Et\u2026 c\u2019est alors que je me suis r\u00e9veill\u00e9 et je me suis dit : \u00ab et si ce r\u00eave devenait r\u00e9alit\u00e9 ? \u00bb A vous de voir.<\/p>\n<p style=\"text-align: justify;\">Sal\u00fc binander (Salut \u00e0 vous)<\/p>\n<p>\u00a0<\/p>\n<p><\/span><\/span>\u00a0<\/p>\n<div><strong><span style=\"font-size: small;\"><\/span><\/strong><\/div>\n<p><strong><span style=\"font-size: small;\"><\/p>\n<p style=\"text-align: right;\">Roger WINTERHALTER \u00a0<\/p>\n<p>\u00a0<\/p>\n<p><\/span><\/strong><\/div>\n<p><\/strong><\/p>\n<\/div>\n<div><strong>\u00a0<\/strong><\/div>\n<gcse:search><\/gcse:search>","protected":false},"excerpt":{"rendered":"<p>Nous publions ici un communiqu\u00e9 national et un article de notre camarade Roger WINTERHALTER (Mulhouse) \u00a0\u00e0 paraitre prochainement dans ROUGE et VERT Organis\u00e9e sur le th\u00e8me \u00ab Mondes anciens, mondes nouveaux \u00bb, l&rsquo;\u00e9dition 2012 de l&rsquo;Universit\u00e9 d&rsquo;Et\u00e9 des Alternatifs a \u00e9t\u00e9, sur le plan des contenus et de la participation, un tr\u00e8s bon cru de [&hellip;]<\/p>\n","protected":false},"author":1,"featured_media":0,"comment_status":"open","ping_status":"closed","sticky":false,"template":"","format":"standard","meta":{"footnotes":""},"categories":[9,126,123],"tags":[34],"class_list":["post-5978","post","type-post","status-publish","format-standard","hentry","category-communiques","category-gauche-de-combat","category-rouge-et-vert","tag-alternatifs"],"_links":{"self":[{"href":"https:\/\/alternatifs81.fr\/index.php?rest_route=\/wp\/v2\/posts\/5978","targetHints":{"allow":["GET"]}}],"collection":[{"href":"https:\/\/alternatifs81.fr\/index.php?rest_route=\/wp\/v2\/posts"}],"about":[{"href":"https:\/\/alternatifs81.fr\/index.php?rest_route=\/wp\/v2\/types\/post"}],"author":[{"embeddable":true,"href":"https:\/\/alternatifs81.fr\/index.php?rest_route=\/wp\/v2\/users\/1"}],"replies":[{"embeddable":true,"href":"https:\/\/alternatifs81.fr\/index.php?rest_route=%2Fwp%2Fv2%2Fcomments&post=5978"}],"version-history":[{"count":0,"href":"https:\/\/alternatifs81.fr\/index.php?rest_route=\/wp\/v2\/posts\/5978\/revisions"}],"wp:attachment":[{"href":"https:\/\/alternatifs81.fr\/index.php?rest_route=%2Fwp%2Fv2%2Fmedia&parent=5978"}],"wp:term":[{"taxonomy":"category","embeddable":true,"href":"https:\/\/alternatifs81.fr\/index.php?rest_route=%2Fwp%2Fv2%2Fcategories&post=5978"},{"taxonomy":"post_tag","embeddable":true,"href":"https:\/\/alternatifs81.fr\/index.php?rest_route=%2Fwp%2Fv2%2Ftags&post=5978"}],"curies":[{"name":"wp","href":"https:\/\/api.w.org\/{rel}","templated":true}]}}