{"id":5969,"date":"2012-08-27T13:49:06","date_gmt":"2012-08-27T12:49:06","guid":{"rendered":"http:\/\/alternatifs81.fr\/?p=5969"},"modified":"2012-08-27T14:04:27","modified_gmt":"2012-08-27T13:04:27","slug":"jeudi-6-septembre-cafe-repaire-dalban-la-telephonie-en-question","status":"publish","type":"post","link":"https:\/\/alternatifs81.fr\/?p=5969","title":{"rendered":"Jeudi 6 septembre \u00ab\u00a0, Caf\u00e9 Repaire d&rsquo;ALBAN : \u00a0\u00bb La t\u00e9l\u00e9phonie en question \u00ab\u00a0"},"content":{"rendered":"<p>\u00a0<a href=\"http:\/\/alternatifs81.fr\/wp-content\/uploads\/arton1847-ed371.jpg\" rel=\"lightbox[5969]\"><img loading=\"lazy\" decoding=\"async\" class=\"alignleft size-full wp-image-5973\" style=\"margin: 10px;\" title=\"arton1847-ed371\" src=\"http:\/\/alternatifs81.fr\/wp-content\/uploads\/arton1847-ed371.jpg\" alt=\"\" width=\"250\" height=\"264\" \/><\/a><strong><em><span style=\"color: #0000ff;\">Le caf\u00e9 repaire d&rsquo;Alban vous invite au caf\u00e9 \u00ab\u00a0Chez Marco\u00a0\u00bb \u00e0 Alban, jeudi 6 septembre \u00e0 20h30.<\/span><\/em><\/strong><\/p>\n<h2><span style=\"color: #008000;\">\u00a0La t\u00e9l\u00e9phonie en question <\/span><\/h2>\n<h3 style=\"text-align: justify;\">Apr\u00e8s la projection du film \u00a0\u00bb Mauvaises ondes \u00ab\u00a0, Patrice Canal nous fera partager ses connaissances et animera notre d\u00e9bat.<\/h3>\n<h3>Venez nombreux.<!--more--><\/h3>\n<blockquote>\n<h3>\u00a0<\/p>\n<div style=\"text-align: justify;\"><strong>Que cache votre \u00ab\u00a0portable\u00a0\u00bb? <\/strong><\/div>\n<div style=\"text-align: justify;\"><strong>La <\/strong><strong>t\u00e9l\u00e9phonie mobile<\/strong> <strong>en question.<\/strong><\/div>\n<div style=\"text-align: justify;\"><strong>\u00a0<\/strong><strong>\u00a0<\/strong><\/div>\n<div style=\"text-align: justify;\"><strong>Le \u00ab\u00a0portable\u00a0\u00bb : <\/strong><\/div>\n<div style=\"text-align: justify;\"><strong>&#8211; Quelle technologie pour faire fonctionner votre \u00ab\u00a0t\u00e9l\u00e9phone portable\u00a0\u00bb, <\/strong><\/div>\n<div style=\"text-align: justify;\"><strong>qu&rsquo;es ce qu&rsquo;une antenne relais, un faisceaux hertziens, etc&#8230;<\/strong><\/div>\n<div style=\"text-align: justify;\"><strong>\u00a0<\/strong><\/div>\n<div style=\"text-align: justify;\"><strong>Y a-t-il des impacts sur la sant\u00e9 ?<\/strong><\/div>\n<div style=\"text-align: justify;\"><strong>\u00a0<\/strong><strong>&#8211; Les Rayonnements Electro-Magn\u00e9tiques (R.E.M.)<\/strong><strong> sont-ils dangereux ? <\/strong><\/div>\n<div style=\"text-align: justify;\"><strong>&#8211; <\/strong><strong>Quels sont les risques encourus? <\/strong><\/div>\n<div style=\"text-align: justify;\"><strong>&#8211; Ces risques pr\u00e9sum\u00e9s sont-ils av\u00e9r\u00e9s aujourd&rsquo;hui ?<\/strong><\/div>\n<div><strong>\u00a0<\/strong><strong>\u00a0<\/strong><strong>\u00a0<\/strong><\/div>\n<div><strong>\u00a0<\/strong><\/div>\n<h3>Projection en d\u00e9but de soir\u00e9e du film documentaire de Sophie Le Gall <em>\u00ab\u00a0Mauvaises ondes\u00a0\u00bb.<\/em><\/h3>\n<h3 style=\"text-align: justify;\">Apr\u00e8s le document, notre intervenant, technicien en t\u00e9l\u00e9phonie mobile de 2000 \u00e0 2007, vous fera partager son v\u00e9cu \u00ab\u00a0vu de l&rsquo;int\u00e9rieur\u00a0\u00bb, essaiera de r\u00e9pondre au mieux \u00e0 vos interrogations et vous fera partager ses recherches sur cette question.<\/h3>\n<\/h3>\n<\/blockquote>\n<gcse:search><\/gcse:search>","protected":false},"excerpt":{"rendered":"<p>\u00a0Le caf\u00e9 repaire d&rsquo;Alban vous invite au caf\u00e9 \u00ab\u00a0Chez Marco\u00a0\u00bb \u00e0 Alban, jeudi 6 septembre \u00e0 20h30. \u00a0La t\u00e9l\u00e9phonie en question Apr\u00e8s la projection du film \u00a0\u00bb Mauvaises ondes \u00ab\u00a0, Patrice Canal nous fera partager ses connaissances et animera notre d\u00e9bat. Venez nombreux.<\/p>\n","protected":false},"author":1,"featured_media":0,"comment_status":"open","ping_status":"closed","sticky":false,"template":"","format":"standard","meta":{"footnotes":""},"categories":[13,125,244,164],"tags":[197,290,289],"class_list":["post-5969","post","type-post","status-publish","format-standard","hentry","category-dossier","category-ecologie","category-point-de-vue","category-sante","tag-cafe-repaire","tag-ondes","tag-telephone-mobile"],"_links":{"self":[{"href":"https:\/\/alternatifs81.fr\/index.php?rest_route=\/wp\/v2\/posts\/5969","targetHints":{"allow":["GET"]}}],"collection":[{"href":"https:\/\/alternatifs81.fr\/index.php?rest_route=\/wp\/v2\/posts"}],"about":[{"href":"https:\/\/alternatifs81.fr\/index.php?rest_route=\/wp\/v2\/types\/post"}],"author":[{"embeddable":true,"href":"https:\/\/alternatifs81.fr\/index.php?rest_route=\/wp\/v2\/users\/1"}],"replies":[{"embeddable":true,"href":"https:\/\/alternatifs81.fr\/index.php?rest_route=%2Fwp%2Fv2%2Fcomments&post=5969"}],"version-history":[{"count":0,"href":"https:\/\/alternatifs81.fr\/index.php?rest_route=\/wp\/v2\/posts\/5969\/revisions"}],"wp:attachment":[{"href":"https:\/\/alternatifs81.fr\/index.php?rest_route=%2Fwp%2Fv2%2Fmedia&parent=5969"}],"wp:term":[{"taxonomy":"category","embeddable":true,"href":"https:\/\/alternatifs81.fr\/index.php?rest_route=%2Fwp%2Fv2%2Fcategories&post=5969"},{"taxonomy":"post_tag","embeddable":true,"href":"https:\/\/alternatifs81.fr\/index.php?rest_route=%2Fwp%2Fv2%2Ftags&post=5969"}],"curies":[{"name":"wp","href":"https:\/\/api.w.org\/{rel}","templated":true}]}}