{"id":5931,"date":"2012-08-21T12:56:35","date_gmt":"2012-08-21T11:56:35","guid":{"rendered":"http:\/\/alternatifs81.fr\/?p=5931"},"modified":"2012-08-21T13:00:39","modified_gmt":"2012-08-21T12:00:39","slug":"texte-definitif-de-la-declaration-de-cloture-du-2%c2%b0-forum-europeen-contre-les-grands-projets-inutiles-notre-dame-des-landes-loire-atlantique-du-7-au-11-juillet-2012","status":"publish","type":"post","link":"https:\/\/alternatifs81.fr\/?p=5931","title":{"rendered":"Texte d\u00e9finitif de la d\u00e9claration de cl\u00f4ture du 2\u00b0 Forum europ\u00e9en contre les grands projets inutiles (Notre Dame des Landes &#8211; Loire Atlantique &#8211; du 7 au 11 juillet 2012)"},"content":{"rendered":"<h3 style=\"text-align: justify;\"><span style=\"color: #008000;\"><a href=\"http:\/\/alternatifs81.fr\/wp-content\/uploads\/41.jpg\" rel=\"lightbox[5931]\"><img loading=\"lazy\" decoding=\"async\" class=\"alignleft size-full wp-image-5932\" title=\"_4\" src=\"http:\/\/alternatifs81.fr\/wp-content\/uploads\/41.jpg\" alt=\"\" width=\"96\" height=\"226\" \/><\/a>\u00ab\u00a0Grand Projet Inutile\u00a0\u00bb : <\/span><em><span style=\"color: #008000;\">une expression qui sied parfaitement au Projet de liaison autorouti\u00e8re Castres-Toulouse, auquel Les Alternatifs du Tarn sont fermement oppos\u00e9s . C&rsquo;est pourquoi nous publions ici\u00a0la d\u00e9claration finale du Forum qui s&rsquo;est tenu en juillet \u00e0 Notre Dame des Landes. <\/span><\/em><\/h3>\n<h3 style=\"text-align: justify;\"><em>\u00a0<\/em><strong><\/p>\n<h3 style=\"text-align: justify;\"><\/h3>\n<p><strong>Nous, participant-e-s au 2\u00b0 Forum contre les Grands Projets Inutiles et Impos\u00e9s (GPII) \u00e0 Notre-Dame-des- Landes (France) du 7 au 11 juillet 2012 : <\/strong><br \/>\n<strong>\u2013 soutenons et exprimons notre enti\u00e8re solidarit\u00e9 \u00e0 la lutte des habitants de Notre Dame des Landes et de la r\u00e9gion, et de tous ceux qui la soutiennent, en France et bien au-del\u00e0, contre le projet de nouvel a\u00e9roport pour la ville de Nantes ; <\/strong><br \/>\n<strong>\u2013 d\u00e9non\u00e7ons la r\u00e9pression exerc\u00e9e sur les habitants et militants, <\/strong><br \/>\n<strong>\u2013 r\u00e9affirmons notre soutien mutuel \u00e0 toutes les luttes contre les GPII en Europe et dans le monde. <\/strong><br \/>\n<strong><br \/>\n<\/strong><\/p>\n<h3 style=\"text-align: justify;\"><strong>Nous nous sommes rassembl\u00e9s pour identifier, recenser, combattre les grands projets que nous reconnaissons inutiles, ruineux en fonds publics<\/strong><strong><!--more-->\u00a0et socialement injustes, \u00e9cologiquement destructeurs ou dangereux, et qui excluent les populations de la prise de d\u00e9cision. La plupart de ces projets, d\u00e9voreurs de terres agricoles et d&rsquo;espaces naturels, ne permettent pas la souverainet\u00e9 alimentaire. Ils mettent en p\u00e9ril la diversit\u00e9 culturelle.<br \/>\n<a name=\"more\"><\/a><br \/>\n<strong><br \/>\n<\/strong><strong>Ce deuxi\u00e8me forum a permis de rassembler une quarantaine de collectifs et organisations dont une quinzaine de l&rsquo;Europe et au-del\u00e0. Plus de 8000 personnes ont particip\u00e9 aux divers ateliers. Il a \u00e9t\u00e9 tr\u00e8s riche d&rsquo;\u00e9changes et de perspectives d&rsquo;actions, de partages d&rsquo;exp\u00e9riences et de construction d&rsquo;alternatives aux grands projets et pour d&rsquo;autres choix de soci\u00e9t\u00e9. <\/strong><br \/>\n<strong><br \/>\n<\/strong><strong>Nous avons d\u00e9cid\u00e9 : <\/strong><br \/>\n<strong>\u2013 la coordination de nos luttes \u00e0 l&rsquo;\u00e9chelle europ\u00e9enne et au del\u00e0 : <\/strong><br \/>\n<strong>\u2013 la cr\u00e9ation d&rsquo;un groupe de travail permanent ayant une fonction d&rsquo;alerte et de mobilisation\u2013 la mutualisation de nos exp\u00e9riences <\/strong><br \/>\n<strong>\u2013 la mise en commun de moyens (site internet europ\u00e9en, &#8230;) <\/strong><br \/>\n<strong>\u2013 la cr\u00e9ation d&rsquo;un groupe europ\u00e9en de comp\u00e9tences scientifiques, techniques et juridiques <\/strong><br \/>\n<strong>\u2013 l&rsquo;\u00e9tude de l&rsquo;opportunit\u00e9 et de la faisabilit\u00e9 d&rsquo;une Initiative Citoyenne Europ\u00e9enne <\/strong><br \/>\n<strong><br \/>\n<\/strong><strong>\u2013 notre participation :<\/strong><br \/>\n<strong>\u2013 au Forum Social Europ\u00e9en de Florence du 8 au 11 novembre 2012 <\/strong><br \/>\n<strong>\u2013 au Forum Social Mondial de Tunis en mars 2013 <\/strong><br \/>\n<strong><br \/>\n<\/strong><strong>\u2013 l&rsquo;organisation : <\/strong><br \/>\n<strong>\u2013 d&rsquo;une journ\u00e9e d&rsquo;actions d\u00e9centralis\u00e9es et coordonn\u00e9es le 8 d\u00e9cembre 2012 (3\u00e8me journ\u00e9e europ\u00e9enne contre les Grands Projets Inutiles et Impos\u00e9s) <\/strong><br \/>\n<strong>\u2013 du 3\u00b0 Forum contre les GPII \u00e0 Stuttgart en 2013. <\/strong><br \/>\n<strong><br \/>\n<\/strong><strong>Nos luttes concr\u00e8tes, leur convergence font \u00e9merger aujourd&rsquo;hui le concept de Grands Projets Inutiles et Impos\u00e9s. <\/strong><\/strong><\/h3>\n<p><\/strong><\/h3>\n<p><strong>Nous voulons expliquer et populariser largement ce concept. <\/strong><\/p>\n<div style=\"text-align: justify;\"><strong>Nous sortons du forum plus que jamais motiv\u00e9s et d\u00e9termin\u00e9s \u00e0 poursuivre nos objectifs et continuer \u00e0 relier nos combats.<\/strong><\/div>\n<gcse:search><\/gcse:search>","protected":false},"excerpt":{"rendered":"<p>\u00ab\u00a0Grand Projet Inutile\u00a0\u00bb : une expression qui sied parfaitement au Projet de liaison autorouti\u00e8re Castres-Toulouse, auquel Les Alternatifs du Tarn sont fermement oppos\u00e9s . C&rsquo;est pourquoi nous publions ici\u00a0la d\u00e9claration finale du Forum qui s&rsquo;est tenu en juillet \u00e0 Notre Dame des Landes. \u00a0 Nous, participant-e-s au 2\u00b0 Forum contre les Grands Projets Inutiles et [&hellip;]<\/p>\n","protected":false},"author":1,"featured_media":0,"comment_status":"open","ping_status":"closed","sticky":false,"template":"","format":"standard","meta":{"footnotes":""},"categories":[125,21,244],"tags":[34,17,103,169,287,23,66],"class_list":["post-5931","post","type-post","status-publish","format-standard","hentry","category-ecologie","category-les-alters-dans-les-luttes","category-point-de-vue","tag-alternatifs","tag-autoroute-castres-toulouse","tag-demarche-citoyenne","tag-ecologie-2","tag-grand-projet-inutile","tag-luttes","tag-services-publics"],"_links":{"self":[{"href":"https:\/\/alternatifs81.fr\/index.php?rest_route=\/wp\/v2\/posts\/5931","targetHints":{"allow":["GET"]}}],"collection":[{"href":"https:\/\/alternatifs81.fr\/index.php?rest_route=\/wp\/v2\/posts"}],"about":[{"href":"https:\/\/alternatifs81.fr\/index.php?rest_route=\/wp\/v2\/types\/post"}],"author":[{"embeddable":true,"href":"https:\/\/alternatifs81.fr\/index.php?rest_route=\/wp\/v2\/users\/1"}],"replies":[{"embeddable":true,"href":"https:\/\/alternatifs81.fr\/index.php?rest_route=%2Fwp%2Fv2%2Fcomments&post=5931"}],"version-history":[{"count":0,"href":"https:\/\/alternatifs81.fr\/index.php?rest_route=\/wp\/v2\/posts\/5931\/revisions"}],"wp:attachment":[{"href":"https:\/\/alternatifs81.fr\/index.php?rest_route=%2Fwp%2Fv2%2Fmedia&parent=5931"}],"wp:term":[{"taxonomy":"category","embeddable":true,"href":"https:\/\/alternatifs81.fr\/index.php?rest_route=%2Fwp%2Fv2%2Fcategories&post=5931"},{"taxonomy":"post_tag","embeddable":true,"href":"https:\/\/alternatifs81.fr\/index.php?rest_route=%2Fwp%2Fv2%2Ftags&post=5931"}],"curies":[{"name":"wp","href":"https:\/\/api.w.org\/{rel}","templated":true}]}}