{"id":5849,"date":"2012-08-16T22:10:40","date_gmt":"2012-08-16T21:10:40","guid":{"rendered":"http:\/\/alternatifs81.fr\/?p=5849"},"modified":"2012-08-19T16:20:11","modified_gmt":"2012-08-19T15:20:11","slug":"un-militant-anti-raciste-nest-plus-notre-combat-commun-continue","status":"publish","type":"post","link":"https:\/\/alternatifs81.fr\/?p=5849","title":{"rendered":"Mouloud AOUNIT,  combattant des luttes anti-racistes, nous a quitt\u00e9-e-s."},"content":{"rendered":"<h3 style=\"text-align: justify;\"><em><span style=\"color: #008000;\"><a href=\"http:\/\/alternatifs81.fr\/wp-content\/uploads\/MRAP-gand.png\" rel=\"lightbox[5849]\"><img loading=\"lazy\" decoding=\"async\" class=\"alignleft size-full wp-image-5850\" style=\"margin: 10px;\" title=\"MRAP-gand\" src=\"http:\/\/alternatifs81.fr\/wp-content\/uploads\/MRAP-gand.png\" alt=\"\" width=\"150\" height=\"105\" \/><\/a>Les militants Alternatifs rendent hommage \u00e0 Mouloud AOUNIT et pr\u00e9sentent \u00e0 ses proches leurs plus sinc\u00e8res condol\u00e9ances. <\/span><\/em><\/h3>\n<h3 style=\"text-align: justify;\"><em><span style=\"color: #008000;\">A nos camarades du MRAP, nous voudrions redire notre solidarit\u00e9. <\/span><\/em><em><span style=\"color: #008000;\"><br \/>\nA tout de suite dans les luttes contre les racismes, contre toutes les discriminations, \u00e0 travers nos diversit\u00e9s . . .<\/span><\/em><\/h3>\n<h3 style=\"text-align: justify;\"><em><\/em><em><span style=\"color: #008000;\">\u00a0Les camps de Roms sont d\u00e9mont\u00e9s quotidiennement. Est-ce l\u00e0 le changement promis ? (Doutons-en. . .)<br \/>\nLes camps de r\u00e9tention eux, attendron<span style=\"color: #ff0000;\"><span style=\"color: #008000;\">t<\/span> <\/span>pour \u00eatre d\u00e9mantel\u00e9s.<br \/>\nEt les sans-papiers ? Le combat pour leur r\u00e9gularisation reste plus que jamais n\u00e9cessaire. . .<br \/>\nQuant \u00e0 \u00ab\u00a0la b\u00eate immonde\u00a0\u00bb, nous ne serons pas de trop, les un-e-s et les autres, pour \u00e9radiquer ce fl\u00e9au et les id\u00e9es naus\u00e9abondes qui constituent son fonds de commerce.<br \/>\nListe non exhaustive, bien entendu, des divers fronts sur les terrains de lutte politique et sociale qui nous sont communs.<br \/>\nMouloud nous a quitt\u00e9-e-s. ..<br \/>\nSon combat continue.<br \/>\nAssociations, syndicats, partis et mouvements politiques, il est le n\u00f4tre.<br \/>\nNous le poursuivrons, tous ensemble, avec la force de nos diversit\u00e9s d&rsquo;appr\u00e9ciation.<br \/>\nC&rsquo;est, plus que jamais, n\u00e9cessaire.<\/span><\/em><\/h3>\n<gcse:search><\/gcse:search>","protected":false},"excerpt":{"rendered":"<p>Les militants Alternatifs rendent hommage \u00e0 Mouloud AOUNIT et pr\u00e9sentent \u00e0 ses proches leurs plus sinc\u00e8res condol\u00e9ances. A nos camarades du MRAP, nous voudrions redire notre solidarit\u00e9. A tout de suite dans les luttes contre les racismes, contre toutes les discriminations, \u00e0 travers nos diversit\u00e9s . . . \u00a0Les camps de Roms sont d\u00e9mont\u00e9s quotidiennement. [&hellip;]<\/p>\n","protected":false},"author":1,"featured_media":0,"comment_status":"open","ping_status":"closed","sticky":false,"template":"","format":"standard","meta":{"footnotes":""},"categories":[284,126,217,173,193],"tags":[34,103,23],"class_list":["post-5849","post","type-post","status-publish","format-standard","hentry","category-anti-racismes","category-gauche-de-combat","category-libertes","category-no-pasaran","category-social","tag-alternatifs","tag-demarche-citoyenne","tag-luttes"],"_links":{"self":[{"href":"https:\/\/alternatifs81.fr\/index.php?rest_route=\/wp\/v2\/posts\/5849","targetHints":{"allow":["GET"]}}],"collection":[{"href":"https:\/\/alternatifs81.fr\/index.php?rest_route=\/wp\/v2\/posts"}],"about":[{"href":"https:\/\/alternatifs81.fr\/index.php?rest_route=\/wp\/v2\/types\/post"}],"author":[{"embeddable":true,"href":"https:\/\/alternatifs81.fr\/index.php?rest_route=\/wp\/v2\/users\/1"}],"replies":[{"embeddable":true,"href":"https:\/\/alternatifs81.fr\/index.php?rest_route=%2Fwp%2Fv2%2Fcomments&post=5849"}],"version-history":[{"count":0,"href":"https:\/\/alternatifs81.fr\/index.php?rest_route=\/wp\/v2\/posts\/5849\/revisions"}],"wp:attachment":[{"href":"https:\/\/alternatifs81.fr\/index.php?rest_route=%2Fwp%2Fv2%2Fmedia&parent=5849"}],"wp:term":[{"taxonomy":"category","embeddable":true,"href":"https:\/\/alternatifs81.fr\/index.php?rest_route=%2Fwp%2Fv2%2Fcategories&post=5849"},{"taxonomy":"post_tag","embeddable":true,"href":"https:\/\/alternatifs81.fr\/index.php?rest_route=%2Fwp%2Fv2%2Ftags&post=5849"}],"curies":[{"name":"wp","href":"https:\/\/api.w.org\/{rel}","templated":true}]}}