{"id":5812,"date":"2012-08-09T13:07:46","date_gmt":"2012-08-09T12:07:46","guid":{"rendered":"http:\/\/alternatifs81.fr\/?p=5812"},"modified":"2012-08-15T14:05:53","modified_gmt":"2012-08-15T13:05:53","slug":"menaces-sur-les-libertes-et-letat-de-droit-en-tunisie","status":"publish","type":"post","link":"https:\/\/alternatifs81.fr\/?p=5812","title":{"rendered":"Menaces sur les libert\u00e9s et l&rsquo;\u00e9tat de droit en Tunisie"},"content":{"rendered":"<h2><span style=\"color: #0000ff;\">Menaces sur les libert\u00e9s et l&rsquo;\u00e9tat de droit en Tunisie <\/span><\/h2>\n<div id=\"post-body-550252408821555580\">\n<div><a href=\"http:\/\/2.bp.blogspot.com\/-oQpEZBE93I0\/UCN7hg1M4hI\/AAAAAAAACH0\/JfwZtGynUA8\/s1600\/Tunisielibert%C3%A9\"><img loading=\"lazy\" decoding=\"async\" src=\"http:\/\/2.bp.blogspot.com\/-oQpEZBE93I0\/UCN7hg1M4hI\/AAAAAAAACH0\/JfwZtGynUA8\/s320\/Tunisielibert%C3%A9\" border=\"0\" alt=\"\" width=\"320\" height=\"208\" \/><\/a><\/div>\n<p style=\"text-align: justify;\"><strong><br \/>\n<\/strong><em><span style=\"color: #0000ff;\"><strong>Les Alternatifs sont de plus en plus inquiets de l&rsquo;\u00e9volution de la situation politique en Tunisie et des multiples atteintes aux libert\u00e9s. <\/strong><br \/>\n<\/span><\/em><strong><br \/>\n<\/strong><strong>Libert\u00e9s politiques : la loi doit garantir l&rsquo;ind\u00e9pendance de la future commission \u00e9lectorale qui ne doit en aucun cas \u00eatre inf\u00e9od\u00e9e, ni \u00e0 un parti, ni \u00e0 l&rsquo;administration, ni au gouvernement. <\/strong><br \/>\n<strong><br \/>\n<\/strong><strong>Ind\u00e9pendance de la justice : la loi doit aussi garantir l&rsquo;ind\u00e9pendance de la justice qui ne doit pas \u00eatre instrumentalis\u00e9e par le gouvernement pour quelque motif que<!--more-->\u00a0ce soit ; or, le projet de loi r\u00e9cemment d\u00e9pos\u00e9 maintient la tutelle du pouvoir sur la justice, ce qui n&rsquo;est pas sans rappeler l&rsquo;\u00e9poque de Ben Ali. <\/strong><br \/>\n<strong><br \/>\n<\/strong><strong>Libert\u00e9s universitaires : l&rsquo;autonomie scientifique des universit\u00e9s doit \u00eatre garantie afin que les enseignants-chercheurs et les \u00e9tudiants puissent travailler sereinement, sans subir la pression de groupes politiques r\u00e9trogrades, comme ce fut le cas pendant l&rsquo;ann\u00e9e 2011-2012, en particulier \u00e0 la facult\u00e9 des lettres de la Manouba : les Alternatifs renouvellent leur soutien au doyen Habib Kazdaghli, injustement tra\u00een\u00e9 devant une justice aux ordres du pouvoir, alors qu&rsquo;il fut la victime d&rsquo;une agression et non son responsable.<\/strong><br \/>\n<a name=\"more\"><\/a><strong>\u00a0<\/strong><br \/>\n<strong><br \/>\n<\/strong><strong>Les Alternatifs s&rsquo;indignent des multiples attaques \u00e0 la libert\u00e9 d&rsquo;expression qui se produisent depuis un an :<\/strong><br \/>\n<strong>&#8211; censure du film \u00ab La\u00efcit\u00e9, Inch Allah \u00bb et menaces contre sa r\u00e9alisatrice, Nadia El-Fani, contrainte de se r\u00e9fugier en France, +agression et proc\u00e8s contre le directeur de la cha\u00eene de TV Nessma suite \u00e0 la diffusion du film \u00ab Pers\u00e9polis \u00bb,<\/strong><br \/>\n<strong>&#8211; limogeage des directeurs des cha\u00eenes de t\u00e9l\u00e9vision publiques,<\/strong><br \/>\n<strong>&#8211; agression contre une exposition artistique \u00e0 Tunis et destruction de tableaux \u00e0 Tunis en juin dernier,<\/strong><br \/>\n<strong>&#8211; agression contre un fondateur du MTI (Mouvement de la tendance islamique), anc\u00eatre de Ennahda par des extr\u00e9mistes religieux le 5 ao\u00fbt,<\/strong><br \/>\n<strong>&#8211; projet de loi contre \u00ab les atteintes au sacr\u00e9 \u00bb qui permettra de censurer toute expression qui ne serait pas du go\u00fbt du pouvoir, ex\u00e9cutif ou judiciaire&#8230; <\/strong><br \/>\n<strong><br \/>\n<\/strong><strong>Les Alternatifs s&rsquo;inqui\u00e8tent des atteintes aux libert\u00e9s individuelles et collectives et aux droits de l&rsquo;homme qui se multiplient ces derniers jours :<\/strong><br \/>\n<strong>&#8211; arrestation d&rsquo;un blogueur, opposant hier \u00e0 Ben Ali, opposant aujourd&rsquo;hui au gouvernement nahdiste, et de deux de ses amis le 5 ao\u00fbt,<\/strong><br \/>\n<strong>&#8211; r\u00e9pression violente d&rsquo;une manifestation \u00e0 Tunis d\u00e9non\u00e7ant les atteintes aux libert\u00e9s ce m\u00eame 5 ao\u00fbt (alors que les manifestations salafistes ne sont que tr\u00e8s rarement et mollement r\u00e9prim\u00e9es, ce qui pose, une fois de plus, la question de la complicit\u00e9 entre le gouvernement nahdiste et les salafistes)<\/strong><br \/>\n<strong>&#8211; r\u00e9gression programm\u00e9e du statut de la femme qui, selon le projet de nouvelle constitution, ne serait plus l&rsquo;\u00e9gale de l&rsquo;homme, mais son \u00ab compl\u00e9ment \u00bb. <\/strong><br \/>\n<strong><br \/>\n<\/strong><strong><em><span style=\"color: #008000;\">Les Alternatifs apportent leur soutien aux d\u00e9mocrates tunisiens qui luttent pour les libert\u00e9s et aux travailleurs victimes de la crise pour lesquels le gouvernement nahdiste ne fait rien<\/span><\/em>.<\/strong><\/p>\n<\/div>\n<gcse:search><\/gcse:search>","protected":false},"excerpt":{"rendered":"<p>Menaces sur les libert\u00e9s et l&rsquo;\u00e9tat de droit en Tunisie Les Alternatifs sont de plus en plus inquiets de l&rsquo;\u00e9volution de la situation politique en Tunisie et des multiples atteintes aux libert\u00e9s. Libert\u00e9s politiques : la loi doit garantir l&rsquo;ind\u00e9pendance de la future commission \u00e9lectorale qui ne doit en aucun cas \u00eatre inf\u00e9od\u00e9e, ni \u00e0 [&hellip;]<\/p>\n","protected":false},"author":1,"featured_media":0,"comment_status":"open","ping_status":"closed","sticky":false,"template":"","format":"standard","meta":{"footnotes":""},"categories":[126,147,217,244],"tags":[34,58],"class_list":["post-5812","post","type-post","status-publish","format-standard","hentry","category-gauche-de-combat","category-international","category-libertes","category-point-de-vue","tag-alternatifs","tag-tunisie"],"_links":{"self":[{"href":"https:\/\/alternatifs81.fr\/index.php?rest_route=\/wp\/v2\/posts\/5812","targetHints":{"allow":["GET"]}}],"collection":[{"href":"https:\/\/alternatifs81.fr\/index.php?rest_route=\/wp\/v2\/posts"}],"about":[{"href":"https:\/\/alternatifs81.fr\/index.php?rest_route=\/wp\/v2\/types\/post"}],"author":[{"embeddable":true,"href":"https:\/\/alternatifs81.fr\/index.php?rest_route=\/wp\/v2\/users\/1"}],"replies":[{"embeddable":true,"href":"https:\/\/alternatifs81.fr\/index.php?rest_route=%2Fwp%2Fv2%2Fcomments&post=5812"}],"version-history":[{"count":0,"href":"https:\/\/alternatifs81.fr\/index.php?rest_route=\/wp\/v2\/posts\/5812\/revisions"}],"wp:attachment":[{"href":"https:\/\/alternatifs81.fr\/index.php?rest_route=%2Fwp%2Fv2%2Fmedia&parent=5812"}],"wp:term":[{"taxonomy":"category","embeddable":true,"href":"https:\/\/alternatifs81.fr\/index.php?rest_route=%2Fwp%2Fv2%2Fcategories&post=5812"},{"taxonomy":"post_tag","embeddable":true,"href":"https:\/\/alternatifs81.fr\/index.php?rest_route=%2Fwp%2Fv2%2Ftags&post=5812"}],"curies":[{"name":"wp","href":"https:\/\/api.w.org\/{rel}","templated":true}]}}