{"id":5803,"date":"2012-08-03T21:21:39","date_gmt":"2012-08-03T20:21:39","guid":{"rendered":"http:\/\/alternatifs81.fr\/?p=5803"},"modified":"2012-08-15T13:45:18","modified_gmt":"2012-08-15T12:45:18","slug":"samedi-11-aout-cercle-de-silence-de-mazamet","status":"publish","type":"post","link":"https:\/\/alternatifs81.fr\/?p=5803","title":{"rendered":"Samedi 11 aout, Cercle de Silence de Mazamet"},"content":{"rendered":"<h3 style=\"text-align: justify;\"><a href=\"http:\/\/alternatifs81.fr\/wp-content\/uploads\/cercle-de-silence3.jpg\" rel=\"lightbox[5803]\"><img loading=\"lazy\" decoding=\"async\" class=\"alignleft size-full wp-image-5804\" title=\"cercle-de-silence\" src=\"http:\/\/alternatifs81.fr\/wp-content\/uploads\/cercle-de-silence3.jpg\" alt=\"\" width=\"104\" height=\"98\" \/><\/a>Comme chaque mois, nous vous invitons \u00e0 participer au Cercle de Silence de Mazamet car nous souhaitons que la France respecte le droit de l&rsquo;Homme, les droits de tous les hommes, de nationalit\u00e9 fran\u00e7aise ou de nationalit\u00e9 \u00e9trang\u00e8re, en situation administrative r\u00e9guli\u00e8re ou non comme St\u00e9phane\u00a0 Maugendre,\u00a0 pr\u00e9sident du Groupe d&rsquo;information et de soutien des travailleurs immigr\u00e9s (Gisti), nous craignons que les nouvelles lois dont r\u00eavent Manuel Vals \u00a0\u00bb inventent une proc\u00e9dure\u00a0 d&rsquo;exception, d\u00e9rogatoire au droit commun\u00a0\u00bb.(cf ci dessous le communiqu\u00e9 de l&rsquo;AFP du 31 juillet 2012)<\/h3>\n<h3 style=\"text-align: justify;\"><em><span style=\"color: #008000;\">Rendez vous donc samedi 11 aout 2012 d\u00e8s 10h30 sur le quai de l&rsquo;Arnette, au milieu du march\u00e9 de Mazamet pour manifester en silence pour les Droits de l&rsquo;Homme.<\/span><\/em><\/h3>\n<h3 style=\"text-align: justify;\">\u00a0<span style=\"color: #808000;\">Et; n&rsquo;oubliez pas que <span style=\"text-decoration: underline;\">le 20 octobre le Cercle de Silence de Toulouse\u00a0 f\u00eate ses 5 ans,<\/span> que nous y sommes tous invit\u00e9s comme les 180 Cercles de Silence\u00a0 de\u00a0 France, et qu&rsquo;il faudra que nous y soyons nombreux\u00a0!<\/span><\/h3>\n<h3 style=\"text-align: justify;\">\u00a0<\/h3>\n<h3 style=\"text-align: justify;\">A samedi donc, 10h30<\/h3>\n<h3 style=\"text-align: justify;\">Amicalement<\/h3>\n<h3 style=\"text-align: justify;\">\u00a0Eric<!--more--><\/h3>\n<h3 style=\"text-align: justify;\">\u00a0<\/h3>\n<h3 style=\"text-align: justify;\">\u00a0<\/h3>\n<h3 style=\"text-align: justify;\">\u00a0<\/h3>\n<h3 style=\"text-align: justify;\">D\u00e9p\u00eache AFP 31 juillet 2012<\/h3>\n<h3 style=\"text-align: justify;\">Le ministre de l&rsquo;Int\u00e9rieur <a href=\"http:\/\/www.lepoint.fr\/tags\/manuel-valls\">Manuel Valls<\/a> a annonc\u00e9 mardi un projet de loi pour la fin octobre visant \u00e0 permettre la r\u00e9tention administrative pendant douze heures des immigr\u00e9s clandestins, en r\u00e9ponse \u00e0 la fin de la garde \u00e0 vue pour les sans-papiers ordonn\u00e9e par la <a href=\"http:\/\/www.lepoint.fr\/tags\/cour-de-cassation\">Cour de cassation<\/a>.<\/h3>\n<h3 style=\"text-align: justify;\">Le 5 juillet, la Cour avait d\u00e9cid\u00e9 que conform\u00e9ment \u00e0 la l\u00e9gislation europ\u00e9enne, il \u00e9tait d\u00e9sormais ill\u00e9gal de placer des clandestins en garde \u00e0 vue (24 heures renouvelables une fois), pour le seul motif de s\u00e9jour irr\u00e9gulier.<\/h3>\n<h3 style=\"text-align: justify;\">Les policiers ne disposaient donc plus que des quatre heures d&rsquo;un contr\u00f4le d&rsquo;identit\u00e9 ou d&rsquo;une audition libre, pour engager la proc\u00e9dure pr\u00e9alable \u00e0 une \u00e9ventuelle expulsion.<\/h3>\n<h3 style=\"text-align: justify;\">Cette d\u00e9cision de la Cour de cassation concernait 60.000 personnes par an, selon les associations de d\u00e9fense des sans-papiers.<\/h3>\n<h3 style=\"text-align: justify;\">Dans un discours prononc\u00e9 mardi devant les pr\u00e9fets et communiqu\u00e9 \u00e0 l&rsquo;<a href=\"http:\/\/www.lepoint.fr\/tags\/afp\">AFP<\/a>, le ministre de l&rsquo;Int\u00e9rieur, Manuel Valls a annonc\u00e9 qu'\u00a0\u00bbun projet de loi (serait) propos\u00e9 au Parlement avant la fin du mois d&rsquo;octobre qui cr\u00e9era un r\u00e9gime sp\u00e9cifique de retenue administrative portant \u00e0 douze heures le d\u00e9lai pour v\u00e9rifier la situation d&rsquo;un \u00e9tranger\u00a0\u00bb.<\/h3>\n<h3 style=\"text-align: justify;\">\u00ab\u00a0C&rsquo;est essentiel pour l&rsquo;efficacit\u00e9 de notre politique d&rsquo;\u00e9loignement\u00a0\u00bb, a-t-il insist\u00e9.<\/h3>\n<h3 style=\"text-align: justify;\">Le d\u00e9put\u00e9 <a href=\"http:\/\/www.lepoint.fr\/tags\/ump\">UMP<\/a> <a href=\"http:\/\/www.lepoint.fr\/tags\/eric-ciotti\">Eric Ciotti<\/a> s&rsquo;est inqui\u00e9t\u00e9 lundi \u00ab\u00a0d&rsquo;un effondrement de pr\u00e8s de la moiti\u00e9 des reconduites \u00e0 la fronti\u00e8re depuis le mois de mai\u00a0\u00bb. Le parlementaire \u00ab\u00a0est dans la pol\u00e9mique\u00a0\u00bb, lui avait r\u00e9pondu l&rsquo;Int\u00e9rieur expliquant que \u00ab\u00a0la chute du nombre de reconduites (\u00e9tait) due uniquement \u00e0 la nouvelle donne sur les gardes \u00e0 vue\u00a0\u00bb.<\/h3>\n<h3 style=\"text-align: justify;\">Apr\u00e8s la d\u00e9cision de la Cour de cassation, l&rsquo;avocat de l&rsquo;association d&rsquo;aide aux \u00e9trangers Cimade, Me <a href=\"http:\/\/www.lepoint.fr\/tags\/patrice-spinosi\">Patrice Spinosi<\/a>, avait appel\u00e9 de ses voeux \u00ab\u00a0une nouvelle mesure de pr\u00e9-r\u00e9tention administrative, qui permettra d&rsquo;arr\u00eater la personne et de v\u00e9rifier son identit\u00e9, pendant une dur\u00e9e de huit \u00e0 dix heures maximum\u00a0\u00bb, avant \u00ab\u00a0le cas \u00e9ch\u00e9ant, d&rsquo;enclencher la proc\u00e9dure de retour\u00a0\u00bb.<\/h3>\n<h3 style=\"text-align: justify;\">\u00ab\u00a0Ce qu&rsquo;on peut craindre, c&rsquo;est que le l\u00e9gislateur invente une proc\u00e9dure d&rsquo;exception, d\u00e9rogatoire au droit commun\u00a0\u00bb, avait mis en garde St\u00e9phane Maugendre, pr\u00e9sident du Groupe d&rsquo;information et de soutien des travailleurs immigr\u00e9s (Gisti).<\/h3>\n<gcse:search><\/gcse:search>","protected":false},"excerpt":{"rendered":"<p>Comme chaque mois, nous vous invitons \u00e0 participer au Cercle de Silence de Mazamet car nous souhaitons que la France respecte le droit de l&rsquo;Homme, les droits de tous les hommes, de nationalit\u00e9 fran\u00e7aise ou de nationalit\u00e9 \u00e9trang\u00e8re, en situation administrative r\u00e9guli\u00e8re ou non comme St\u00e9phane\u00a0 Maugendre,\u00a0 pr\u00e9sident du Groupe d&rsquo;information et de soutien des [&hellip;]<\/p>\n","protected":false},"author":1,"featured_media":0,"comment_status":"open","ping_status":"closed","sticky":false,"template":"","format":"standard","meta":{"footnotes":""},"categories":[126,217,173],"tags":[283,103,50,23],"class_list":["post-5803","post","type-post","status-publish","format-standard","hentry","category-gauche-de-combat","category-libertes","category-no-pasaran","tag-cercles-de-silence","tag-demarche-citoyenne","tag-discriminations","tag-luttes"],"_links":{"self":[{"href":"https:\/\/alternatifs81.fr\/index.php?rest_route=\/wp\/v2\/posts\/5803","targetHints":{"allow":["GET"]}}],"collection":[{"href":"https:\/\/alternatifs81.fr\/index.php?rest_route=\/wp\/v2\/posts"}],"about":[{"href":"https:\/\/alternatifs81.fr\/index.php?rest_route=\/wp\/v2\/types\/post"}],"author":[{"embeddable":true,"href":"https:\/\/alternatifs81.fr\/index.php?rest_route=\/wp\/v2\/users\/1"}],"replies":[{"embeddable":true,"href":"https:\/\/alternatifs81.fr\/index.php?rest_route=%2Fwp%2Fv2%2Fcomments&post=5803"}],"version-history":[{"count":0,"href":"https:\/\/alternatifs81.fr\/index.php?rest_route=\/wp\/v2\/posts\/5803\/revisions"}],"wp:attachment":[{"href":"https:\/\/alternatifs81.fr\/index.php?rest_route=%2Fwp%2Fv2%2Fmedia&parent=5803"}],"wp:term":[{"taxonomy":"category","embeddable":true,"href":"https:\/\/alternatifs81.fr\/index.php?rest_route=%2Fwp%2Fv2%2Fcategories&post=5803"},{"taxonomy":"post_tag","embeddable":true,"href":"https:\/\/alternatifs81.fr\/index.php?rest_route=%2Fwp%2Fv2%2Ftags&post=5803"}],"curies":[{"name":"wp","href":"https:\/\/api.w.org\/{rel}","templated":true}]}}