{"id":5801,"date":"2012-08-03T21:47:29","date_gmt":"2012-08-03T20:47:29","guid":{"rendered":"http:\/\/alternatifs81.fr\/?p=5801"},"modified":"2012-08-21T13:02:20","modified_gmt":"2012-08-21T12:02:20","slug":"programme-de-luniversite-dete-des-alternatifs","status":"publish","type":"post","link":"https:\/\/alternatifs81.fr\/?p=5801","title":{"rendered":"Programme de l&rsquo;Universit\u00e9 d&rsquo;\u00e9t\u00e9 des Alternatifs"},"content":{"rendered":"<h3><span style=\"color: #008000;\">Universit\u00e9 d\u2019\u00e9t\u00e9 2012 des Alternatifs<\/span><\/h3>\n<h1>\u00ab Mondes anciens, mondes nouveaux \u00bb<\/h1>\n<h3><em><span style=\"color: #ff0000;\">Du 23 au 26 ao\u00fbt 2012 \u00e0 M\u00e9audre pr\u00e8s de Grenoble<\/span><\/em><\/h3>\n<p><!-- finde_surligneconditionnel--><!-- debut_surligneconditionnel --><\/p>\n<div>\n<p><em><span style=\"color: #808000;\">Elle aura lieu du jeudi 23 ao\u00fbt 14h au dimanche 26 ao\u00fbt apr\u00e8s-midi (soit 3 jours\/ 3 nuits)<br \/>\nDans le Vercors, au centre de vacances \u00ab\u00a0Les Epic\u00e9as\u00a0\u00bb au c\u0153ur du village de M\u00e9audre (1400 habitants), station-village ayant su pr\u00e9server une agriculture raisonn\u00e9e et le d\u00e9veloppement d\u2019un tourisme familial.<\/span><\/em><\/p>\n<\/div>\n<h3>Site de l&rsquo;Universit\u00e9 d&rsquo;\u00e9t\u00e9 ici :<\/h3>\n<h3><a href=\"http:\/\/uealternatifs2012.wordpress.com\/\" target=\"_blank\">http:\/\/uealternatifs2012.wordpress.com\/<\/a>\u00a0<\/h3>\n<h3><em><span style=\"color: #008000;\">Une page pour y venir depuis la gare. Attention aux horaires des derniers cars&#8230;<\/span><\/em><\/h3>\n<h3>Ci-dessous, le programme et le reste&#8230;<\/h3>\n<h3>\u00a0<\/h3>\n<h3>A bient\u00f4t dans le Vercors,<\/h3>\n<h3>\u00a0<\/h3>\n<h3>On peut encore s&rsquo;inscrire par les documents sur le site national ici<\/h3>\n<h3><a href=\"http:\/\/www.alternatifs.org\/spip\/mondes-anciens-mondes-nouveaux\" target=\"_blank\">http:\/\/www.alternatifs.org\/spip\/mondes-anciens-mondes-nouveaux<\/a><\/h3>\n<h3>\u00a0<\/h3>\n<h3>Programme de l\u2019universit\u00e9 d\u2019\u00e9t\u00e9 2012 des Alternatifs<\/h3>\n<h3><a href=\"http:\/\/uealternatifs2012.wordpress.com\/\" target=\"http:\/\/uealternatifs2012.wordpress.com\"><\/a><a href=\"http:\/\/uealternatifs2012.wordpress.com\/\">http:\/\/uealternatifs2012.wordpress.com\/<\/a>\u00a0<\/h3>\n<h3>\u00a0<\/h3>\n<h3>Chaque s\u00e9ance du matin commencera \u00e0 9h. La s\u00e9ance pl\u00e9ni\u00e8re dure jusqu\u2019\u00e0 10h30. Les ateliers durent de 10h 45 \u00e0 13h<\/h3>\n<h3>Chaque s\u00e9ance d\u2019apr\u00e8s-midi commence \u00e0 15h. La s\u00e9ance pl\u00e9ni\u00e8re dure jusqu\u2019\u00e0 16h30. Les ateliers durent de 16h45 \u00e0 19h.<\/h3>\n<h3>Des activit\u00e9s compl\u00e9mentaires sont pr\u00e9vues en soir\u00e9e (20h 30-22h 30)<!--more--><\/h3>\n<h3>\u00a0<\/h3>\n<h3>Premi\u00e8re s\u00e9ance (23 ao\u00fbt apr\u00e8s-midi)<\/h3>\n<h3>\u00ab Bouleversements g\u00e9ostrat\u00e9giques et crise(s) globale(s) du capitalisme\u00a0\u00bb<\/h3>\n<h3>\u00a0<\/h3>\n<h3>&#8211;\u00a0\u00a0\u00a0\u00a0\u00a0\u00a0\u00a0\u00a0\u00a0 S\u00e9ance pl\u00e9ni\u00e8re\u00a0avec Gustave Massiah<\/h3>\n<h3>&#8211;\u00a0\u00a0\u00a0\u00a0\u00a0\u00a0\u00a0\u00a0\u00a0 \u00a0<\/h3>\n<h3>Atelier 1\u00a0: l\u2019Am\u00e9rique du sud avec Franck Gaudichaud<\/h3>\n<h3>Atelier 2\u00a0: la Chine, avec Alain Caporossi<\/h3>\n<h3>Atelier 3\u00a0: l&rsquo;OTAN, avec Ben Cramer<\/h3>\n<h3>Atelier 4, les instances internationales (ONU, G8, G20\u2026) avec Gustave Massiah<\/h3>\n<h3>Atelier 5\u00a0: <em><span style=\"color: #ff0000;\">la crise \u00e9cologique, avec la commission \u00e9cologique des Alternatifs.<\/span><\/em><\/h3>\n<h3>Atelier 6\u00a0: la Russie avec Vladimir Fisera<\/h3>\n<h3>\u00a0<\/h3>\n<h3>En soir\u00e9e, deux possibilit\u00e9s :<\/h3>\n<h3>\u00a0\u00a0\u00a0\u00a0\u00a0 -Echanges autour du p\u00f4le rouge et vert avec nos camarades de la GA (Gauche anticapitaliste)<\/h3>\n<h3>\u00a0\u00a0\u00a0\u00a0\u00a0 -\u00ab\u00a0Des images et des mots de Chine\u00a0\u00bb, avec Alain Caporossi<\/h3>\n<p>\u00a0<\/p>\n<h3>\u00a0Seconde s\u00e9ance (24 ao\u00fbt au matin)<\/h3>\n<h3>\u00ab\u00a0Altermondialisme et nouveaux mouvements internationalistes\u00a0\u00bb<\/h3>\n<h3>\u00a0<\/h3>\n<h3>&#8211;\u00a0\u00a0\u00a0\u00a0\u00a0\u00a0\u00a0\u00a0\u00a0 S\u00e9ance pl\u00e9ni\u00e8re avec Chrstophe Ventura<\/h3>\n<h3>&#8211;\u00a0\u00a0\u00a0\u00a0\u00a0\u00a0\u00a0\u00a0\u00a0 \u00a0<\/h3>\n<h3>Atelier 1, altermondialisme ou d\u00e9mondialisation avec Beno\u00eet Borrits<\/h3>\n<h3>Atelier 2, Rio + 20 avec\u00a0 R\u00e9mi Querbouet<\/h3>\n<h3>Atelier 3, RAGA avec Mathieu Colloghan<\/h3>\n<h3>Atelier 4, le mouvement des indign\u00e9s en Espagne avec Miquel Didac Pineyro<\/h3>\n<h3>Atelier 5, les autres mouvements du m\u00eame type ou voisins (Occupy Wall Street, Anonymous\u2026) avec Jade Lindgaard<\/h3>\n<h3>Atelier 6, f\u00e9minisme et altermondialisme avec Fr\u00e9d\u00e9rique Payen<\/h3>\n<h3>\u00a0<\/h3>\n<h3>Troisi\u00e8me s\u00e9ance (24 ao\u00fbt apr\u00e8s-midi)<\/h3>\n<h3>\u00ab\u00a0La nature de la crise europ\u00e9enne et ses cons\u00e9quences\u00a0\u00bb<\/h3>\n<h3>\u00a0<\/h3>\n<h3>&#8211;\u00a0\u00a0\u00a0\u00a0\u00a0\u00a0\u00a0\u00a0\u00a0 S\u00e9ance pl\u00e9ni\u00e8re avec Benoit Borrits<\/h3>\n<h3>&#8211;\u00a0\u00a0\u00a0\u00a0\u00a0\u00a0\u00a0\u00a0\u00a0 \u00a0<\/h3>\n<h3>Atelier 1, le laboratoire hongrois, avec Vincent Li\u00e9gey<\/h3>\n<h3>Atelier 2, la situation en Gr\u00e8ce avec Foivos Marias<\/h3>\n<h3>Atelier 3, l\u2019origine et la riposte \u00e0 la dette avec Yvette Krolikowski et Fathi Chamki<\/h3>\n<h3>Atelier 4, la crise de la d\u00e9mocratie Bruno Della Sudda.<\/h3>\n<h3>\u00a0<\/h3>\n<h3>.<\/h3>\n<h3>\u00a0<\/h3>\n<h3>En soir\u00e9e : pr\u00e9sentations d&rsquo;ouvrages par diff\u00e9rents auteurs (Alternatifs ou invit\u00e9s) : G. Dalgalian, J. Fontaine, B. Ravenel, R. Winterhalter&#8230;<\/h3>\n<h3>\u00a0<\/h3>\n<h3>\u00a0<\/h3>\n<h3>\u00a0<\/h3>\n<h3>Quatri\u00e8me s\u00e9ance (25 ao\u00fbt matin)<\/h3>\n<h3>\u00a0\u00ab\u00a0R\u00e9volutions arabes, bilan et perspectives\u00a0\u00bb<\/h3>\n<h3>\u00a0<\/h3>\n<h3>&#8211;\u00a0\u00a0\u00a0\u00a0\u00a0\u00a0\u00a0\u00a0\u00a0 S\u00e9ance pl\u00e9ni\u00e8re avec Jacques Fontaine<\/h3>\n<h3>Atelier 1, le cas tunisien avec Habib Kazdaghli<\/h3>\n<h3>Atelier 2, les femmes dans les r\u00e9volutions arabes avec ???<\/h3>\n<h3>Atelier 3, la question \u00e9conomique dans les r\u00e9volutions arabes avec Fathi Chamki<\/h3>\n<h3>Atelier 4, la d\u00e9mocratie dans les r\u00e9volutions arabes, avec ???<\/h3>\n<h3>Atelier 5, le cas syrien, avec Fouad Alkatrib<\/h3>\n<h3>Atelier 6, la r\u00e9sistance populaire non violente en Palestine avec Bernard Ravenel<\/h3>\n<h3>Au cas o\u00f9 l&rsquo;un des ateliers pr\u00e9vus ne pourrait se tenir, un atelier sur les migrations pourrait \u00eatre organis\u00e9 avec Fernanda&#8230;.<\/h3>\n<h3>\u00a0<\/h3>\n<h3>\u00a0<\/h3>\n<h3>Rencontre avec nos partenaires politiques (25 ao\u00fbt apr\u00e8s-midi) : GA, FASE, Cl\u00e9mentine Autain&#8230;<\/h3>\n<h3>\u00a0<\/h3>\n<h3>\u00a0<\/h3>\n<h3>Cinqui\u00e8me s\u00e9ance (26 ao\u00fbt matin)<\/h3>\n<h3>\u00ab\u00a0Mouvements autogestionnaires au Nord et au Sud\u00a0\u00bb<\/h3>\n<h3>\u00a0<\/h3>\n<h3>S\u00e9ance pl\u00e9ni\u00e8re: Richard Neuville et Beno\u00eet Borrits<\/h3>\n<h3>Atelier 1, histoire du mouvement autogestionnaire en Europe de l\u2019Est avec Vladimir Fisera<\/h3>\n<h3>Atelier 2, exp\u00e9riences autogestionnaires en Catalogne avec Miquel Didac Pineyro<\/h3>\n<h3>Atelier 3, les entreprises r\u00e9cup\u00e9r\u00e9es en Argentine avec Nils Solari.<\/h3>\n<h3>Atelier 4, une anthropologie politique de l&rsquo;autogestion avec Gilbert Dalgalian<\/h3>\n<h3>Atelier 5, <span style=\"color: #ff0000;\">Ceralep avec ???<\/span><\/h3>\n<h3>\u00a0<\/h3>\n<h3>NB En <span style=\"color: #ff0000;\">italiques rouges<\/span>, les th\u00e8mes et les intervenants incertains.<\/h3>\n<gcse:search><\/gcse:search>","protected":false},"excerpt":{"rendered":"<p>Universit\u00e9 d\u2019\u00e9t\u00e9 2012 des Alternatifs \u00ab Mondes anciens, mondes nouveaux \u00bb Du 23 au 26 ao\u00fbt 2012 \u00e0 M\u00e9audre pr\u00e8s de Grenoble Elle aura lieu du jeudi 23 ao\u00fbt 14h au dimanche 26 ao\u00fbt apr\u00e8s-midi (soit 3 jours\/ 3 nuits) Dans le Vercors, au centre de vacances \u00ab\u00a0Les Epic\u00e9as\u00a0\u00bb au c\u0153ur du village de M\u00e9audre [&hellip;]<\/p>\n","protected":false},"author":1,"featured_media":0,"comment_status":"open","ping_status":"closed","sticky":false,"template":"","format":"standard","meta":{"footnotes":""},"categories":[15,125,149,126,147,5,1,232,6,123,180],"tags":[34,398,103,117,169,16,400,58],"class_list":["post-5801","post","type-post","status-publish","format-standard","hentry","category-autogestion","category-ecologie","category-feminisme","category-gauche-de-combat","category-international","category-les-alters-kezako","category-non-classe","category-notre-economie-et-la-leur","category-notre-projet","category-rouge-et-vert","category-services-publics-2","tag-alternatifs","tag-autogestion","tag-demarche-citoyenne","tag-democratie","tag-ecologie-2","tag-economie","tag-feminisme","tag-tunisie"],"_links":{"self":[{"href":"https:\/\/alternatifs81.fr\/index.php?rest_route=\/wp\/v2\/posts\/5801","targetHints":{"allow":["GET"]}}],"collection":[{"href":"https:\/\/alternatifs81.fr\/index.php?rest_route=\/wp\/v2\/posts"}],"about":[{"href":"https:\/\/alternatifs81.fr\/index.php?rest_route=\/wp\/v2\/types\/post"}],"author":[{"embeddable":true,"href":"https:\/\/alternatifs81.fr\/index.php?rest_route=\/wp\/v2\/users\/1"}],"replies":[{"embeddable":true,"href":"https:\/\/alternatifs81.fr\/index.php?rest_route=%2Fwp%2Fv2%2Fcomments&post=5801"}],"version-history":[{"count":0,"href":"https:\/\/alternatifs81.fr\/index.php?rest_route=\/wp\/v2\/posts\/5801\/revisions"}],"wp:attachment":[{"href":"https:\/\/alternatifs81.fr\/index.php?rest_route=%2Fwp%2Fv2%2Fmedia&parent=5801"}],"wp:term":[{"taxonomy":"category","embeddable":true,"href":"https:\/\/alternatifs81.fr\/index.php?rest_route=%2Fwp%2Fv2%2Fcategories&post=5801"},{"taxonomy":"post_tag","embeddable":true,"href":"https:\/\/alternatifs81.fr\/index.php?rest_route=%2Fwp%2Fv2%2Ftags&post=5801"}],"curies":[{"name":"wp","href":"https:\/\/api.w.org\/{rel}","templated":true}]}}