{"id":5655,"date":"2012-06-20T00:59:11","date_gmt":"2012-06-19T23:59:11","guid":{"rendered":"http:\/\/alternatifs81.fr\/?p=5655"},"modified":"2012-06-28T09:53:08","modified_gmt":"2012-06-28T08:53:08","slug":"pas-une-simple-alternance-mais-une-vraie-alternative-sociale-et-ecologique","status":"publish","type":"post","link":"https:\/\/alternatifs81.fr\/?p=5655","title":{"rendered":"Pas une simple alternance, mais une vraie alternative sociale et \u00e9cologique !"},"content":{"rendered":"<p style=\"text-align: justify;\"><span style=\"color: #0000ff;\"><em><strong><a href=\"http:\/\/alternatifs81.fr\/wp-content\/uploads\/arton852-db1065.png\" rel=\"lightbox[5655]\"><img loading=\"lazy\" decoding=\"async\" class=\"alignleft size-full wp-image-5658\" style=\"margin: 10px;\" title=\"arton852-db106\" src=\"http:\/\/alternatifs81.fr\/wp-content\/uploads\/arton852-db1065.png\" alt=\"\" width=\"150\" height=\"65\" \/><\/a>Communiqu\u00e9 Les Alternatifs 81 <\/strong><\/em><\/span><\/p>\n<h3 style=\"text-align: justify;\"><a href=\"http:\/\/alternatifs81.fr\/wp-content\/uploads\/58022253_q1.png\" rel=\"lightbox[5655]\"><\/a>Les \u00e9lections l\u00e9gislatives ont donn\u00e9 leur verdict\u00a0: la gauche social lib\u00e9rale remporte largement la majorit\u00e9 des si\u00e8ges, derri\u00e8re le slogan \u00ab\u00a0<em>Le changement c\u2019est maintenant\u00a0! <\/em>\u00a0\u00bb Le fort taux d\u2019abstention indique que ce n\u2019est pas le triste spectacle des gesticulations m\u00e9diatiques de dirigeants politiques de tous bords qui va r\u00e9concilier nos concitoyens avec la politique, ni les \u00e9loigner des mirages agit\u00e9s par les d\u00e9magogues de l\u2019extr\u00eame-droite. Il faut s\u2019attaquer aux racines du mal.<\/h3>\n<h3 style=\"text-align: justify;\">Notre projet, celui que nos camarades ont d\u00e9fendu lors des derni\u00e8res \u00e9lections l\u00e9gislatives sous la banni\u00e8re de la Gauche Alternative, est porteur de refondation sociale, \u00e9cologique, d\u00e9mocratique. Il passe par<!--more--><\/h3>\n<h3 style=\"text-align: justify;\">&#8211;\u00a0\u00a0\u00a0\u00a0\u00a0\u00a0\u00a0\u00a0\u00a0 le contr\u00f4le citoyen de la production, de la distribution, de la consommation\u00a0;<\/h3>\n<h3 style=\"text-align: justify;\">&#8211;\u00a0\u00a0\u00a0\u00a0\u00a0\u00a0\u00a0\u00a0\u00a0 une baisse cons\u00e9quente du temps de travail\u00a0;<\/h3>\n<h3 style=\"text-align: justify;\">&#8211;\u00a0\u00a0\u00a0\u00a0\u00a0\u00a0\u00a0\u00a0\u00a0 la reconversion de la production \u00e9nerg\u00e9tique, par la reconversion de la production industrielle; tout d\u2019abord, celles de l\u2019automobile, de l\u2019a\u00e9ronautique et de l\u2019armement\u00a0;<\/h3>\n<h3 style=\"text-align: justify;\">&#8211;\u00a0\u00a0\u00a0\u00a0\u00a0\u00a0\u00a0\u00a0\u00a0 la mise en place de processus de d\u00e9mocratie active, de d\u00e9mocratie directe, dans les lieux de travail, d\u2019\u00e9ducation, de sant\u00e9, comme dans nos villages et nos quartiers.<\/h3>\n<h3 style=\"text-align: justify;\">A coup s\u00fbr, il faudra nous mobiliser sans complexes ni h\u00e9sitations pour faire avancer ces dossiers.<\/h3>\n<h3 style=\"text-align: justify;\">Localement, celui de l\u2019abandon d\u00e9finitif de l\u2019autoroute et, en contre partie, celui du d\u00e9veloppement des transports en commun publics et gratuits, celui des \u00e9tablissements de sant\u00e9 de proximit\u00e9, celui de la relocalisation de l\u2019\u00e9conomie et de l\u2019ensemble des Services Publics.<\/h3>\n<h3 style=\"text-align: justify;\">Nationalement\u00a0: ceux de l\u2019emploi, des retraites (en particulier la question cruciale\u00a0 des retraites des petits agriculteurs, des femmes et des ch\u00f4meurs), ceux de l\u2019\u00e9nergie, avec l\u2019abandon tr\u00e8s rapide de la fili\u00e8re nucl\u00e9aire. Et, tout d\u2019abord, la question de la dette ill\u00e9gitime (celle qui n\u2019est pas caus\u00e9e par des investissements d\u2019utilit\u00e9 publique Face \u00e0 la puissance financi\u00e8re, il est plus que jamais n\u00e9cessaire de rester mobilis\u00e9s.<\/h3>\n<h3 style=\"text-align: justify;\">La social-d\u00e9mocratie\u00a0aura-t-elle la volont\u00e9 de s\u2019appuyer sur les mobilisations populaires n\u00e9cessaires\u00a0pour r\u00e9soudre ces questions ? Les Alternatifs, ne font pas\u00a0 confiance \u00e0 cette majorit\u00e9 pour mener \u00e0 bien le changement radical dont nous avons besoin.<\/h3>\n<h3 style=\"text-align: justify;\">Les mobilisations sociales, citoyennes, \u00e9cologiques sont donc vitales pour un vrai changement, maintenant. Les Alternatifs en seront activement partie prenante. Parall\u00e8lement, ils poursuivront une d\u00e9marche visant \u00e0 rassembler toute la gauche de transformation sociale et \u00e9cologique et \u00e0 constituer une force anticapitaliste rouge et verte.<\/h3>\n<p style=\"text-align: justify;\">\n<p><em>Castres, le 19 juin 2012 <\/em><\/p>\n<h3><em><span style=\"color: #0000ff;\">Les Alternatifs 81<\/span><\/em><\/h3>\n<gcse:search><\/gcse:search>","protected":false},"excerpt":{"rendered":"<p>Communiqu\u00e9 Les Alternatifs 81 Les \u00e9lections l\u00e9gislatives ont donn\u00e9 leur verdict\u00a0: la gauche social lib\u00e9rale remporte largement la majorit\u00e9 des si\u00e8ges, derri\u00e8re le slogan \u00ab\u00a0Le changement c\u2019est maintenant\u00a0! \u00a0\u00bb Le fort taux d\u2019abstention indique que ce n\u2019est pas le triste spectacle des gesticulations m\u00e9diatiques de dirigeants politiques de tous bords qui va r\u00e9concilier nos concitoyens [&hellip;]<\/p>\n","protected":false},"author":1,"featured_media":0,"comment_status":"open","ping_status":"closed","sticky":false,"template":"","format":"standard","meta":{"footnotes":""},"categories":[275,9,62],"tags":[34,17,26,103,23],"class_list":["post-5655","post","type-post","status-publish","format-standard","hentry","category-a-gauche-toute","category-communiques","category-elections","tag-alternatifs","tag-autoroute-castres-toulouse","tag-communique-de-presse","tag-demarche-citoyenne","tag-luttes"],"_links":{"self":[{"href":"https:\/\/alternatifs81.fr\/index.php?rest_route=\/wp\/v2\/posts\/5655","targetHints":{"allow":["GET"]}}],"collection":[{"href":"https:\/\/alternatifs81.fr\/index.php?rest_route=\/wp\/v2\/posts"}],"about":[{"href":"https:\/\/alternatifs81.fr\/index.php?rest_route=\/wp\/v2\/types\/post"}],"author":[{"embeddable":true,"href":"https:\/\/alternatifs81.fr\/index.php?rest_route=\/wp\/v2\/users\/1"}],"replies":[{"embeddable":true,"href":"https:\/\/alternatifs81.fr\/index.php?rest_route=%2Fwp%2Fv2%2Fcomments&post=5655"}],"version-history":[{"count":0,"href":"https:\/\/alternatifs81.fr\/index.php?rest_route=\/wp\/v2\/posts\/5655\/revisions"}],"wp:attachment":[{"href":"https:\/\/alternatifs81.fr\/index.php?rest_route=%2Fwp%2Fv2%2Fmedia&parent=5655"}],"wp:term":[{"taxonomy":"category","embeddable":true,"href":"https:\/\/alternatifs81.fr\/index.php?rest_route=%2Fwp%2Fv2%2Fcategories&post=5655"},{"taxonomy":"post_tag","embeddable":true,"href":"https:\/\/alternatifs81.fr\/index.php?rest_route=%2Fwp%2Fv2%2Ftags&post=5655"}],"curies":[{"name":"wp","href":"https:\/\/api.w.org\/{rel}","templated":true}]}}