{"id":5641,"date":"2012-06-18T08:21:51","date_gmt":"2012-06-18T07:21:51","guid":{"rendered":"http:\/\/alternatifs81.fr\/?p=5641"},"modified":"2012-06-20T07:33:30","modified_gmt":"2012-06-20T06:33:30","slug":"et-maintenant-resistance-raoul-marc-jennar","status":"publish","type":"post","link":"https:\/\/alternatifs81.fr\/?p=5641","title":{"rendered":"Et maintenant ? R\u00e9sistance ! Raoul Marc JENNAR"},"content":{"rendered":"<h3 style=\"text-align: justify;\"><a href=\"http:\/\/alternatifs81.fr\/wp-content\/uploads\/rmjennar2.jpg\" rel=\"lightbox[5641]\"><img loading=\"lazy\" decoding=\"async\" class=\"alignleft size-medium wp-image-5642\" style=\"margin: 10px;\" title=\"rmjennar\" src=\"http:\/\/alternatifs81.fr\/wp-content\/uploads\/rmjennar2-195x300.jpg\" alt=\"\" width=\"176\" height=\"270\" srcset=\"https:\/\/alternatifs81.fr\/wp-content\/uploads\/rmjennar2-195x300.jpg 195w, https:\/\/alternatifs81.fr\/wp-content\/uploads\/rmjennar2.jpg 209w\" sizes=\"auto, (max-width: 176px) 100vw, 176px\" \/><\/a>La social-d\u00e9mocratie dispose, en France, d\u2019un ch\u00e8que en blanc pour gouverner, pour imposer ses choix. Des choix qui ne rejettent pas l\u2019aust\u00e9rit\u00e9, c\u2019est-\u00e0-dire faire payer par le salariat les app\u00e9tits insatiables des b\u00e9n\u00e9ficiaires d\u2019un syst\u00e8me o\u00f9 la recherche du profit \u00e0 n\u2019importe quel prix tient lieu de r\u00e8gle unique.<\/h3>\n<h3>\n<p style=\"text-align: justify;\">Sur l\u2019essentiel, c\u2019est-\u00e0-dire les politiques europ\u00e9ennes qui conditionnent de mani\u00e8re d\u00e9cisive nos vies au quotidien, nous avons entendu le Pr\u00e9sident de la R\u00e9publique s\u2019engager \u00e0 ce qu\u2019il n\u2019y ait aucun r\u00e9f\u00e9rendum sur les enjeux europ\u00e9ens. Nous avons observ\u00e9 que sa \u00ab ren\u00e9gociation \u00bb du pacte budg\u00e9taire (\u00ab le trait\u00e9 sur le stabilit\u00e9, la coordination et la gouvernance dans l\u2019Union \u00e9conomique et mon\u00e9taire \u00bb) ne s\u2019apparente<!--more-->\u00a0qu\u2019\u00e0 l\u2019addition de mesures de croissance \u00e0 un trait\u00e9 europ\u00e9en une fois de plus g\u00e9n\u00e9rateur de recul d\u00e9mocratique, de r\u00e9gression sociale et d\u2019impuissance face aux d\u00e9fis \u00e9cologiques. Nous venons de l\u2019entendre tenir au peuple grec, avec la m\u00eame arrogance que Merkel, le discours de l\u2019aust\u00e9rit\u00e9 le plus n\u00e9olib\u00e9ral.<\/p>\n<p style=\"text-align: justify;\">Les d\u00e9r\u00e9gulations r\u00e9clam\u00e9es par le monde des affaires et de la finance et mises en \u0153uvre depuis une trentaine d\u2019ann\u00e9es autant \u2013 sinon davantage \u2013 par la social-d\u00e9mocratie que par la droite ont rendu possible une crise financi\u00e8re et \u00e9conomique d\u2019une ampleur sans pr\u00e9c\u00e9dent et confirm\u00e9 le caract\u00e8re irr\u00e9m\u00e9diablement nocif pour les humains et la plan\u00e8te d\u2019un syst\u00e8me capitaliste qui n\u2019accepte comme variable d\u2019ajustement \u00e0 ses d\u00e9rapages que les politiques salariales et sociales.<\/p>\n<p style=\"text-align: justify;\">Avec le M\u00e9canisme europ\u00e9en de stabilit\u00e9 (MES) et le Trait\u00e9 sur la stabilit\u00e9, la coordination et la gouvernance (TSCG), de nouvelles \u00e9tapes de grande ampleur sont franchies dans le d\u00e9ni de d\u00e9mocratie et l\u2019asservissement des peuples d\u2019Europe aux logiques in\u00e9galitaires d\u2019une construction europ\u00e9enne qui s\u2019affirme une nouvelle fois comme un projet de destruction sociale.<\/p>\n<p style=\"text-align: justify;\">Un trait\u00e9 qui impose un m\u00e9canisme budg\u00e9taire \u00ab <em>qui ne sera pas soumis \u00e0 la d\u00e9lib\u00e9ration parlementaire<\/em> \u00bb est totalement inacceptable pour tout d\u00e9mocrate.<\/p>\n<p style=\"text-align: justify;\">L\u2019objectif d\u2019un acc\u00e8s \u00e9gal pour tous \u00e0 la sant\u00e9, \u00e0 l\u2019\u00e9ducation, au logement, au travail, \u00e0 l\u2019eau, \u00e0 l\u2019\u00e9nergie, aux transports sera plus que jamais bloqu\u00e9 par les d\u00e9cisions lib\u00e9rales d\u2019institutions europ\u00e9ennes exclusivement \u00e0 l\u2019\u00e9coute d\u2019int\u00e9r\u00eats particuliers, qui \u00e9chappent \u00e0 tout contr\u00f4le d\u00e9mocratique et qui mettent en \u0153uvre une id\u00e9ologie aux antipodes de l\u2019int\u00e9r\u00eat g\u00e9n\u00e9ral des peuples.<\/p>\n<p style=\"text-align: justify;\">Il est imp\u00e9rieux et urgent que la gauche de gauche politique, syndicale et associative se rassemble et se mobilise pour organiser une r\u00e9sistance en capacit\u00e9 de bloquer tout projet europ\u00e9en qui ne soit pas soumis \u00e0 r\u00e9f\u00e9rendum. Attendre n\u2019est pas une option. En face, l\u2019oligarchie europ\u00e9enne \u2013 patronat et lib\u00e9raux de droite et de gauche \u2013 pr\u00e9pare activement de nouveaux instruments pour asservir les peuples.<\/p>\n<p style=\"text-align: justify;\">Que d\u00e8s cette semaine se cr\u00e9ent partout en France des comit\u00e9s pour un r\u00e9f\u00e9rendum sur l\u2019Union europ\u00e9enne. Au nom de l\u2019exigence d\u2019une Europe d\u00e9mocratique, sociale et \u00e9cologique.<\/p>\n<p style=\"text-align: right;\"><em><span style=\"color: #0000ff;\">18 juin 2012 <\/span><\/em><\/p>\n<p style=\"text-align: right;\"><span style=\"color: #0000ff;\"><em>Raoul Marc JENNAR<\/em> <\/span><\/p>\n<\/h3>\n<gcse:search><\/gcse:search>","protected":false},"excerpt":{"rendered":"<p>La social-d\u00e9mocratie dispose, en France, d\u2019un ch\u00e8que en blanc pour gouverner, pour imposer ses choix. Des choix qui ne rejettent pas l\u2019aust\u00e9rit\u00e9, c\u2019est-\u00e0-dire faire payer par le salariat les app\u00e9tits insatiables des b\u00e9n\u00e9ficiaires d\u2019un syst\u00e8me o\u00f9 la recherche du profit \u00e0 n\u2019importe quel prix tient lieu de r\u00e8gle unique. Sur l\u2019essentiel, c\u2019est-\u00e0-dire les politiques europ\u00e9ennes [&hellip;]<\/p>\n","protected":false},"author":1,"featured_media":0,"comment_status":"open","ping_status":"closed","sticky":false,"template":"","format":"standard","meta":{"footnotes":""},"categories":[275,244],"tags":[43,103],"class_list":["post-5641","post","type-post","status-publish","format-standard","hentry","category-a-gauche-toute","category-point-de-vue","tag-appel","tag-demarche-citoyenne"],"_links":{"self":[{"href":"https:\/\/alternatifs81.fr\/index.php?rest_route=\/wp\/v2\/posts\/5641","targetHints":{"allow":["GET"]}}],"collection":[{"href":"https:\/\/alternatifs81.fr\/index.php?rest_route=\/wp\/v2\/posts"}],"about":[{"href":"https:\/\/alternatifs81.fr\/index.php?rest_route=\/wp\/v2\/types\/post"}],"author":[{"embeddable":true,"href":"https:\/\/alternatifs81.fr\/index.php?rest_route=\/wp\/v2\/users\/1"}],"replies":[{"embeddable":true,"href":"https:\/\/alternatifs81.fr\/index.php?rest_route=%2Fwp%2Fv2%2Fcomments&post=5641"}],"version-history":[{"count":0,"href":"https:\/\/alternatifs81.fr\/index.php?rest_route=\/wp\/v2\/posts\/5641\/revisions"}],"wp:attachment":[{"href":"https:\/\/alternatifs81.fr\/index.php?rest_route=%2Fwp%2Fv2%2Fmedia&parent=5641"}],"wp:term":[{"taxonomy":"category","embeddable":true,"href":"https:\/\/alternatifs81.fr\/index.php?rest_route=%2Fwp%2Fv2%2Fcategories&post=5641"},{"taxonomy":"post_tag","embeddable":true,"href":"https:\/\/alternatifs81.fr\/index.php?rest_route=%2Fwp%2Fv2%2Ftags&post=5641"}],"curies":[{"name":"wp","href":"https:\/\/api.w.org\/{rel}","templated":true}]}}