{"id":5638,"date":"2012-06-15T15:59:45","date_gmt":"2012-06-15T14:59:45","guid":{"rendered":"http:\/\/alternatifs81.fr\/?p=5638"},"modified":"2012-06-15T15:59:45","modified_gmt":"2012-06-15T14:59:45","slug":"les-gouvernements-ont-une-dette-envers-les-femmes-pas-envers-les-banques","status":"publish","type":"post","link":"https:\/\/alternatifs81.fr\/?p=5638","title":{"rendered":"Les gouvernements ont une dette envers les femmes,  pas envers les banques !"},"content":{"rendered":"<h2 style=\"text-align: center;\"><span style=\"color: #0000ff;\"><a href=\"http:\/\/alternatifs81.fr\/wp-content\/uploads\/FMINIS14.jpg\" rel=\"lightbox[5638]\"><img loading=\"lazy\" decoding=\"async\" class=\"alignleft size-full wp-image-5639\" title=\"FMINIS~1\" src=\"http:\/\/alternatifs81.fr\/wp-content\/uploads\/FMINIS14.jpg\" alt=\"\" width=\"124\" height=\"150\" \/><\/a>\u00ab\u00a0Les gouvernements ont une dette envers les femmes,<br \/>\n\u00a0Pas envers les banques !\u00a0\u00bb<br \/>\n<\/span><\/h2>\n<h3 style=\"text-align: justify;\">\u00a0<em><span style=\"color: #008000;\">Campagne Europ\u00e9enne de la Marche Mondiale des Femmes<br \/>\ndu 17 octobre 2012 au 8 mars 2013<br \/>\n<\/span><\/em><br \/>\n\u00a0\u00a0La Coordination Europ\u00e9enne de la Marche Mondiale des Femmes, r\u00e9unie \u00e0 Romans (France) du 1er au 3 juin, a constat\u00e9 avec indignation l&rsquo;aggravation inqui\u00e9tante des conditions de vie des femmes sur notre<br \/>\ncontinent.<\/h3>\n<h3 style=\"text-align: justify;\">Dans le Sud de l&rsquo;Europe (Galice, Portugal, Gr\u00e8ce&#8230;), la \u00a0diminution brutale des revenus &#8211; \u00e0 cause des licenciements, des baisses de salaires et des retraites &#8211; combin\u00e9e avec le d\u00e9mant\u00e8lement des\u00a0services sociaux qui augmente le travail gratuit des femmes, a\u00a0drastiquement atteint le niveau de vie de centaines de milliers de femmes et de familles.<br \/>\n\u00a0Les politiques d&rsquo;aust\u00e9rit\u00e9 servant \u00e0 la sauvegarde des int\u00e9rets priv\u00e9s\u00a0du capital, sont les m\u00eames dans tous les Pays, \u00e0 diff\u00e9rents degr\u00e9s.<\/h3>\n<h3 style=\"text-align: justify;\"><span style=\"color: #008000;\">Nous refusons d&rsquo;en \u00eatre dupes.<\/span><!--more--><br \/>\nLa Marche Mondiale des Femmes Europe commencera le 17 octobre, avec toutes les associations et\u00a0organisations qui le d\u00e9sirent, une campagne europ\u00e9enne massive contre les mesures d&rsquo;austerit\u00e9 qui p\u00e9nalisent les femmes.<\/h3>\n<h3>Elle mettra en place\u00a0une s\u00e9rie d&rsquo;actions simultan\u00e9es dans les diff\u00e9rents pays, pour d\u00e9noncer les vrais responsables de la crise de la dette et exiger un vie digne\u00a0pour toutes, sous le slogan<span style=\"color: #808000;\"> \u00a0\u00bb Les gouvernements ont une dette envers\u00a0les femmes, pas envers les banques\u00a0\u00bb.<br \/>\n<\/span>La Coordination europ\u00e9enne de la MMF s&rsquo;est oppos\u00e9e frontalement aux<br \/>\nattaques conservatrices croissantes contre le droit \u00e0 l&rsquo;avortement et \u00e0\u00a0l&rsquo;autodetermination des femmes, notamment en Turquie o\u00f9 le premier<br \/>\n\u00a0ministre veut faire abolir par le Parlement la loi qui permet l&rsquo;IVG\u00a0dans les 10 premi\u00e8res semaines.<br \/>\nEgalement, elle a exprim\u00e9 sa solidarit\u00e9 avec les femmes grecques qui ne\u00a0luttent pas seulement en ce moment contre les impositions de l&rsquo;UE en\u00a0mati\u00e8re \u00e9conomique, mais aussi contre l&rsquo;incarc\u00e9ration scandaleuse et raciste par les autorit\u00e9s de femmes porteuses du VIH.<\/h3>\n<h2 style=\"text-align: center;\"><em><span style=\"color: #008000;\">\u00ab\u00a0<span style=\"color: #808000;\">Changez la vie des femmes pour changer le monde <\/span>pour changer la vie des femmes pour&#8230; !\u00a0\u00bb<br \/>\n<\/span><\/em><\/h2>\n<gcse:search><\/gcse:search>","protected":false},"excerpt":{"rendered":"<p>\u00ab\u00a0Les gouvernements ont une dette envers les femmes, \u00a0Pas envers les banques !\u00a0\u00bb \u00a0Campagne Europ\u00e9enne de la Marche Mondiale des Femmes du 17 octobre 2012 au 8 mars 2013 \u00a0\u00a0La Coordination Europ\u00e9enne de la Marche Mondiale des Femmes, r\u00e9unie \u00e0 Romans (France) du 1er au 3 juin, a constat\u00e9 avec indignation l&rsquo;aggravation inqui\u00e9tante des conditions [&hellip;]<\/p>\n","protected":false},"author":1,"featured_media":0,"comment_status":"open","ping_status":"closed","sticky":false,"template":"","format":"standard","meta":{"footnotes":""},"categories":[9,149,126],"tags":[50,101,400,205,20,276],"class_list":["post-5638","post","type-post","status-publish","format-standard","hentry","category-communiques","category-feminisme","category-gauche-de-combat","tag-discriminations","tag-espagne","tag-feminisme","tag-grece","tag-manifestations","tag-marche-mondiale-des-femmes"],"_links":{"self":[{"href":"https:\/\/alternatifs81.fr\/index.php?rest_route=\/wp\/v2\/posts\/5638","targetHints":{"allow":["GET"]}}],"collection":[{"href":"https:\/\/alternatifs81.fr\/index.php?rest_route=\/wp\/v2\/posts"}],"about":[{"href":"https:\/\/alternatifs81.fr\/index.php?rest_route=\/wp\/v2\/types\/post"}],"author":[{"embeddable":true,"href":"https:\/\/alternatifs81.fr\/index.php?rest_route=\/wp\/v2\/users\/1"}],"replies":[{"embeddable":true,"href":"https:\/\/alternatifs81.fr\/index.php?rest_route=%2Fwp%2Fv2%2Fcomments&post=5638"}],"version-history":[{"count":0,"href":"https:\/\/alternatifs81.fr\/index.php?rest_route=\/wp\/v2\/posts\/5638\/revisions"}],"wp:attachment":[{"href":"https:\/\/alternatifs81.fr\/index.php?rest_route=%2Fwp%2Fv2%2Fmedia&parent=5638"}],"wp:term":[{"taxonomy":"category","embeddable":true,"href":"https:\/\/alternatifs81.fr\/index.php?rest_route=%2Fwp%2Fv2%2Fcategories&post=5638"},{"taxonomy":"post_tag","embeddable":true,"href":"https:\/\/alternatifs81.fr\/index.php?rest_route=%2Fwp%2Fv2%2Ftags&post=5638"}],"curies":[{"name":"wp","href":"https:\/\/api.w.org\/{rel}","templated":true}]}}