{"id":5635,"date":"2012-06-15T15:40:59","date_gmt":"2012-06-15T14:40:59","guid":{"rendered":"http:\/\/alternatifs81.fr\/?p=5635"},"modified":"2012-06-15T15:40:59","modified_gmt":"2012-06-15T14:40:59","slug":"quel-avenir-pour-le-front-de-gauche","status":"publish","type":"post","link":"https:\/\/alternatifs81.fr\/?p=5635","title":{"rendered":"Quel avenir pour le Front de Gauche ?"},"content":{"rendered":"<h3 style=\"text-align: justify;\"><a href=\"http:\/\/alternatifs81.fr\/wp-content\/uploads\/ben1.jpg\" rel=\"lightbox[5635]\"><img loading=\"lazy\" decoding=\"async\" class=\"alignleft size-medium wp-image-5636\" style=\"margin: 10px;\" title=\"ben\" src=\"http:\/\/alternatifs81.fr\/wp-content\/uploads\/ben1-249x300.jpg\" alt=\"\" width=\"199\" height=\"240\" srcset=\"https:\/\/alternatifs81.fr\/wp-content\/uploads\/ben1-249x300.jpg 249w, https:\/\/alternatifs81.fr\/wp-content\/uploads\/ben1.jpg 333w\" sizes=\"auto, (max-width: 199px) 100vw, 199px\" \/><\/a><span style=\"color: #008000;\"><em>La recomposition \u00e0 la Gauche du PS est \u00e0 l\u2019ordre du jour et sera une des composantes majeures des d\u00e9bats des prochaines semaines .<\/em><\/span><\/h3>\n<h3 style=\"text-align: justify;\"><span style=\"color: #008000;\"><em>Pour \u00e9clairer le d\u00e9bat nous <\/em><\/span>ouvrons une nouvelle cat\u00e9gorie :<\/h3>\n<h3 style=\"text-align: justify;\"><span style=\"color: #ff0000;\">\u00ab\u00a0A Gauche . . .toute ! \u00ab\u00a0<\/span><\/h3>\n<h3 style=\"text-align: justify;\">Nous y publierons\u00a0des liens vers des sites ou des blogs, ainsi que quelques articles<\/h3>\n<h3 style=\"text-align: justify;\">Voici pour commencer, tir\u00e9 du blog de notre camarade sarthois G\u00e9rard FRETELLI\u00c8RE, <a href=\"http:\/\/gerard.fretelliere.over-blog.com\/\">http:\/\/gerard.fretelliere.over-blog.com\/<\/a><\/h3>\n<h3 style=\"text-align: justify;\">cette r\u00e9flexion sur <em><span style=\"color: #ff0000;\">\u00ab\u00a0le devenir du Front de Gauche\u00a0\u00bb : <\/span><\/em><\/h3>\n<h3 style=\"text-align: justify;\"><a href=\"http:\/\/gerard.fretelliere.over-blog.com\/article-quel-avenir-pour-le-front-de-gauche-105218662.html\">http:\/\/gerard.fretelliere.over-blog.com\/article-quel-avenir-pour-le-front-de-gauche-105218662.html<\/a><\/h3>\n<gcse:search><\/gcse:search>","protected":false},"excerpt":{"rendered":"<p>La recomposition \u00e0 la Gauche du PS est \u00e0 l\u2019ordre du jour et sera une des composantes majeures des d\u00e9bats des prochaines semaines . Pour \u00e9clairer le d\u00e9bat nous ouvrons une nouvelle cat\u00e9gorie : \u00ab\u00a0A Gauche . . .toute ! \u00ab\u00a0 Nous y publierons\u00a0des liens vers des sites ou des blogs, ainsi que quelques articles [&hellip;]<\/p>\n","protected":false},"author":1,"featured_media":0,"comment_status":"open","ping_status":"closed","sticky":false,"template":"","format":"standard","meta":{"footnotes":""},"categories":[275,3,244],"tags":[34,103,60],"class_list":["post-5635","post","type-post","status-publish","format-standard","hentry","category-a-gauche-toute","category-actu","category-point-de-vue","tag-alternatifs","tag-demarche-citoyenne","tag-front-de-gauche"],"_links":{"self":[{"href":"https:\/\/alternatifs81.fr\/index.php?rest_route=\/wp\/v2\/posts\/5635","targetHints":{"allow":["GET"]}}],"collection":[{"href":"https:\/\/alternatifs81.fr\/index.php?rest_route=\/wp\/v2\/posts"}],"about":[{"href":"https:\/\/alternatifs81.fr\/index.php?rest_route=\/wp\/v2\/types\/post"}],"author":[{"embeddable":true,"href":"https:\/\/alternatifs81.fr\/index.php?rest_route=\/wp\/v2\/users\/1"}],"replies":[{"embeddable":true,"href":"https:\/\/alternatifs81.fr\/index.php?rest_route=%2Fwp%2Fv2%2Fcomments&post=5635"}],"version-history":[{"count":0,"href":"https:\/\/alternatifs81.fr\/index.php?rest_route=\/wp\/v2\/posts\/5635\/revisions"}],"wp:attachment":[{"href":"https:\/\/alternatifs81.fr\/index.php?rest_route=%2Fwp%2Fv2%2Fmedia&parent=5635"}],"wp:term":[{"taxonomy":"category","embeddable":true,"href":"https:\/\/alternatifs81.fr\/index.php?rest_route=%2Fwp%2Fv2%2Fcategories&post=5635"},{"taxonomy":"post_tag","embeddable":true,"href":"https:\/\/alternatifs81.fr\/index.php?rest_route=%2Fwp%2Fv2%2Ftags&post=5635"}],"curies":[{"name":"wp","href":"https:\/\/api.w.org\/{rel}","templated":true}]}}