{"id":5586,"date":"2012-06-12T15:33:55","date_gmt":"2012-06-12T14:33:55","guid":{"rendered":"http:\/\/alternatifs81.fr\/?p=5586"},"modified":"2012-06-15T14:34:26","modified_gmt":"2012-06-15T13:34:26","slug":"apres-le-premier-tour-des-legislatives-premier-bilan","status":"publish","type":"post","link":"https:\/\/alternatifs81.fr\/?p=5586","title":{"rendered":"Apr\u00e8s le premier tour des L\u00e9gislatives , premier bilan."},"content":{"rendered":"<h3 style=\"text-align: left;\"><span style=\"color: #0000ff;\"><a href=\"http:\/\/alternatifs81.fr\/wp-content\/uploads\/logoalternatifs9.jpg\" rel=\"lightbox[5586]\"><img loading=\"lazy\" decoding=\"async\" class=\"alignleft size-full wp-image-5587\" title=\"logoalternatifs\" src=\"http:\/\/alternatifs81.fr\/wp-content\/uploads\/logoalternatifs9.jpg\" alt=\"\" width=\"239\" height=\"118\" \/><\/a>PREMIER BILAN, par Jean-Jacques Boislaroussie <em>Porte Parole national des Alternatifs<\/em><br \/>\n<\/span><br \/>\n<span style=\"color: #008000;\">L&rsquo; abstention massive, au premier tour des l\u00e9gislatives, ne constitue pas une surprise. Elle t\u00e9moigne du poids de l&rsquo;hyperpr\u00e9sidentialisation \u00e0 la fran\u00e7aise, \u00e0 l&rsquo;oppos\u00e9 d&rsquo;une d\u00e9mocratie active.<br \/>\n<\/span><br \/>\nLe PS semble en tr\u00e8s bonne position pour constituer une majorit\u00e9 parlementaire. La d\u00e9faite de Sarkozy se prolonge par le d\u00e9saveu de la droite. Le vote d\u0092extr\u00eame droite reste \u00e0 un niveau \u00e9lev\u00e9, la pression du Front national sur l&rsquo;UMP se prolongera : le but du parti de Marine Le Pen est bien une restructuration d&rsquo;ensemble du champ politique en vue de faire \u00e9merger une nouvelle droite radicale, candidate au pouvoir.<span style=\"color: #008000;\">Le bilan est n\u00e9gatif pour les gauches antilib\u00e9rales et alternatives.<\/span><br \/>\nLes scores des candidatures hors Front de Gauche, dont celles que nous avions pr\u00e9sent\u00e9es, souvent en commun avec la Gauche Anticapitaliste, sont en r\u00e8gle g\u00e9n\u00e9rale marginaux.Le Front de Gauche, si il progresse par rapport au score <!--more-->du PCF en 2007, est en net recul apr\u00e8s le succ\u00e8s de la campagne Melenchon. Il retrouve le socle \u00e9lectoral des \u00e9lections europ\u00e9ennes et r\u00e9gionales. Les sortants PCF ont am\u00e9lior\u00e9 en pourcentage les r\u00e9sultats de Jean-Luc Melenchon, mais sont souvent d\u00e9pass\u00e9s par les candidatEs du PS, notamment dans ce qui restait de la \u00ab\u00a0ceinture rouge\u00a0\u00bb de la banlieue parisienne.Les premi\u00e8res mesures annonc\u00e9es par le gouvernement Ayrault ne s&rsquo;inscrivent certes pas dans une logique alternative, mais ont marqu\u00e9 une inflexion suffisante avec la politique de la droite pour placer en porte-a-faux le discours de la gauche radicale sur \u00ab\u00a0l&rsquo;aust\u00e9rit\u00e9 de gauche\u00a0\u00bb.<\/p>\n<p>La pression de l\u0092&rsquo;Union Europ\u00e9nne et des march\u00e9s financiers va s&rsquo;\u0092exercer avec force pour amener le futur gouvernement PS \u00e0 assumer leur politique.<br \/>\nPour les dominants, cet enjeu est d\u0092autant plus important que les r\u00e9sistances populaires s&rsquo;\u0092affirment en Europe, y compris sur le terrain \u00e9lectoral comme en Gr\u00e8ce.<\/p>\n<p><span style=\"color: #008000;\">Les mobilisations sociales, citoyennes, \u00e9cologiques seront donc vitales pour un vrai changement.<br \/>\n<\/span><span style=\"color: #808000;\"><em>Les Alternatifs seront partie prenante de ces mobilisations, des d\u00e9marches visant \u00e0 rassembler durablement toute la gauche de transformation sociale et \u00e9cologique, et \u00e0 constituer un mouvement politique rouge et vert, radical et unitaire.<br \/>\n<\/em><\/span><br \/>\n<span style=\"color: #0000ff;\">Jean-Jacques Boislaroussie\u00a0 <\/span><span style=\"color: #666699;\"><em>Porte Parole national des Alternatifs<\/em> <\/span><\/h3>\n<gcse:search><\/gcse:search>","protected":false},"excerpt":{"rendered":"<p>PREMIER BILAN, par Jean-Jacques Boislaroussie Porte Parole national des Alternatifs L&rsquo; abstention massive, au premier tour des l\u00e9gislatives, ne constitue pas une surprise. Elle t\u00e9moigne du poids de l&rsquo;hyperpr\u00e9sidentialisation \u00e0 la fran\u00e7aise, \u00e0 l&rsquo;oppos\u00e9 d&rsquo;une d\u00e9mocratie active. Le PS semble en tr\u00e8s bonne position pour constituer une majorit\u00e9 parlementaire. La d\u00e9faite de Sarkozy se prolonge [&hellip;]<\/p>\n","protected":false},"author":1,"featured_media":0,"comment_status":"open","ping_status":"closed","sticky":false,"template":"","format":"standard","meta":{"footnotes":""},"categories":[3,62,126],"tags":[34],"class_list":["post-5586","post","type-post","status-publish","format-standard","hentry","category-actu","category-elections","category-gauche-de-combat","tag-alternatifs"],"_links":{"self":[{"href":"https:\/\/alternatifs81.fr\/index.php?rest_route=\/wp\/v2\/posts\/5586","targetHints":{"allow":["GET"]}}],"collection":[{"href":"https:\/\/alternatifs81.fr\/index.php?rest_route=\/wp\/v2\/posts"}],"about":[{"href":"https:\/\/alternatifs81.fr\/index.php?rest_route=\/wp\/v2\/types\/post"}],"author":[{"embeddable":true,"href":"https:\/\/alternatifs81.fr\/index.php?rest_route=\/wp\/v2\/users\/1"}],"replies":[{"embeddable":true,"href":"https:\/\/alternatifs81.fr\/index.php?rest_route=%2Fwp%2Fv2%2Fcomments&post=5586"}],"version-history":[{"count":0,"href":"https:\/\/alternatifs81.fr\/index.php?rest_route=\/wp\/v2\/posts\/5586\/revisions"}],"wp:attachment":[{"href":"https:\/\/alternatifs81.fr\/index.php?rest_route=%2Fwp%2Fv2%2Fmedia&parent=5586"}],"wp:term":[{"taxonomy":"category","embeddable":true,"href":"https:\/\/alternatifs81.fr\/index.php?rest_route=%2Fwp%2Fv2%2Fcategories&post=5586"},{"taxonomy":"post_tag","embeddable":true,"href":"https:\/\/alternatifs81.fr\/index.php?rest_route=%2Fwp%2Fv2%2Ftags&post=5586"}],"curies":[{"name":"wp","href":"https:\/\/api.w.org\/{rel}","templated":true}]}}