{"id":5535,"date":"2012-06-09T07:56:33","date_gmt":"2012-06-09T06:56:33","guid":{"rendered":"http:\/\/alternatifs81.fr\/?p=5535"},"modified":"2012-06-20T07:35:50","modified_gmt":"2012-06-20T06:35:50","slug":"doux-sauver-les-emplois-reconstruitr-une-autre-agriculture","status":"publish","type":"post","link":"https:\/\/alternatifs81.fr\/?p=5535","title":{"rendered":"DOUX : sauver les emplois, reconstruire et promouvoir une autre agriculture"},"content":{"rendered":"<h3 style=\"text-align: justify;\"><em><span style=\"color: #0000ff;\"><a href=\"http:\/\/alternatifs81.fr\/wp-content\/uploads\/Confluences-81-decembre-2011-1-Small-4.jpg\" rel=\"lightbox[5535]\"><\/a><a href=\"http:\/\/alternatifs81.fr\/wp-content\/uploads\/4.jpg\" rel=\"lightbox[5535]\"><img loading=\"lazy\" decoding=\"async\" class=\"alignleft size-full wp-image-5539\" title=\"_4\" src=\"http:\/\/alternatifs81.fr\/wp-content\/uploads\/4.jpg\" alt=\"\" width=\"96\" height=\"226\" \/><\/a>3500 emplois salari\u00e9s menac\u00e9s, au total pr\u00e8s de 10 000 emplois directement ou indirectement concern\u00e9. les fournisseurs et 800 producteurs sans garanties quant \u00e0 leur avenir ! <\/span><\/em><\/h3>\n<h3 style=\"text-align: justify;\">La mise en r\u00e8glement judiciaire du groupe Doux a des allures de s\u00e9isme en Bretagne. Les difficult\u00e9s de tr\u00e9sorerie qui ont provoqu\u00e9 cette d\u00e9claration proviennent de deux choix strat\u00e9giques totalement erron\u00e9s :<!--more-->&#8211; Premier choix : l&rsquo;achat en 1998 du Br\u00e9silien Frangosul, tr\u00e8s gros producteur de poulets mais actuellement en redressement judiciaire et repris, sauf ses dettes, par le g\u00e9ant de l&rsquo;agro-export br\u00e9silien, JBS Friboi. Cet achat \u00e9tait destin\u00e9 \u00e0 conserver le poids de Doux dans le poulet standard fortement export\u00e9 au Moyen Orient, mais d\u00e9sormais surtout par le Br\u00e9sil.- Second choix, li\u00e9 au premier :<!--more-->\u00a0production et exportation, y compris avec de l&rsquo;aliment du b\u00e9tail en grande partie import\u00e9 (soja), d&rsquo;une production standard, de qualit\u00e9 m\u00e9diocre, le tout avec le concours des pouvoirs publics, notamment gr\u00e2ce \u00e0 un important financement europ\u00e9en. La pression sur les prix de la grande distribution n&rsquo;est pas non plus pour rien dans cette situation.<br \/>\n<a name=\"more\"><\/a><br \/>\n<span style=\"color: #ff0000;\">SAUVER LES EMPLOIS, PAS MONSIEUR DOUX<br \/>\n<\/span>Il ne s&rsquo;agit pas aujourd&rsquo;hui de trouver une solution pour remettre en selle la famille Doux, ou pour permettre le rachat par l&rsquo;un des deux concurrents sur le march\u00e9. Plut\u00f4t que de venir au secours de Monsieur DOUX, il est temps pour les pouvoirs publics de faire l&rsquo;inventaire de ce d\u00e9lire \u00ab agro-polluo-financier \u00bb et de demander des comptes: Que sont devenus les millions d&rsquo;euros de subventions, comment les r\u00e9cup\u00e9rer pour payer une partie de la casse sociale ?La probable restructuration de ce groupe, voire sa possible liquidation, auraient des cons\u00e9quences dramatiques consid\u00e9rables sur l&rsquo;ensemble du tissu \u00e9conomique en Bretagne. Les Alternatifs expriment leur totale solidarit\u00e9 envers les salari\u00e9s et les \u00e9leveurs sous contrat qui subissent la politique de cette entreprise depuis trop longtemps. Le maintien de l&rsquo;activit\u00e9 doit permettre de r\u00e9pondre rapidement \u00e0 un double objectif : maintien de l&#8217;emploi et des revenus de tous les salari\u00e9s et des paysans, le tout dans une perspective rapide de reconversion \u00e9cologique de cette fili\u00e8re avicole.<\/h3>\n<h3 style=\"text-align: justify;\"><span style=\"color: #ff0000;\">POUR UNE RECONVERSION SOCIALE ET ECOLOGIQUE<br \/>\n<\/span><br \/>\nLe n\u00e9cessaire soutien aux travailleurs ne doit pas nous dispenser de la critique du mod\u00e8le \u00e9conomique d\u00e9velopp\u00e9 par le groupe Doux, champion toute cat\u00e9gories de la captation des subventions de la Politique Agricole Commune. Doux est, en mati\u00e8re d&rsquo;\u00e9levage, l&rsquo;arch\u00e9type de l&rsquo;inacceptable :- Politique d&rsquo;int\u00e9gration de tous les acteurs de la fili\u00e8re \u00e9tranglant les producteurs et les r\u00e9duisant au statut de quasi esclaves, aux antipodes de toute id\u00e9e de coop\u00e9ration, d&rsquo;autogestion.<br \/>\n&#8211; Recours abusif au transport : importation d&rsquo;aliment, exportation de mati\u00e8re carn\u00e9e.<span style=\"color: #808000;\">Il faut favoriser les circuits courts, produire local, en finir avec la mono-activit\u00e9, rompre avec la folie \u00e9cologique et sociale de l&rsquo;\u00e9levage en batterie, qui produit des pollutions qu&rsquo;on ne sait comment r\u00e9sorber : concentrations en azote et en phosphore; usage permanent d&rsquo;intrants, antibiotiques pr\u00e9sentant de nombreux dangers (par effet de mutation, de r\u00e9sistance bact\u00e9rienne), conditions d&rsquo;\u00e9levage souvent abominables.<br \/>\n<\/span>Dans ce syst\u00e8me, le bien \u00eatre humain et animal ne sont abord\u00e9s que lorsqu&rsquo;ils p\u00e9nalisent la rentabilit\u00e9&#8230; toute une philosophie. Il est temps de promouvoir un nouveau mod\u00e8le industriel et agricole respectueux des hommes et de l&rsquo;environnement, respectueux de normes \u00e9thiques concernant les conditions d&rsquo;\u00e9levage.<\/p>\n<h3 style=\"text-align: justify;\"><span style=\"color: #008000;\">L&rsquo;heure est \u00e0 la formation et \u00e0 l&rsquo;installation de paysans qui soient capables de nourrir les hommes sans d\u00e9truire la terre. I<\/span><\/h3>\n<h3 style=\"text-align: justify;\"><span style=\"color: #808000;\">l y a urgence \u00e0 engager, sous le contr\u00f4le des salari\u00e9s, des \u00e9leveurs et des consommateurs, un plan de reconversion sociale et \u00e9cologique. qui se donne comme priorit\u00e9s la p\u00e9rennit\u00e9 d&#8217;emplois durables, la garantie d&rsquo;un revenu d\u00e9cent pour tous, la valorisation de productions de qualit\u00e9. <\/span><\/h3>\n<h3 style=\"text-align: justify;\"><span style=\"color: #008000;\">Il est l&rsquo;heure de planifier un nouvel usage des terres pour nourrir sainement la population. <\/span><\/h3>\n<h3 style=\"text-align: right;\"><span style=\"color: #008000;\"><em><span style=\"color: #0000ff;\">Communiqu\u00e9 <\/span><\/em><\/span><\/h3>\n<h3 style=\"text-align: right;\"><span style=\"color: #008000;\"><em>\u00a0<\/em><\/span><span style=\"color: #0000ff;\"><em>Les Alternatifs\u00a0 8 juin 2012<\/em> <\/span><\/h3>\n<\/h3>\n<gcse:search><\/gcse:search>","protected":false},"excerpt":{"rendered":"<p>3500 emplois salari\u00e9s menac\u00e9s, au total pr\u00e8s de 10 000 emplois directement ou indirectement concern\u00e9. les fournisseurs et 800 producteurs sans garanties quant \u00e0 leur avenir ! La mise en r\u00e8glement judiciaire du groupe Doux a des allures de s\u00e9isme en Bretagne. Les difficult\u00e9s de tr\u00e9sorerie qui ont provoqu\u00e9 cette d\u00e9claration proviennent de deux choix [&hellip;]<\/p>\n","protected":false},"author":1,"featured_media":0,"comment_status":"open","ping_status":"closed","sticky":false,"template":"","format":"standard","meta":{"footnotes":""},"categories":[9,125,21,164],"tags":[167,34,26,272,402],"class_list":["post-5535","post","type-post","status-publish","format-standard","hentry","category-communiques","category-ecologie","category-les-alters-dans-les-luttes","category-sante","tag-agriculture-intensive","tag-alternatifs","tag-communique-de-presse","tag-pollutions-agriculture","tag-sante"],"_links":{"self":[{"href":"https:\/\/alternatifs81.fr\/index.php?rest_route=\/wp\/v2\/posts\/5535","targetHints":{"allow":["GET"]}}],"collection":[{"href":"https:\/\/alternatifs81.fr\/index.php?rest_route=\/wp\/v2\/posts"}],"about":[{"href":"https:\/\/alternatifs81.fr\/index.php?rest_route=\/wp\/v2\/types\/post"}],"author":[{"embeddable":true,"href":"https:\/\/alternatifs81.fr\/index.php?rest_route=\/wp\/v2\/users\/1"}],"replies":[{"embeddable":true,"href":"https:\/\/alternatifs81.fr\/index.php?rest_route=%2Fwp%2Fv2%2Fcomments&post=5535"}],"version-history":[{"count":0,"href":"https:\/\/alternatifs81.fr\/index.php?rest_route=\/wp\/v2\/posts\/5535\/revisions"}],"wp:attachment":[{"href":"https:\/\/alternatifs81.fr\/index.php?rest_route=%2Fwp%2Fv2%2Fmedia&parent=5535"}],"wp:term":[{"taxonomy":"category","embeddable":true,"href":"https:\/\/alternatifs81.fr\/index.php?rest_route=%2Fwp%2Fv2%2Fcategories&post=5535"},{"taxonomy":"post_tag","embeddable":true,"href":"https:\/\/alternatifs81.fr\/index.php?rest_route=%2Fwp%2Fv2%2Ftags&post=5535"}],"curies":[{"name":"wp","href":"https:\/\/api.w.org\/{rel}","templated":true}]}}