{"id":5511,"date":"2012-06-08T18:45:20","date_gmt":"2012-06-08T17:45:20","guid":{"rendered":"http:\/\/alternatifs81.fr\/?p=5511"},"modified":"2012-06-12T12:49:31","modified_gmt":"2012-06-12T11:49:31","slug":"communique-de-presse-comite-de-castres-du-mrap","status":"publish","type":"post","link":"https:\/\/alternatifs81.fr\/?p=5511","title":{"rendered":"Communiqu\u00e9 de Presse Comit\u00e9 de CASTRES du MRAP"},"content":{"rendered":"<h3 style=\"text-align: justify;\">\u00a0<a href=\"http:\/\/alternatifs81.fr\/wp-content\/uploads\/239-239-large3.jpg\" rel=\"lightbox[5511]\"><img loading=\"lazy\" decoding=\"async\" class=\"alignleft size-full wp-image-5513\" style=\"margin: 10px;\" title=\"239-239-large\" src=\"http:\/\/alternatifs81.fr\/wp-content\/uploads\/239-239-large3.jpg\" alt=\"\" width=\"210\" height=\"210\" srcset=\"https:\/\/alternatifs81.fr\/wp-content\/uploads\/239-239-large3.jpg 300w, https:\/\/alternatifs81.fr\/wp-content\/uploads\/239-239-large3-150x150.jpg 150w\" sizes=\"auto, (max-width: 210px) 100vw, 210px\" \/><\/a>Le Comit\u00e9 Local de Castres du Mouvement Contre le Racisme et Pour l\u2019Amiti\u00e9 entre les Peuples ( MRAP ), indign\u00e9, condamne fermement les menaces racistes et sexistes dont est victime G\u00e9raldine Rouquette, conseill\u00e8re municipale de Castres et candidate du Front de Gauche sur la 1\u00e8re circonscription du Tarn.<\/h3>\n<h3 style=\"text-align: justify;\">De tels agissements ne sont malheureusement pas nouveaux dans notre commune\u00a0; aussi, le Comit\u00e9 Local appelle tous les citoyens d\u00e9mocrates \u00e0 rester vigilants face \u00e0 la mont\u00e9e de la x\u00e9nophobie et du racisme.<\/h3>\n<h3 style=\"text-align: justify;\">Il soutient G\u00e9raldine Roquette dans sa d\u00e9marche face \u00e0 ces faits et reste d\u00e9cid\u00e9 \u00e0 combattre toute id\u00e9ologie bas\u00e9e sur la haine et la peur de l\u2019autre.<\/h3>\n<p style=\"text-align: right;\"><em><span style=\"color: #0000ff;\">Castres, le 8 juin 2012 <\/span><\/em><\/p>\n<h4 style=\"text-align: justify;\"><em><span style=\"color: #008000;\"><!--more-->Les Alternatifs du Tarn\u00a0 inform\u00e9s de la situation, ont exprim\u00e9 leur solidarit\u00e9 et leur soutien \u00e0 G\u00e9raldine ROUQUETTE .\u00a0 Ils sont \u00e0 ses c\u00f4t\u00e9s et se tiennent disponibles pour toute d\u00e9marche unitaire afin de combattre l&rsquo;extr\u00e8me-droite,\u00a0ses id\u00e9es naus\u00e9abondes et ses actes. \u00a0<\/span><\/em><\/h4>\n<gcse:search><\/gcse:search>","protected":false},"excerpt":{"rendered":"<p>\u00a0Le Comit\u00e9 Local de Castres du Mouvement Contre le Racisme et Pour l\u2019Amiti\u00e9 entre les Peuples ( MRAP ), indign\u00e9, condamne fermement les menaces racistes et sexistes dont est victime G\u00e9raldine Rouquette, conseill\u00e8re municipale de Castres et candidate du Front de Gauche sur la 1\u00e8re circonscription du Tarn. De tels agissements ne sont malheureusement pas [&hellip;]<\/p>\n","protected":false},"author":1,"featured_media":0,"comment_status":"open","ping_status":"closed","sticky":false,"template":"","format":"standard","meta":{"footnotes":""},"categories":[9,173,244],"tags":[26,103,400,174],"class_list":["post-5511","post","type-post","status-publish","format-standard","hentry","category-communiques","category-no-pasaran","category-point-de-vue","tag-communique-de-presse","tag-demarche-citoyenne","tag-feminisme","tag-mrap"],"_links":{"self":[{"href":"https:\/\/alternatifs81.fr\/index.php?rest_route=\/wp\/v2\/posts\/5511","targetHints":{"allow":["GET"]}}],"collection":[{"href":"https:\/\/alternatifs81.fr\/index.php?rest_route=\/wp\/v2\/posts"}],"about":[{"href":"https:\/\/alternatifs81.fr\/index.php?rest_route=\/wp\/v2\/types\/post"}],"author":[{"embeddable":true,"href":"https:\/\/alternatifs81.fr\/index.php?rest_route=\/wp\/v2\/users\/1"}],"replies":[{"embeddable":true,"href":"https:\/\/alternatifs81.fr\/index.php?rest_route=%2Fwp%2Fv2%2Fcomments&post=5511"}],"version-history":[{"count":0,"href":"https:\/\/alternatifs81.fr\/index.php?rest_route=\/wp\/v2\/posts\/5511\/revisions"}],"wp:attachment":[{"href":"https:\/\/alternatifs81.fr\/index.php?rest_route=%2Fwp%2Fv2%2Fmedia&parent=5511"}],"wp:term":[{"taxonomy":"category","embeddable":true,"href":"https:\/\/alternatifs81.fr\/index.php?rest_route=%2Fwp%2Fv2%2Fcategories&post=5511"},{"taxonomy":"post_tag","embeddable":true,"href":"https:\/\/alternatifs81.fr\/index.php?rest_route=%2Fwp%2Fv2%2Ftags&post=5511"}],"curies":[{"name":"wp","href":"https:\/\/api.w.org\/{rel}","templated":true}]}}