{"id":5493,"date":"2012-06-07T22:06:45","date_gmt":"2012-06-07T21:06:45","guid":{"rendered":"http:\/\/alternatifs81.fr\/?p=5493"},"modified":"2012-06-12T12:50:03","modified_gmt":"2012-06-12T11:50:03","slug":"retraites-les-salaries-ne-doivent-pas-payer-deux-fois","status":"publish","type":"post","link":"https:\/\/alternatifs81.fr\/?p=5493","title":{"rendered":"Retraites : les salari\u00e9s ne doivent pas payer deux fois !"},"content":{"rendered":"<h3 style=\"text-align: justify;\"><span style=\"color: #0000ff;\"><a href=\"http:\/\/alternatifs81.fr\/wp-content\/uploads\/logoalternatifs8.jpg\" rel=\"lightbox[5493]\"><img loading=\"lazy\" decoding=\"async\" class=\"alignleft size-full wp-image-5498\" style=\"margin: 10px;\" title=\"logoalternatifs\" src=\"http:\/\/alternatifs81.fr\/wp-content\/uploads\/logoalternatifs8.jpg\" alt=\"\" width=\"239\" height=\"118\" \/><\/a>Retraites : les salari\u00e9s ne doivent pas payer deux fois !<\/span><\/h3>\n<h3 style=\"text-align: justify;\"><span style=\"color: #0000ff;\">\u00a0<\/span>Promesse de campagne du candidat Hollande, le droit \u00e0 la retraite \u00e0 60 ans va \u00eatre restaur\u00e9 pour les salari\u00e9-e-s ayant commenc\u00e9 \u00e0 travailler avant 20 ans et ayant tous leurs trimestres cotis\u00e9s (41 ans imm\u00e9diatement et 41,5 ans prochainement).<\/h3>\n<h3 style=\"text-align: justify;\">Reste maintenant \u00e0 abroger la contre-r\u00e9forme des retraites de Nicolas Sarkozy qui a report\u00e9 l&rsquo;\u00e2ge l\u00e9gal de la retraite \u00e0 62 ans et de la retraite \u00e0 taux plein \u00e0 67 ans.<\/h3>\n<h3 style=\"text-align: justify;\">Cette r\u00e9forme avait \u00e9t\u00e9 impos\u00e9e contre l&rsquo;avis et la mobilisation de<!--more-->millions des salari\u00e9-e-s pour permettre l&rsquo;\u00e9quilibre des r\u00e9gimes de retraites. Cet \u00e9quilibre aurait aussi pu \u00eatre obtenu par une hausse des cotisations, en particulier patronales, et par de nouvelles recettes sur les transactions financi\u00e8res, option qui avait alors \u00e9t\u00e9 \u00e9cart\u00e9e d&rsquo;office. Ce sont donc les salari\u00e9-e-s et uniquement les salari\u00e9-e-s qui ont fait les frais de cette contre-r\u00e9forme.<\/h3>\n<h3 style=\"text-align: justify;\">Soyons clairs : la retouche de la contre-r\u00e9forme Sarkozy n&rsquo;est que justice. Mais, \u00e0 ce stade, il ne s&rsquo;agit que d&rsquo;un am\u00e9nagement positif mais \u00e0 la marge.<br \/>\nDe plus cet am\u00e9nagement va \u00eatre financ\u00e9 par une augmentation des cotisations sociales salariales et patronales de 0,1% puis de 0,25%. Dit autrement, les salari\u00e9-e-s verront leur salaire net baisser de 0,1% puis 0,25%. Et cette baisse risque d&rsquo;\u00eatre encore aggrav\u00e9e par une hausse des cotisations salariales portant sur les r\u00e9gimes compl\u00e9mentaires Agirc-Arrco.<\/h3>\n<h3 style=\"text-align: justify;\">Apr\u00e8s avoir fait int\u00e9gralement les frais de la contre-r\u00e9forme Sarkozy, les salari\u00e9-e-s ne doivent pas payer un centime d&rsquo;une mesure qui ne fait que r\u00e9\u00e9quilibrer dans le sens de la justice. Ce r\u00e9\u00e9quilibrage doit \u00eatre int\u00e9gralement pay\u00e9 par le patronat par une hausse des cotisations patronales de 0,2% d\u00e8s 2013 qui \u00e9volueront vers 0,5% en 2017.<\/h3>\n<h3 style=\"text-align: justify;\"><span style=\"color: #008000;\">C&rsquo;est maintenant au tour du patronat de payer sa part de la contre-r\u00e9forme de Sarkozy ! <\/span><\/h3>\n<h4 style=\"text-align: justify;\"><span style=\"color: #008000;\"><span style=\"color: #ff0000;\"><strong><em>COMMUNIQUE DES ALTERNATIFS 7 juin 2012<\/em><\/strong><\/span><\/span><\/h4>\n<gcse:search><\/gcse:search>","protected":false},"excerpt":{"rendered":"<p>Retraites : les salari\u00e9s ne doivent pas payer deux fois ! \u00a0Promesse de campagne du candidat Hollande, le droit \u00e0 la retraite \u00e0 60 ans va \u00eatre restaur\u00e9 pour les salari\u00e9-e-s ayant commenc\u00e9 \u00e0 travailler avant 20 ans et ayant tous leurs trimestres cotis\u00e9s (41 ans imm\u00e9diatement et 41,5 ans prochainement). Reste maintenant \u00e0 abroger [&hellip;]<\/p>\n","protected":false},"author":1,"featured_media":0,"comment_status":"open","ping_status":"closed","sticky":false,"template":"","format":"standard","meta":{"footnotes":""},"categories":[9,126,21],"tags":[],"class_list":["post-5493","post","type-post","status-publish","format-standard","hentry","category-communiques","category-gauche-de-combat","category-les-alters-dans-les-luttes"],"_links":{"self":[{"href":"https:\/\/alternatifs81.fr\/index.php?rest_route=\/wp\/v2\/posts\/5493","targetHints":{"allow":["GET"]}}],"collection":[{"href":"https:\/\/alternatifs81.fr\/index.php?rest_route=\/wp\/v2\/posts"}],"about":[{"href":"https:\/\/alternatifs81.fr\/index.php?rest_route=\/wp\/v2\/types\/post"}],"author":[{"embeddable":true,"href":"https:\/\/alternatifs81.fr\/index.php?rest_route=\/wp\/v2\/users\/1"}],"replies":[{"embeddable":true,"href":"https:\/\/alternatifs81.fr\/index.php?rest_route=%2Fwp%2Fv2%2Fcomments&post=5493"}],"version-history":[{"count":0,"href":"https:\/\/alternatifs81.fr\/index.php?rest_route=\/wp\/v2\/posts\/5493\/revisions"}],"wp:attachment":[{"href":"https:\/\/alternatifs81.fr\/index.php?rest_route=%2Fwp%2Fv2%2Fmedia&parent=5493"}],"wp:term":[{"taxonomy":"category","embeddable":true,"href":"https:\/\/alternatifs81.fr\/index.php?rest_route=%2Fwp%2Fv2%2Fcategories&post=5493"},{"taxonomy":"post_tag","embeddable":true,"href":"https:\/\/alternatifs81.fr\/index.php?rest_route=%2Fwp%2Fv2%2Ftags&post=5493"}],"curies":[{"name":"wp","href":"https:\/\/api.w.org\/{rel}","templated":true}]}}