{"id":5481,"date":"2012-06-06T08:03:23","date_gmt":"2012-06-06T07:03:23","guid":{"rendered":"http:\/\/alternatifs81.fr\/?p=5481"},"modified":"2012-06-09T06:46:02","modified_gmt":"2012-06-09T05:46:02","slug":"5481","status":"publish","type":"post","link":"https:\/\/alternatifs81.fr\/?p=5481","title":{"rendered":"Cercle du Silence MAZAMET : \u00ab\u00a0NOUS CONTINUONS !\u00a0\u00bb\u00a0\u00bb"},"content":{"rendered":"<h3 style=\"text-align: justify;\"><em><span style=\"color: #008000;\"><a href=\"http:\/\/alternatifs81.fr\/wp-content\/uploads\/Cercle-Silence1.png\" rel=\"lightbox[5481]\"><img loading=\"lazy\" decoding=\"async\" class=\"alignleft size-medium wp-image-5482\" title=\"Cercle Silence\" src=\"http:\/\/alternatifs81.fr\/wp-content\/uploads\/Cercle-Silence1-300x292.png\" alt=\"\" width=\"210\" height=\"204\" srcset=\"https:\/\/alternatifs81.fr\/wp-content\/uploads\/Cercle-Silence1-300x292.png 300w, https:\/\/alternatifs81.fr\/wp-content\/uploads\/Cercle-Silence1.png 700w\" sizes=\"auto, (max-width: 210px) 100vw, 210px\" \/><\/a>Il nous appartient de veiller tous ensemble \u00e0 ce que notre soci\u00e9t\u00e9 reste une soci\u00e9t\u00e9 dont nous sommes fiers.\u00a0\u00bb<br \/>\n<\/span><\/em><span style=\"color: #008000;\">Stephane HESSEL<\/span><\/h3>\n<h3 style=\"text-align: justify;\"><span style=\"color: #008000;\">\u00a0<\/span>Fran\u00e7ois Hollande, nouveau pr\u00e9sident de la R\u00e9publique, a affirm\u00e9 vouloir mener \u00ab\u00a0une autre politique migratoire fond\u00e9e sur des r\u00e8gles transparentes, stables et justes (&#8230;) et conduite dans le respect de la dignit\u00e9 de tous les \u00eatres humains qui sont sur notre territoire\u00a0\u00bb (courrier au RESF et \u00e0 l&rsquo;OEE du 20.02.2012<br \/>\n<a href=\"http:\/\/www.educationsansfrontieres.org\/IMG)..\" target=\"http:\/\/www.educationsansfrontieres.org\/IMG)..\">http:\/\/www.educationsansfrontieres.org\/IMG)..<\/a><\/h3>\n<h3 style=\"text-align: justify;\">Nous entendons l&rsquo;engagement du Pr\u00e9sident de la R\u00e9publique et nous affirmons l\u2019importance de continuer nos Cercles de Silence.<br \/>\nA-t-on les preuves d\u2019un changement ? d\u2019un meilleur accueil des \u00e9trangers ?<\/h3>\n<h3 style=\"text-align: justify;\"><!--more-->L&rsquo;esprit des cercles de Silence est d&rsquo;interpeler la conscience des autorit\u00e9s tant que ne seront pas respect\u00e9s, en tant que personnes, des \u00e9trangers qui n&rsquo;ont commis aucun d\u00e9lit. On peut trouver normal qu&rsquo;il y ait des contr\u00f4les mais la mani\u00e8re d&rsquo;y proc\u00e9der peut faire d\u00e9bat. Forme des arrestations, menottage, dislocation des familles, arrestation devant voire dans les \u00e9coles ou \u00e0 la sortie de l&rsquo;h\u00f4pital&#8230;.<br \/>\nJe crois que nous resterons nombreux \u00e0 ne pas souscrire \u00e0 ces proc\u00e9d\u00e9s et \u00e0 continuer les Cercles.<\/h3>\n<h3 style=\"text-align: justify;\">Notre force est dans notre pers\u00e9v\u00e9rance \u00e0 \u00eatre pr\u00e9sent sur le march\u00e9 de Mazamet 12 mois par an, qu&rsquo;il pleuve, qu&rsquo;il vente, qu&rsquo;il neige ou qu&rsquo;il fasse tr\u00e8s chaud, comme le font les 180 Cercles de Silence Fran\u00e7ais et la dizaine en Suisse, Espagne &#8230;<\/h3>\n<h3 style=\"text-align: justify;\">Je vous propose 3 documents pour vous renforcer dans vos convictions, avec des arguments \u00e0 donner \u00e0 nos d\u00e9tracteurs:<br \/>\n1 &#8211; un argumentaire sur les migrations fait par Jean Pierre Cavali\u00e9, \u00e9quipier Cimade<br \/>\n2 &#8211; un document r\u00e9dig\u00e9 par des chr\u00e9tiens qui s&rsquo;engagent pour un autre regard sur les migrations A la rencontre du fr\u00e8re venu d&rsquo;ailleurs<br \/>\n3 &#8211; un livret Sans papiers, s&rsquo;organiser contre l&rsquo;expulsion fait par un collectif qui d\u00e9nonce les Centres de R\u00e9tention Administrative<\/h3>\n<h3 style=\"text-align: justify;\">merci de venir partager notre heure de t\u00e9moignage de notre solidarit\u00e9 avec tous les Hommes, en Silence samedi 9 juin de 10h30 \u00e0 11h30 quai de l&rsquo;Arnette \u00e0 Mazamet, et tous les 2\u00e8mes samedis.<\/h3>\n<p style=\"text-align: justify;\">\u00e0 Samedi<br \/>\nEric Vergniol (pour le CdS Mazamet)<\/p>\n<gcse:search><\/gcse:search>","protected":false},"excerpt":{"rendered":"<p>Il nous appartient de veiller tous ensemble \u00e0 ce que notre soci\u00e9t\u00e9 reste une soci\u00e9t\u00e9 dont nous sommes fiers.\u00a0\u00bb Stephane HESSEL \u00a0Fran\u00e7ois Hollande, nouveau pr\u00e9sident de la R\u00e9publique, a affirm\u00e9 vouloir mener \u00ab\u00a0une autre politique migratoire fond\u00e9e sur des r\u00e8gles transparentes, stables et justes (&#8230;) et conduite dans le respect de la dignit\u00e9 de tous [&hellip;]<\/p>\n","protected":false},"author":1,"featured_media":0,"comment_status":"open","ping_status":"closed","sticky":false,"template":"","format":"standard","meta":{"footnotes":""},"categories":[217,244],"tags":[119,103],"class_list":["post-5481","post","type-post","status-publish","format-standard","hentry","category-libertes","category-point-de-vue","tag-cercle-du-silence","tag-demarche-citoyenne"],"_links":{"self":[{"href":"https:\/\/alternatifs81.fr\/index.php?rest_route=\/wp\/v2\/posts\/5481","targetHints":{"allow":["GET"]}}],"collection":[{"href":"https:\/\/alternatifs81.fr\/index.php?rest_route=\/wp\/v2\/posts"}],"about":[{"href":"https:\/\/alternatifs81.fr\/index.php?rest_route=\/wp\/v2\/types\/post"}],"author":[{"embeddable":true,"href":"https:\/\/alternatifs81.fr\/index.php?rest_route=\/wp\/v2\/users\/1"}],"replies":[{"embeddable":true,"href":"https:\/\/alternatifs81.fr\/index.php?rest_route=%2Fwp%2Fv2%2Fcomments&post=5481"}],"version-history":[{"count":0,"href":"https:\/\/alternatifs81.fr\/index.php?rest_route=\/wp\/v2\/posts\/5481\/revisions"}],"wp:attachment":[{"href":"https:\/\/alternatifs81.fr\/index.php?rest_route=%2Fwp%2Fv2%2Fmedia&parent=5481"}],"wp:term":[{"taxonomy":"category","embeddable":true,"href":"https:\/\/alternatifs81.fr\/index.php?rest_route=%2Fwp%2Fv2%2Fcategories&post=5481"},{"taxonomy":"post_tag","embeddable":true,"href":"https:\/\/alternatifs81.fr\/index.php?rest_route=%2Fwp%2Fv2%2Ftags&post=5481"}],"curies":[{"name":"wp","href":"https:\/\/api.w.org\/{rel}","templated":true}]}}