{"id":5476,"date":"2012-06-05T12:12:51","date_gmt":"2012-06-05T11:12:51","guid":{"rendered":"http:\/\/alternatifs81.fr\/?p=5476"},"modified":"2012-06-08T06:35:43","modified_gmt":"2012-06-08T05:35:43","slug":"rio20-journee-internationale-de-luttes-les-peuples-du-monde-contre-la-marchandisation-de-la-nature-lappel-de-via-campesina","status":"publish","type":"post","link":"https:\/\/alternatifs81.fr\/?p=5476","title":{"rendered":"Rio+20: Journ\u00e9e internationale de luttes Les peuples du monde contre la marchandisation de la Nature &#8211; L&rsquo;appel de Via Campesina"},"content":{"rendered":"<div id=\"post-body-6358439544072896349\">\n<tbody><\/tbody>\n<td valign=\"top\">\u00a0<\/td>\n<h3 style=\"text-align: justify;\"><a href=\"http:\/\/alternatifs81.fr\/wp-content\/uploads\/sigle-sommet.jpg\" rel=\"lightbox[5476]\"><img loading=\"lazy\" decoding=\"async\" class=\"alignleft size-full wp-image-5479\" title=\"sigle-sommet\" src=\"http:\/\/alternatifs81.fr\/wp-content\/uploads\/sigle-sommet.jpg\" alt=\"\" width=\"195\" height=\"195\" srcset=\"https:\/\/alternatifs81.fr\/wp-content\/uploads\/sigle-sommet.jpg 278w, https:\/\/alternatifs81.fr\/wp-content\/uploads\/sigle-sommet-150x150.jpg 150w\" sizes=\"auto, (max-width: 195px) 100vw, 195px\" \/><\/a>La Via Campesina appelle toutes les organisations paysannes du monde ainsi que ses alli\u00e9es et alli\u00e9s \u00e0 organiser des actions au cours du mois de juin.<\/h3>\n<h3 style=\"text-align: justify;\">L\u2019avanc\u00e9e du syst\u00e8me capitaliste qui, pendant les deux derni\u00e8res d\u00e9cennies, est arriv\u00e9e \u00e0 des dimensions in\u00e9dites, conduit \u00e0 des crises tout aussi in\u00e9dites. Les crises financi\u00e8re, alimentaire, \u00e9nerg\u00e9tique et environnementale sont les visages multiples de la crise structurelle du capitalisme, qui ne conna\u00eet pas de limites dans sa qu\u00eate de profits. La crise structurelle actuelle, comme d\u2019autres crises de cette sorte, touche les peuples du monde mais laisse indemnes les \u00e9lites et les grandes soci\u00e9t\u00e9s.<!--more--><\/h3>\n<p><a href=\"http:\/\/2.bp.blogspot.com\/-itmQ6ST8-Fw\/T83NUZt1zSI\/AAAAAAAAB5E\/XkFWjHMH0EE\/s1600\/rioplus20_T1.jpg\" rel=\"lightbox[5476]\"><\/a><\/p>\n<\/div>\n<p style=\"text-align: justify;\">Sur tous les continents, nous avons vu que, m\u00eame pendant la crise, l\u2019\u00e9lan du capitalisme n\u2019a pas diminu\u00e9. Car nous constatons les accaparements ill\u00e9gaux des terres par des soci\u00e9t\u00e9s \u00e9trang\u00e8res, l\u2019avance de l\u2019industrie extractive (mini\u00e8re et p\u00e9troli\u00e8re), les cultures g\u00e9n\u00e9tiquement modifi\u00e9es de plus en plus pr\u00e9sentes dans les champs, les agro-carburants, les pesticides vendues \u00e0 une \u00e9chelle gigantesque. En fin de compte, la crise du capitalisme ne veut pas dire que le syst\u00e8me fait volte-face. Au contraire, c\u2019est \u00e0 ce moment pr\u00e9cis, qu\u2019il avance avec le plus d\u2019intensit\u00e9, parce que les entreprises profitent de la crise pour \u00e9tendre leur domination aux territoires qui n\u2019ont pas encore \u00e9t\u00e9 conquis.<br \/>\n<a name=\"more\"><\/a><\/p>\n<p style=\"text-align: justify;\">La Conf\u00e9rence Rio + 20 en est un exemple clair. Au lieu de rassembler les gouvernements du monde entier pour trouver de vraies solutions \u00e0 la crise environnementale, cet \u00e9v\u00e9nement servira \u00e0 consolider les fausses solutions aussi bien que l\u2019accaparement des territoires des paysannes et paysans, ainsi que des peuples premiers. A la Conf\u00e9rence de l\u2019ONU, il n\u2019y a que les int\u00e9r\u00eats des grandes soci\u00e9t\u00e9s qui trouveront leur place.<\/p>\n<p style=\"text-align: justify;\">Afin de r\u00e9sister \u00e0 ces int\u00e9r\u00eats et \u00e0 les confronter, il est fondamental que les peuples du monde continuent \u00e0 renforcer leurs organisations et leurs luttes, qu\u2019ils \u00e9l\u00e8vent leur voix et qu\u2019ils d\u00e9montrent que seulement la souverainet\u00e9 populaire offre de r\u00e9elles solutions.<\/p>\n<p style=\"text-align: justify;\">Ainsi, en tant que Via Campesina , nous demandons \u00e0 nos organisations membres et \u00e0 nos alli\u00e9es et alli\u00e9s d\u2019organiser et de coordonner des luttes pendant tout le mois de juin, principalement durant la Journ\u00e9e internationale de l\u2019environnent, le 5 juin. De cette mani\u00e8re, nous d\u00e9montrerons notre unit\u00e9 et notre force afin d\u2019envoyer \u00e0 l\u2019avance, de partout dans le monde, un message radical aux repr\u00e9sentants des gouvernements qui se r\u00e9uniront \u00e0 Rio + 20, du 20 au 22 juin, \u00e0 Rio de Janeiro, Br\u00e9sil.<\/p>\n<p style=\"text-align: justify;\">Chaque lutte, chaque r\u00e9sistance, chaque territoire que nous r\u00e9cup\u00e9rons doit \u00eatre l\u2019expression de cette unit\u00e9 mondiale devant l\u2019offensive du syst\u00e8me capitaliste contre la nature.<\/p>\n<p style=\"text-align: justify;\">Parall\u00e8lement \u00e0 la Conf\u00e9rence officielle, nous, les peuples du monde, serons r\u00e9unis au Sommet des Peuples, dans un processus de construction collective et de mobilisation permanente. Au cours de la semaine du 18 au 22 juin, il y aura aussi une p\u00e9riode de mobilisation mondiale, car notre t\u00e2che ne se situe pas seulement \u00e0 Rio de Janeiro. En effet, nous devons poursuivre les luttes dans notre propre pays, particuli\u00e8rement lors de la journ\u00e9e inaugurale de la Conf\u00e9rence officielle, le 20 juin. Cette p\u00e9riode de luttes sur tous les continents devrait se r\u00e9percuter \u00e0 Rio de Janeiro et dans le monde entier.<\/p>\n<p style=\"text-align: justify;\">Nous convoquons toutes les organisations paysannes et leurs alli\u00e9e et alli\u00e9s \u00e0 organiser des mobilisations et des actions partout dans le monde : des marches dans les villes ou dans les campagnes; des conf\u00e9rences de presse; des actions pour demander la R\u00e9forme agraire et l\u2019acc\u00e8s \u00e0 la terre; des campagnes de communication; des programmes de radio; des mobilisations contre les entreprises responsables de la d\u00e9gradation environnementale; des d\u00e9bats dans les \u00e9coles et les universit\u00e9s; des projections de films documentaires; et d\u2019autres actions que vous organiserez collectivement chez vous.<\/p>\n<p style=\"text-align: justify;\">Au moment o\u00f9 le capitalisme veut mondialiser davantage son syst\u00e8me, dominer nos territoires et exploiter notre main d\u2019oeuvre, nous devons internationaliser notre lutte. Nous allons nous organiser, pr\u00e9parer des actions, faire appel \u00e0 nos bases et \u00e0 nos alli\u00e9s pour cette grande journ\u00e9e de lutte contre le capitalisme. La force de notre journ\u00e9e de luttes viendra de notre capacit\u00e9 de nous organiser et d\u2019atteindre une visibilit\u00e9 nationale et internationale.<\/p>\n<p>Nous vous demandons de nous informer de vos actions \u00e0 l\u2019adresse \u00e9lectronique suivante : <a href=\"mailto:lvcweb@viacampesina.org\">lvcweb@viacampesina.org<\/a><\/p>\n<p><span style=\"color: #008000;\">Non aux fausses solutions du capitalisme vert<br \/>\nPour l&rsquo;agriculture paysanne!<br \/>\nGlobalisons la lutte. Globalisons l\u2019espoir.<\/span><\/p>\n<gcse:search><\/gcse:search>","protected":false},"excerpt":{"rendered":"<p>\u00a0 La Via Campesina appelle toutes les organisations paysannes du monde ainsi que ses alli\u00e9es et alli\u00e9s \u00e0 organiser des actions au cours du mois de juin. L\u2019avanc\u00e9e du syst\u00e8me capitaliste qui, pendant les deux derni\u00e8res d\u00e9cennies, est arriv\u00e9e \u00e0 des dimensions in\u00e9dites, conduit \u00e0 des crises tout aussi in\u00e9dites. Les crises financi\u00e8re, alimentaire, \u00e9nerg\u00e9tique [&hellip;]<\/p>\n","protected":false},"author":1,"featured_media":0,"comment_status":"open","ping_status":"closed","sticky":false,"template":"","format":"standard","meta":{"footnotes":""},"categories":[125,126,1],"tags":[103,169],"class_list":["post-5476","post","type-post","status-publish","format-standard","hentry","category-ecologie","category-gauche-de-combat","category-non-classe","tag-demarche-citoyenne","tag-ecologie-2"],"_links":{"self":[{"href":"https:\/\/alternatifs81.fr\/index.php?rest_route=\/wp\/v2\/posts\/5476","targetHints":{"allow":["GET"]}}],"collection":[{"href":"https:\/\/alternatifs81.fr\/index.php?rest_route=\/wp\/v2\/posts"}],"about":[{"href":"https:\/\/alternatifs81.fr\/index.php?rest_route=\/wp\/v2\/types\/post"}],"author":[{"embeddable":true,"href":"https:\/\/alternatifs81.fr\/index.php?rest_route=\/wp\/v2\/users\/1"}],"replies":[{"embeddable":true,"href":"https:\/\/alternatifs81.fr\/index.php?rest_route=%2Fwp%2Fv2%2Fcomments&post=5476"}],"version-history":[{"count":0,"href":"https:\/\/alternatifs81.fr\/index.php?rest_route=\/wp\/v2\/posts\/5476\/revisions"}],"wp:attachment":[{"href":"https:\/\/alternatifs81.fr\/index.php?rest_route=%2Fwp%2Fv2%2Fmedia&parent=5476"}],"wp:term":[{"taxonomy":"category","embeddable":true,"href":"https:\/\/alternatifs81.fr\/index.php?rest_route=%2Fwp%2Fv2%2Fcategories&post=5476"},{"taxonomy":"post_tag","embeddable":true,"href":"https:\/\/alternatifs81.fr\/index.php?rest_route=%2Fwp%2Fv2%2Ftags&post=5476"}],"curies":[{"name":"wp","href":"https:\/\/api.w.org\/{rel}","templated":true}]}}