{"id":5472,"date":"2012-06-04T22:01:51","date_gmt":"2012-06-04T21:01:51","guid":{"rendered":"http:\/\/alternatifs81.fr\/?p=5472"},"modified":"2012-06-09T06:46:53","modified_gmt":"2012-06-09T05:46:53","slug":"droit-de-vote-et-deligibilite-des-residents-etrangers-extra-communautaires-aux-elections-locales-cest-maintenant","status":"publish","type":"post","link":"https:\/\/alternatifs81.fr\/?p=5472","title":{"rendered":"Droit de vote et d&rsquo;\u00e9ligibilit\u00e9 des r\u00e9sidents \u00e9trangers extra-communautaires aux \u00e9lections locales : c&rsquo;est maintenant !"},"content":{"rendered":"<div>\n<div style=\"text-align: justify;\"><strong><a href=\"http:\/\/alternatifs81.fr\/wp-content\/uploads\/votation_campagne2010-1-.jpg\" rel=\"lightbox[5472]\"><img loading=\"lazy\" decoding=\"async\" class=\"alignleft size-full wp-image-5473\" style=\"margin: 10px;\" title=\"votation_campagne2010-1-\" src=\"http:\/\/alternatifs81.fr\/wp-content\/uploads\/votation_campagne2010-1-.jpg\" alt=\"\" width=\"100\" height=\"150\" \/><\/a>COMMUNIQU\u00c9 COLLECTIF VOTATION CITOYENNE<\/strong><\/div>\n<p style=\"text-align: justify;\">Le collectif Votation citoyenne prend acte de la victoire de Fran\u00e7ois Hollande, nouveau Pr\u00e9sident de la R\u00e9publique qui, \u00e0 plusieurs reprises, s&rsquo;est prononc\u00e9 pour le droit de vote et d&rsquo;\u00e9ligibilit\u00e9 des r\u00e9sidents \u00e9trangers hors Union europ\u00e9enne aux \u00e9lections locales. Il affirmait r\u00e9cemment<!--more-->\u00a0encore sa ferme intention de faire aboutir cette revendication avant juin 2013, dans la perspective des prochaines \u00e9lections municipales de 2014.<\/p>\n<p style=\"text-align: justify;\">Le contexte politique de ces derniers mois a \u00e9t\u00e9 profond\u00e9ment marqu\u00e9 par les discours x\u00e9nophobes construits sur la peur de l&rsquo;autre, de l&rsquo;\u00e9tranger, et du \u00ab communautarisme \u00bb. Le collectif Votation citoyenne salue ainsi les candidat(e)s qui ont clairement d\u00e9fendu le droit de vote des r\u00e9sidents \u00e9trangers aux \u00e9lections locales et tent\u00e9 de d\u00e9construire des discours et amalgames n\u00e9fastes.<\/p>\n<p style=\"text-align: justify;\">S&rsquo;engager pour ce droit repr\u00e9sente une d\u00e9marche claire en faveur d&rsquo;un suffrage r\u00e9ellement universel, ouvert \u00e0 une partie de la population qui contribue \u00e0 la richesse \u00e9conomique, sociale et culturelle du pays mais qui a \u00e9t\u00e9 jusque ici priv\u00e9e de la pleine citoyennet\u00e9. Cette r\u00e9forme soci\u00e9tale marquerait un acte politique fort pour l&rsquo;\u00e9galit\u00e9 et un progr\u00e8s majeur pour notre d\u00e9mocratie.<\/p>\n<p style=\"text-align: justify;\">La r\u00e9forme constitutionnelle n\u00e9cessite n\u00e9anmoins une majorit\u00e9 qualifi\u00e9e d\u00e9passant les partis et repr\u00e9sentants politiques habituellement favorables \u00e0 cette mesure. Il est donc n\u00e9cessaire de se mobiliser pour assurer une majorit\u00e9 l\u00e9gislative claire en faveur de cette revendication l\u00e9gitime et d\u00e9j\u00e0 largement partag\u00e9e \u00e0 travers l&rsquo;Union europ\u00e9enne.<br \/>\nD&rsquo;autant que l&rsquo;extr\u00eame droite et l&rsquo;UMP ont d\u00e9cid\u00e9 de faire de l&rsquo;opposition au droit de vote des r\u00e9sidents \u00e9trangers hors union europ\u00e9enne aux \u00e9lections locales, un \u00e9l\u00e9ment cl\u00e9 de leur campagne \u00e9lectorale pour les l\u00e9gislatives et un moyen de pression contre le Pr\u00e9sident et le gouvernement nouvellement en place.<\/p>\n<p style=\"text-align: justify;\">Le collectif Votation citoyenne, appelle tous les collectifs locaux et tous les partenaires, citoyens, associations, syndicats et mouvements politiques \u00e0 porter la question du droit de vote et d&rsquo;\u00e9ligibilit\u00e9 des r\u00e9sidents \u00e9trangers extra-communautaires dans les d\u00e9bats publics. Nous souhaitons interpeller les candidats pour qu&rsquo;ils inscrivent cette revendication dans leurs programmes des l\u00e9gislatives 2012.<\/p>\n<\/div>\n<div>\n<p style=\"text-align: justify;\"><strong><span style=\"color: #0000ff;\"><span style=\"text-decoration: underline;\">N.B.<\/span><em> Les Alternatifs sont partie prenante du collectif et d\u00e9fendent cette revendication depuis des dizaines d&rsquo;ann\u00e9es. Il faut, \u00e9galement rappeler que ce droit de vote est accord\u00e9 dans de nombreux pays d&rsquo;Europe.<\/em><\/span><\/strong><\/p>\n<p><strong>Retrouvez le communiqu\u00e9 sur le blog du collectif :<\/strong><br \/>\n<a href=\"http:\/\/www.oui-droitdevotedesetrangers.org\/\" target=\"http:\/\/www.oui-droitdevotedesetrangers.org\">http:\/\/www.oui-droitdevotedesetrangers.org<\/a><\/p>\n<\/div>\n<gcse:search><\/gcse:search>","protected":false},"excerpt":{"rendered":"<p>COMMUNIQU\u00c9 COLLECTIF VOTATION CITOYENNE Le collectif Votation citoyenne prend acte de la victoire de Fran\u00e7ois Hollande, nouveau Pr\u00e9sident de la R\u00e9publique qui, \u00e0 plusieurs reprises, s&rsquo;est prononc\u00e9 pour le droit de vote et d&rsquo;\u00e9ligibilit\u00e9 des r\u00e9sidents \u00e9trangers hors Union europ\u00e9enne aux \u00e9lections locales. Il affirmait r\u00e9cemment<\/p>\n","protected":false},"author":1,"featured_media":0,"comment_status":"open","ping_status":"closed","sticky":false,"template":"","format":"standard","meta":{"footnotes":""},"categories":[62,126,21,244],"tags":[],"class_list":["post-5472","post","type-post","status-publish","format-standard","hentry","category-elections","category-gauche-de-combat","category-les-alters-dans-les-luttes","category-point-de-vue"],"_links":{"self":[{"href":"https:\/\/alternatifs81.fr\/index.php?rest_route=\/wp\/v2\/posts\/5472","targetHints":{"allow":["GET"]}}],"collection":[{"href":"https:\/\/alternatifs81.fr\/index.php?rest_route=\/wp\/v2\/posts"}],"about":[{"href":"https:\/\/alternatifs81.fr\/index.php?rest_route=\/wp\/v2\/types\/post"}],"author":[{"embeddable":true,"href":"https:\/\/alternatifs81.fr\/index.php?rest_route=\/wp\/v2\/users\/1"}],"replies":[{"embeddable":true,"href":"https:\/\/alternatifs81.fr\/index.php?rest_route=%2Fwp%2Fv2%2Fcomments&post=5472"}],"version-history":[{"count":0,"href":"https:\/\/alternatifs81.fr\/index.php?rest_route=\/wp\/v2\/posts\/5472\/revisions"}],"wp:attachment":[{"href":"https:\/\/alternatifs81.fr\/index.php?rest_route=%2Fwp%2Fv2%2Fmedia&parent=5472"}],"wp:term":[{"taxonomy":"category","embeddable":true,"href":"https:\/\/alternatifs81.fr\/index.php?rest_route=%2Fwp%2Fv2%2Fcategories&post=5472"},{"taxonomy":"post_tag","embeddable":true,"href":"https:\/\/alternatifs81.fr\/index.php?rest_route=%2Fwp%2Fv2%2Ftags&post=5472"}],"curies":[{"name":"wp","href":"https:\/\/api.w.org\/{rel}","templated":true}]}}