{"id":5467,"date":"2012-06-04T20:49:03","date_gmt":"2012-06-04T19:49:03","guid":{"rendered":"http:\/\/alternatifs81.fr\/?p=5467"},"modified":"2012-06-20T07:36:53","modified_gmt":"2012-06-20T06:36:53","slug":"grece-le-manifeste-economique-de-la-coalition-syriza-pour-les-prochaines-elections","status":"publish","type":"post","link":"https:\/\/alternatifs81.fr\/?p=5467","title":{"rendered":"Gr\u00e8ce : le manifeste \u00e9conomique de la coalition SYRIZA pour les prochaines \u00e9lections"},"content":{"rendered":"<h3 style=\"text-align: justify;\"><span style=\"color: #0000ff;\"><em><a href=\"http:\/\/alternatifs81.fr\/wp-content\/uploads\/sans-titre6.png\" rel=\"lightbox[5467]\"><img loading=\"lazy\" decoding=\"async\" class=\"alignleft size-full wp-image-5468\" style=\"margin: 10px;\" title=\"sans-titre\" src=\"http:\/\/alternatifs81.fr\/wp-content\/uploads\/sans-titre6.png\" alt=\"\" width=\"154\" height=\"154\" srcset=\"https:\/\/alternatifs81.fr\/wp-content\/uploads\/sans-titre6.png 154w, https:\/\/alternatifs81.fr\/wp-content\/uploads\/sans-titre6-150x150.png 150w\" sizes=\"auto, (max-width: 154px) 100vw, 154px\" \/><\/a>Le manifeste du SYRIZA sur les politiques sociales et \u00e9conomiques se compose de neuf points principaux et est \u00e0 la base du programme \u00e9conomique mis \u00e0 jour et am\u00e9lior\u00e9 par le parti de la Coalition de la gauche. Une pr\u00e9sentation compl\u00e8te du programme par Alexis Tsipras a eu lieu le vendredi 1 Juin, \u00e0 midi, \u00e0 Athinaida. Voici les principaux points et les \u00ab questions essentielles \u00bb dans le d\u00e9tail :<br \/>\n<\/em><\/span><span style=\"color: #008000;\">POSITIONS SUR DES ENJEUX ESSENTIELS<\/span><br \/>\n<span style=\"color: #ff0000;\">1. ANNULATION DES M\u00c9MORANDUMS<\/span>Comme premi\u00e8re mesure de sa gouvernance du pays, SYRIZA proc\u00e9dera \u00e0 une annulation imm\u00e9diate des m\u00e9morandums et plus particuli\u00e8rement du 2e m\u00e9morandum, qui a \u00e9t\u00e9 cr\u00e9\u00e9 en collaboration avec la tro\u00efka [UE, BCE, le FMI] et que le gouvernement de Papademos -soutenu principalement par le PASOK et la Nouvelle D\u00e9mocratie- a commenc\u00e9 \u00e0 appliquer.<br \/>\nAu lieu de cela, SYRIZA soumettra une l\u00e9gislation au Parlement d\u2019un plan national pour le d\u00e9veloppement \u00e9conomique et social, la reconstruction de la production, la redistribution \u00e9quitable des revenus<!--more-->\u00a0et l\u2019assainissement \u00e9quitable des finances publiques.Les m\u00e9morandum, et en particulier le 2e, ont \u00e9t\u00e9 sanctionn\u00e9s par la loi par le biais de proc\u00e9dures acc\u00e9l\u00e9r\u00e9es et sont en violation du r\u00e8glement parlementaire et de la Constitution. \u00c0 l\u2019\u00e9poque, SYRIZA avait condamn\u00e9 le vote des m\u00e9morandums au parlement, nous avions pr\u00e9sent\u00e9 une exception d\u2019inconstitutionnalit\u00e9 pertinente au cours des proc\u00e9dures de vote d\u2019approbation, que nous avions d\u00e9finit comme un coup d\u2019\u00c9tat parlementaire et nous avions pr\u00e9cis\u00e9 que nous souhaitions en annuler les lois.<span style=\"color: #ff0000;\">2. ANNULATION DES LOIS MISES EN PLACE<\/span>L\u2019annulation imm\u00e9diate des m\u00e9morandums et des lois qui les \u00e9tablissent sera suivie par l\u2019annulation du programme \u00e0 \u00ab mi-parcours \u00bb et des lois issues des m\u00e9morandums, \u00e0 commencer par ces lois qui r\u00e9duisent les salaires, les pensions et les d\u00e9penses sociales, qui d\u00e9truisent les conventions collectives, limitent les libert\u00e9s syndicales et dissolvent les relations de travail. Ainsi, les cons\u00e9quences des politiques anti-populaires seront progressivement reconstitu\u00e9es tandis que des mesures visant \u00e0 des mesures profond\u00e9ment progressistes seront simultan\u00e9ment prises.<span style=\"color: #ff0000;\">3. CONDAMNATION DES ACCORDS DE PR\u00caT<\/span><\/p>\n<p>SYRIZA entend annuler les accords de pr\u00eat, afin de remplacer leurs conditions on\u00e9reuses et de ren\u00e9gocier le processus d\u2019annulation de la plus grande partie de la dette publique totale, pour que le reste soit remboursable, selon les termes et les conditions qui ne mettront pas en doute la souverainet\u00e9 nationale et la viabilit\u00e9 \u00e9conomique de notre pays.<\/p>\n<p>La priorit\u00e9 donn\u00e9e au remboursement des pr\u00eats par rapport aux besoins internes et en faveur de la r\u00e9vocation de l\u2019immunit\u00e9 des biens d\u2019Etat en raison de la souverainet\u00e9 nationale ne peuvent en aucun cas \u00eatre accept\u00e9s. Nous avions fait valoir cela et d\u00e9montr\u00e9 de fa\u00e7on fiable lorsque ces [la n\u00e9gociation collective] clauses ont \u00e9t\u00e9 port\u00e9es au vote.<\/p>\n<p>La mani\u00e8re, le calendrier, ainsi que tout l\u2019aspect politique et juridique de cette condamnation et la ren\u00e9gociation des accords de pr\u00eat seront d\u00e9cid\u00e9s et mis en \u0153uvre par un gouvernement de gauche en fonction de sa capacit\u00e9 et des circonstances particuli\u00e8res.<\/p>\n<p>Le financement de la tro\u00efka, qui est subordonn\u00e9e aux accords de pr\u00eat ci-dessus est dirig\u00e9, presque exclusivement, \u00e0 la restitution des taux d\u2019int\u00e9r\u00eat et des dettes et n\u2019a aucun lien direct avec la mise en \u0153uvre des d\u00e9penses et du budget.<\/p>\n<p><span style=\"color: #ff0000;\">4. EFFACEMENT DE LA PLUS GRANDE PARTIE DE LA DETTE<br \/>\n<\/span><br \/>\nDans le m\u00eame temps, gr\u00e2ce \u00e0 la fin de l\u2019accord de pr\u00eat, SYRIZA r\u00e9clamera une n\u00e9gociation compl\u00e8te de la dette \u00e0 un niveau europ\u00e9en et dans tous les cas au niveau national depuis, en particulier en ce qui concerne la dette de l\u2019Etat grec, que\u2019il est montr\u00e9 que ce n\u2019est pas seulement injuste, mais profond\u00e9ment partial et irr\u00e9alisable.<\/p>\n<p>L\u2019objectif de la n\u00e9gociation sera l\u2019\u00e9radication de la plus grande partie de celle-ci et le remboursement du reste li\u00e9e \u00e0 la croissance avec de nouvelles conditions favorables. Dans ce contexte, nous allons profiter du processus de v\u00e9rification de la gestion internationale de la dette. La non-viabilit\u00e9 de la dette grecque et des dettes des autres pays europ\u00e9ens est incontestable.<br \/>\nL\u2019objectif d\u2019un gouvernement de gauche sera, gr\u00e2ce \u00e0 des alliances appropri\u00e9es et en particulier avec les gouvernements du Sud, de r\u00e9aliser une conf\u00e9rence europ\u00e9enne et internationale sur la dette publique, qui doit \u00eatre organis\u00e9e de mani\u00e8re \u00e0 offrir une solution commune et viable \u00e0 un probl\u00e8me Europ\u00e9en, dans le but d\u2019organiser un effacement des dettes publiques sans d\u00e9sint\u00e9gration sociale.<\/p>\n<p>Le r\u00e9sultat d\u2019un tel accord pourrait \u00eatre un moratoire au remboursement de la dette avec [le remboursement] un \u00e9quilibre li\u00e9 \u00e0 la croissance et \u00e0 l\u2019emploi, sur le mod\u00e8le des d\u00e9cisions prises pour l\u2019Allemagne en 1953. Notre objectif est de communiquer et de parvenir \u00e0 une solution juste et viable pour tous les peuples de l\u2019Europe. Les actions unilat\u00e9rales, par exemple une s\u00e9cession des paiements, seront prises si nous sommes forc\u00e9s de les prendre en vue de d\u00e9fendre le droit de notre peuple \u00e0 la survie.<\/p>\n<p><span style=\"color: #ff0000;\">5. NATIONALISATION DES BANQUES<br \/>\n<\/span><br \/>\nSYRIZA ne \u200b\u200bs\u2019oppose pas au programme de recapitalisation des banques, m\u00eame si cela est bien diff\u00e9rent de leur nationalisation.<\/p>\n<p>Il est bien connu que la recapitalisation s\u2019inscrit dans le cadre du programme PSI. SYRIZA n\u2019avait pas accept\u00e9 ce programme d\u2019\u00e9change d\u2019obligations (d\u00e9cote) et l\u2019avait indiqu\u00e9e insuffisante, tandis que ce programme \u00e9tait aussi une pr\u00e9dation vers les fonds de s\u00e9curit\u00e9, les entit\u00e9s juridiques de droit public (h\u00f4pitaux, universit\u00e9s, etc) ainsi que vers les personnes physiques.<\/p>\n<p>N\u00e9anmoins, ce programme ne peut \u00eatre interrompu au cours de cette phase de recapitalisation des banques sans un effondrement bancaire. SYRIZA n\u2019est pas, par cons\u00e9quent, en opposition \u00e0 la recapitalisation des banques en conformit\u00e9 avec l\u2019accord de pr\u00eat sp\u00e9cifique qui prend en charge cette recapitalisation. La seule diff\u00e9rence \u00e9tant que cela doit se faire avec les actions ordinaires, apr\u00e8s un vote (et non sans un vote tel que d\u00e9cid\u00e9 par le PASOK et la ND dans le cadre de leur gouvernement de coalition sous L. Papademos).<\/p>\n<p>La recapitalisation des banques par actions ordinaires, apr\u00e8s un vote, se traduira par retour sous la propri\u00e9t\u00e9 de l\u2019\u00c9tat national. Cette nationalisation des banques est particuli\u00e8rement n\u00e9cessaire et absolument n\u00e9cessaire dans un gouvernement de gauche.<\/p>\n<p>Un gouvernement de gauche ne fera pas seulement que nationaliser les banques, mais les socialisera, ce qui signifie qu\u2019elles seront sous contr\u00f4le du social et de l\u2019Etat, afin qu\u2019elles soient utilis\u00e9es pour la mise en \u0153uvre d\u2019un nouveau d\u00e9veloppement, un cr\u00e9dit productif et social et une politique des finances destin\u00e9e \u00e0 couvrir les besoins sociaux.<\/p>\n<p><span style=\"color: #ff0000;\">6. CONTR\u00d4LE PAR L\u2019\u00c9TAT DES ENTREPRISES STRAT\u00c9GIQUES<\/span><\/p>\n<p>Une direction strat\u00e9gique fondamentale du SYRIZA sera le contr\u00f4le de l\u2019Etat des secteurs strat\u00e9giques de l\u2019\u00e9conomie (par exemple l\u2019\u00e9nergie, les t\u00e9l\u00e9communications, les chemins de fer, ports, a\u00e9roports, etc). Dans ce contexte, les entreprises strat\u00e9giques seront progressivement pass\u00e9es sous contr\u00f4le de l\u2019Etat, que ce soient celles qui sont dans le processus de privatisation ou celles d\u00e9j\u00e0 privatis\u00e9es (DEH, OTE, OSE, ELTA, EYDAP, transports publics, etc)<\/p>\n<p>Le calendrier, la mani\u00e8re, la vitesse et les moyens par lesquels le programme strat\u00e9gique fondamental et non n\u00e9gociable se concr\u00e9tisera, sera pr\u00e9cis\u00e9ment d\u00e9termin\u00e9 par le gouvernement de la gauche sur la base des circonstances sp\u00e9cifiques, des capacit\u00e9s et des probl\u00e8mes auquel il devra faire face.<\/p>\n<p>Dans tous les cas, les privatisations pr\u00e9vues par le Fonds de d\u00e9veloppement des actifs de la R\u00e9publique hell\u00e9nique seront imm\u00e9diatement suspendus.<\/p>\n<p><span style=\"color: #ff0000;\">7. REDISTRIBUTION RADICALE DE LA RICHESSE<br \/>\n<\/span><br \/>\nUne politique fondamentale et imm\u00e9diate de SYRIZA sera la redistribution radicale des richesses \u00e0 travers laquelle, entre autres choses, nous allons tenter d\u2019appliquer une nouvelle strat\u00e9gie de justice sociale, de croissance et de reconstruction productive.<\/p>\n<p>L\u2019outil de base pour une telle redistribution radicale des richesses sera un nouveau syst\u00e8me de taxation juste et fonctionnel, simple, qui, entre autres choses, facilitera la lutte graduelle et efficace contre la fraude fiscale et l\u2019\u00e9conomie souterraine, simultan\u00e9ment \u00e0 une r\u00e9organisation des m\u00e9canismes de taxation.<\/p>\n<p>Les membres de SYRIZA ne \u200b\u200bdoivent pas exprimer \u00e0 travers les m\u00e9dias leurs propositions personnelles en mati\u00e8re de fiscalit\u00e9, aussi justes ou correctes qu\u2019elles puissent para\u00eetre au premier coup d\u2019\u0153il, tant les questions de fiscalit\u00e9 sont tr\u00e8s complexes et n\u00e9cessitent des connaissances particuli\u00e8res. Nous allons bient\u00f4t pr\u00e9senter un programme compr\u00e9hensible de 4 ou 5 mesures de redistribution des richesses.<\/p>\n<p><span style=\"text-decoration: underline;\"><span style=\"color: #ff0000;\">8. PRELEVEMENTS D\u2019URGENCE, SALAIRES, RELATIONS DE TRAVAIL<br \/>\n<\/span><\/span><br \/>\nDans le cadre d\u2019une redistribution \u00e9quitable de la richesse nationale ainsi que du soutien des salaires et des relations de travail, le SYRIZA a volont\u00e9 :<br \/>\na) Comme promis, proc\u00e9der \u00e0 une annulation de tous les pr\u00e9l\u00e8vements d\u2019urgence, avec leur annulation imm\u00e9diate pour les revenus faibles et moyens et avant tout pour les ch\u00f4meurs, les travailleurs \u00e0 faible revenu et les retrait\u00e9s \u00e0 faible revenu et tous ceux vivant sous le seuil de pauvret\u00e9.<\/p>\n<p>b) Entreprendre imm\u00e9diatement de r\u00e9tablir le salaire minimum, les allocations de ch\u00f4mage et les pensions minimales et annuler imm\u00e9diatement l\u2019abolition de la n\u00e9gociation collective et r\u00e9tablir et restaurer l\u2019institution d\u2019arbitrage.<\/p>\n<p>Notre objectif est de redistribuer les revenus de bas en haut par l\u2019annulation imm\u00e9diate des coupes horizontales et des mesures d\u2019aust\u00e9rit\u00e9 qui aggravent la r\u00e9cession. SYRIZA favorisera ainsi l\u2019augmentation progressive des salaires et des pensions, d\u2019abord pour celles du bas, simultan\u00e9ment avec la croissance et la reconstruction de l\u2019\u00e9conomie grecque dans le but d\u2019\u00e9tablir des salaires et des pensions pour un niveau de vie humain et digne.<\/p>\n<p><span style=\"color: #ff0000;\">9. EXTORSIONS<\/span><\/p>\n<p>La possibilit\u00e9 de sortie d\u2019un pays de l\u2019euro est utilis\u00e9e comme chantage dans la perspective de ces \u00e9lections. <span style=\"text-decoration: underline;\"><span style=\"color: #008000;\">Pour nous cette possibilit\u00e9 ne peut pas \u00eatre le choix de nos partenaires,<\/span><\/span> \u00e0 moins qu\u2019ils n\u2019aient d\u00e9cid\u00e9 de la destruction de l\u2019euro et du d\u00e9mant\u00e8lement de la zone euro. Dans un tel cas, cependant, nous allons \u00eatre confront\u00e9s \u00e0 une \u00e9volution \u00e0 travers le monde auquel seul un gouvernement de la gauche ax\u00e9 sur la priorit\u00e9 de prot\u00e9ger les faibles et avoir un plan qui mettra la coh\u00e9sion sociale comme priorit\u00e9 pourrait faire face suffisamment et efficacement.<\/p>\n<p>Des parties des notes des m\u00e9morandums ont largement utilis\u00e9 cette fausse dichotomie pour faire du chantage au vote au peuple grec, dans le m\u00eame temps que les analystes internationaux confirment que le co\u00fbt d\u2019un effondrement de zone euro serait \u00e9norme. Si un pays quitte la monnaie commune, les march\u00e9s vont anticiper la sortie du pays suivant cr\u00e9ant ainsi un effet domino.<\/p>\n<p>Aucune autorit\u00e9 politique ne veut cela et il est dans l\u2019int\u00e9r\u00eat de tous les peuples de chercher une solution europ\u00e9enne commune, qui permettra d\u2019\u00e9viter la poursuite de la catastrophe en Gr\u00e8ce et le d\u00e9but de la catastrophe dans d\u2019autres pays europ\u00e9ens. La perspective d\u2019un effondrement de la zone euro devient cependant de plus en plus probable si les politiques des m\u00e9morandums continuent.<\/p>\n<h2><span style=\"color: #008000;\">L\u2019Europe des m\u00e9morandums est vou\u00e9e \u00e0 l\u2019\u00e9chec. <\/span><\/h2>\n<p>SYRIZA r\u00e9pondra, chaque fois que la question est pos\u00e9e sur l\u2019annulation du m\u00e9morandum qui pourrait interrompre le financement du pays et le mettrait sur la voie de la sortie de la zone euro, que la sortie de la zone euro n\u2019est pas notre objectif.<\/p>\n<p>Au contraire, il deviendra in\u00e9vitable si les m\u00e9morandums se poursuivent.<br \/>\nDans tous les cas, nous ne c\u00e9derons pas au chantage dominant qui viole notre programme anti-m\u00e9morandum, progressif et de croissance, sans lequel la destruction du pays, \u00e0 l\u2019int\u00e9rieur ou \u00e0 l\u2019ext\u00e9rieur de la zone euro, pourrait \u00eatre fatale et totale.<\/p>\n<p><span style=\"color: #008000;\">Par cons\u00e9quent, le chemin que nous proposons ne sera pas parsem\u00e9 de p\u00e9tales de rose, il peut y avoir des difficult\u00e9s mais il y a une route qui m\u00e8nera le pays dans la perspective d\u2019une sortie de la crise avec justice, d\u00e9mocratie et dignit\u00e9.<br \/>\n<\/span><br \/>\n<span style=\"color: #0000ff;\">Comit\u00e9 de coordination politique, SYRIZA<\/span><\/h3>\n<gcse:search><\/gcse:search>","protected":false},"excerpt":{"rendered":"<p>Le manifeste du SYRIZA sur les politiques sociales et \u00e9conomiques se compose de neuf points principaux et est \u00e0 la base du programme \u00e9conomique mis \u00e0 jour et am\u00e9lior\u00e9 par le parti de la Coalition de la gauche. Une pr\u00e9sentation compl\u00e8te du programme par Alexis Tsipras a eu lieu le vendredi 1 Juin, \u00e0 midi, [&hellip;]<\/p>\n","protected":false},"author":1,"featured_media":0,"comment_status":"open","ping_status":"closed","sticky":false,"template":"","format":"standard","meta":{"footnotes":""},"categories":[62,126,147,232,244],"tags":[117,16,205,23],"class_list":["post-5467","post","type-post","status-publish","format-standard","hentry","category-elections","category-gauche-de-combat","category-international","category-notre-economie-et-la-leur","category-point-de-vue","tag-democratie","tag-economie","tag-grece","tag-luttes"],"_links":{"self":[{"href":"https:\/\/alternatifs81.fr\/index.php?rest_route=\/wp\/v2\/posts\/5467","targetHints":{"allow":["GET"]}}],"collection":[{"href":"https:\/\/alternatifs81.fr\/index.php?rest_route=\/wp\/v2\/posts"}],"about":[{"href":"https:\/\/alternatifs81.fr\/index.php?rest_route=\/wp\/v2\/types\/post"}],"author":[{"embeddable":true,"href":"https:\/\/alternatifs81.fr\/index.php?rest_route=\/wp\/v2\/users\/1"}],"replies":[{"embeddable":true,"href":"https:\/\/alternatifs81.fr\/index.php?rest_route=%2Fwp%2Fv2%2Fcomments&post=5467"}],"version-history":[{"count":0,"href":"https:\/\/alternatifs81.fr\/index.php?rest_route=\/wp\/v2\/posts\/5467\/revisions"}],"wp:attachment":[{"href":"https:\/\/alternatifs81.fr\/index.php?rest_route=%2Fwp%2Fv2%2Fmedia&parent=5467"}],"wp:term":[{"taxonomy":"category","embeddable":true,"href":"https:\/\/alternatifs81.fr\/index.php?rest_route=%2Fwp%2Fv2%2Fcategories&post=5467"},{"taxonomy":"post_tag","embeddable":true,"href":"https:\/\/alternatifs81.fr\/index.php?rest_route=%2Fwp%2Fv2%2Ftags&post=5467"}],"curies":[{"name":"wp","href":"https:\/\/api.w.org\/{rel}","templated":true}]}}