{"id":5461,"date":"2012-06-03T18:47:55","date_gmt":"2012-06-03T17:47:55","guid":{"rendered":"http:\/\/alternatifs81.fr\/?p=5461"},"modified":"2012-06-03T18:47:55","modified_gmt":"2012-06-03T17:47:55","slug":"grece-le-fmi-et-lagarde-ont-tout-faux-par-damien-millet-et-eric-toussaint-cadtm","status":"publish","type":"post","link":"https:\/\/alternatifs81.fr\/?p=5461","title":{"rendered":"Gr\u00e8ce : le FMI et Lagarde ont tout faux, par Damien Millet et Eric Toussaint, CADTM"},"content":{"rendered":"<h3 style=\"text-align: justify;\">\u00a0<a href=\"http:\/\/alternatifs81.fr\/wp-content\/uploads\/crise-financire-mondiale3.jpg\" rel=\"lightbox[5461]\"><img loading=\"lazy\" decoding=\"async\" class=\"alignleft size-medium wp-image-5462\" style=\"margin: 12px;\" title=\"crise-financire-mondiale3\" src=\"http:\/\/alternatifs81.fr\/wp-content\/uploads\/crise-financire-mondiale3-300x202.jpg\" alt=\"\" width=\"240\" height=\"162\" srcset=\"https:\/\/alternatifs81.fr\/wp-content\/uploads\/crise-financire-mondiale3-300x202.jpg 300w, https:\/\/alternatifs81.fr\/wp-content\/uploads\/crise-financire-mondiale3.jpg 576w\" sizes=\"auto, (max-width: 240px) 100vw, 240px\" \/><\/a><em><span style=\"color: #0000ff;\">Christine Lagarde, directrice g\u00e9n\u00e9rale du FMI, a fait une d\u00e9claration \u00e0 propos de la Gr\u00e8ce et de l\u2019Afrique qui exige une mise au point. <\/span><\/em><\/h3>\n<h3 style=\"text-align: justify;\"><span style=\"color: #008000;\">Voici 30 ans, \u00e9clatait la crise de la dette du tiers-monde.<\/span><\/h3>\n<h3 style=\"text-align: justify;\">Pouss\u00e9s \u00e0 s\u2019endetter et \u00e0 exporter de plus en plus, les pays du Sud subissaient de plein fouet la forte hausse des taux d\u2019int\u00e9r\u00eat et la d\u00e9gringolade des cours des mati\u00e8res premi\u00e8res orchestr\u00e9es par les milieux financiers internationaux. Bien s\u00fbr, la corruption, l\u2019autoritarisme et la m\u00e9galomanie de certains dirigeants de ces pays ont exacerb\u00e9 la crise, mais ils ne l\u2019ont pas provoqu\u00e9e. L\u2019Afrique a \u00e9t\u00e9 un continent particuli\u00e8rement touch\u00e9, les conditions de vie se sont nettement d\u00e9t\u00e9rior\u00e9es et les indicateurs sociaux sont alarmants. Les services publics de sant\u00e9 et d\u2019\u00e9ducation, entre autres, ont \u00e9t\u00e9 lamin\u00e9s par les exigences des cr\u00e9anciers, mises en musique par le FMI.<\/h3>\n<h3 style=\"text-align: justify;\">Interrog\u00e9e sur la Gr\u00e8ce, Christine Lagarde d\u00e9clare au <!--more-->quotidien britannique The Guardian : \u00ab Je pense davantage aux petits enfants d\u2019une \u00e9cole d\u2019un petit village du Niger qui n\u2019ont que deux heures de cours par jour, qui partagent une chaise pour trois et qui ont soif d\u2019apprendre \u00bb.<\/h3>\n<h3 style=\"text-align: justify;\">Christine Lagarde ne pr\u00e9cise pas que le Niger a \u00e9t\u00e9 soumis aux exigences du FMI pendant plus de 25 ans. Elle n\u2019ignore pas que si des enfants nig\u00e9riens sont priv\u00e9s d\u2019une scolarit\u00e9 normale, le FMI en est largement responsable. Un quart de si\u00e8cle plus tard, la Gr\u00e8ce a \u00e9t\u00e9 le premier pays de la zone euro \u00e0 subir de plein fouet la crise qui a \u00e9clat\u00e9 en 2007-2008. Comme au Sud, le remboursement de la dette a \u00e9t\u00e9 \u00e9rig\u00e9 en priorit\u00e9 absolue par les cr\u00e9anciers de la Gr\u00e8ce, notamment les grandes banques priv\u00e9es fran\u00e7aises et allemandes.<\/h3>\n<h3 style=\"text-align: justify;\">Pour cela, le FMI, l\u2019Union europ\u00e9enne et la BCE ont impos\u00e9 une s\u00e9rie de plans d\u2019aust\u00e9rit\u00e9 tous totalement dramatiques pour la population grecque. Aujourd\u2019hui, la Gr\u00e8ce traverse une grave crise humanitaire, en plus d\u2019une crise \u00e9conomique de grande ampleur. Le peuple grec conna\u00eet les d\u00e9g\u00e2ts provoqu\u00e9s par les politiques impos\u00e9es par le FMI, et il a utilis\u00e9 les urnes pour exprimer son rejet de l\u2019aust\u00e9rit\u00e9 apr\u00e8s avoir eu recours \u00e0 une douzaine de gr\u00e8ves g\u00e9n\u00e9rales, \u00e0 de multiples manifestations de rue ou encore \u00e0 de nombreuses occupations de places publiques.<\/h3>\n<h3 style=\"text-align: justify;\">Lors des \u00e9lections du 6 mai dernier, les \u00e9lecteurs grecs ont sanctionn\u00e9 les forces de la coalition qui ont appliqu\u00e9 les plans d\u2019aust\u00e9rit\u00e9 et se sont soumis aux diktats de la Tro\u00efka (FMI, BCE et Commission europ\u00e9enne). La Nouvelle D\u00e9mocratie et le PASOK ont pay\u00e9 le prix de leur totale soumission aux cr\u00e9anciers de la Gr\u00e8ce. Le LAOS, parti d\u2019extr\u00eame droite et membre de la coalition pr\u00e9c\u00e9demment au pouvoir, a quasiment disparu de la sc\u00e8ne publique.<\/h3>\n<h3 style=\"text-align: justify;\">Syriza, la principale coalition de gauche radicale d\u00e9sormais deuxi\u00e8me force politique du pays, a men\u00e9 campagne pour l\u2019abandon des politiques d\u2019aust\u00e9rit\u00e9, pour un arr\u00eat des remboursements et un audit de la dette publique de l\u2019Etat grec, pour une refonte totale du trait\u00e9 sur le fonctionnement de l\u2019Union europ\u00e9enne et du statut de la BCE, pour le r\u00e9tablissement des salaires et des pensions fortement amput\u00e9s suite aux accords sign\u00e9s avec la Tro\u00efka, pour une fiscalit\u00e9 r\u00e9ellement redistributive, pour un audit des banques et la nationalisation de celles qui ont re\u00e7u des aides publiques, pour la lev\u00e9e de l\u2019immunit\u00e9 des parlementaires et des mandataires publics.<\/h3>\n<h3 style=\"text-align: justify;\">C\u2019est parce que son principal dirigeant Alexis Tsipras a eu le courage de proposer un virage \u00e0 180\u00b0 pour avancer vers la justice sociale et redonner \u00e0 la Gr\u00e8ce sa dignit\u00e9 que les voix d\u2019une partie importante de la population grecque se sont port\u00e9es vers les candidats et candidates propos\u00e9s par Syriza. De nombreux Grecs souhaitent la mise en place d\u2019un gouvernement qui soit aussi fid\u00e8le au peuple que les gouvernements pr\u00e9c\u00e9dents l\u2019ont \u00e9t\u00e9 \u00e0 l\u2019\u00e9gard du FMI et des responsables de la d\u00e9b\u00e2cle europ\u00e9enne.<\/h3>\n<h3 style=\"text-align: justify;\">Ce choix d\u00e9mocratique est combattu activement sur la sc\u00e8ne internationale et dans le pays.<\/h3>\n<h3 style=\"text-align: justify;\">Le peuple grec est pr\u00e9sent\u00e9 comme champion de l\u2019irresponsabilit\u00e9, de l\u2019\u00e9vasion fiscale, de la corruption et de la paresse. Des menaces de sanction contre la Gr\u00e8ce si le peuple fait de mauvais choix sont m\u00eame prononc\u00e9es par des chefs d\u2019Etat ou des hauts responsables internationaux.<\/h3>\n<h3 style=\"text-align: justify;\">Christine Lagarde participe aussi \u00e0 cette d\u00e9marche de d\u00e9nigrement du peuple grec. Dans l\u2019interview au Guardian mentionn\u00e9e plus haut, elle poursuit \u00e0 propos des enfants nig\u00e9riens qui n\u2019ont droit qu\u2019\u00e0 deux heures de cours par jour : \u00ab Je pense \u00e0 eux en permanence, parce que je pense qu\u2019ils ont davantage besoin d\u2019aide que les gens \u00e0 Ath\u00e8nes. Et concernant Ath\u00e8nes, je pense aussi \u00e0 ces personnes qui essaient sans arr\u00eat d\u2019\u00e9chapper \u00e0 l\u2019imp\u00f4t. \u00bb Quant \u00e0 ceux qui tentent de survivre en Gr\u00e8ce sans emploi et sans acc\u00e8s aux services publics, elle ajoute : \u00ab Je pense autant \u00e0 eux. Et je pense qu\u2019ils devraient aussi s\u2019aider mutuellement. En payant tous leurs imp\u00f4ts. \u00bb Au-del\u00e0 de la m\u00e9connaissance des r\u00e9alit\u00e9s grecques \u2013 si les armateurs et l\u2019Eglise orthodoxe sont exon\u00e9r\u00e9s d\u2019imp\u00f4ts, la population n\u2019y \u00e9chappe pas, d\u2019autant que la TVA a \u00e9t\u00e9 fortement augment\u00e9e et une taxe fonci\u00e8re a \u00e9t\u00e9 instaur\u00e9e \u2013 cela r\u00e9v\u00e8le de la part du FMI un tr\u00e8s grand m\u00e9pris envers la population d\u2019un pays qu\u2019il est cens\u00e9 venir aider alors que la situation est extr\u00eamement difficile.<\/h3>\n<h3 style=\"text-align: justify;\">En premier lieu, \u00e0 cause des effets de la crise internationale provoqu\u00e9e par la d\u00e9r\u00e9gulation financi\u00e8re qui a \u00e9t\u00e9 syst\u00e9matiquement voulue par le FMI.<\/h3>\n<h3 style=\"text-align: justify;\">En second lieu, \u00e0 cause des mesures impos\u00e9es depuis mai 2010 par le FMI et les dirigeants europ\u00e9ens ! Cerise sur le g\u00e2teau, il est int\u00e9ressant de souligner que Christine Lagarde, qui b\u00e9n\u00e9ficie d\u2019un traitement annuel de 323 257 euros sans oublier 57 829 euros de frais de repr\u00e9sentation, ne paie pour sa part aucun imp\u00f4t sur ce revenu gr\u00e2ce \u00e0 son statut de fonctionnaire internationale. C\u2019est vraiment le r\u00e8gne du \u00ab Faites comme je dis, mais pas comme je fais ! \u00bb.<\/h3>\n<h3 style=\"text-align: justify;\">Madame Lagarde, trop c\u2019est trop !<\/h3>\n<h3 style=\"text-align: justify;\">Vous \u00eates bien mal plac\u00e9e pour donner des le\u00e7ons. L\u2019organisation que vous dirigez et la ligne politique que vous suivez sont \u00e2prement combattues par les nombreux peuples qui souffrent des mesures que vous imposez, que ce soit en Afrique, en Europe, en Am\u00e9rique latine ou en Asie.<\/h3>\n<h3 style=\"text-align: justify;\">L\u2019organisation que vous dirigez devrait \u00eatre abolie et remplac\u00e9e par une nouvelle institution v\u00e9ritablement d\u00e9mocratique veillant \u00e0 la stabilit\u00e9 mon\u00e9taire dans le respect des droits humains fondamentaux. <span style=\"color: #808000;\">Heureusement, se met en place une mobilisation europ\u00e9enne contre la dette ill\u00e9gitime, les plans d\u2019aust\u00e9rit\u00e9 et le Pacte budg\u00e9taire, en solidarit\u00e9 avec le peuple grec et les autres peuples agress\u00e9s. <\/span><\/h3>\n<h3 style=\"text-align: justify;\"><span style=\"color: #008000;\">C\u2019est la r\u00e9ponse ad\u00e9quate pour permettre une v\u00e9ritable transformation sociale en rupture avec le n\u00e9olib\u00e9ralisme. <\/span><\/h3>\n<h3 style=\"text-align: justify;\">*<em><span style=\"color: #ff0000;\"> Damien Millet est porte-parole du CADTM France (www.cadtm.org) ; Eric Toussaint est pr\u00e9sident du CADTM Belgique. Ils ont \u00e9crit AAA, Audit, Annulation, Autre politique (Seuil, 2012) et dirig\u00e9 le livre collectif La Dette ou la Vie (Aden-CADTM, 2011) qui a re\u00e7u le Prix du livre politique \u00e0 Li\u00e8ge en 2011.<\/span><\/em><\/h3>\n<gcse:search><\/gcse:search>","protected":false},"excerpt":{"rendered":"<p>\u00a0Christine Lagarde, directrice g\u00e9n\u00e9rale du FMI, a fait une d\u00e9claration \u00e0 propos de la Gr\u00e8ce et de l\u2019Afrique qui exige une mise au point. Voici 30 ans, \u00e9clatait la crise de la dette du tiers-monde. Pouss\u00e9s \u00e0 s\u2019endetter et \u00e0 exporter de plus en plus, les pays du Sud subissaient de plein fouet la forte [&hellip;]<\/p>\n","protected":false},"author":1,"featured_media":0,"comment_status":"open","ping_status":"closed","sticky":false,"template":"","format":"standard","meta":{"footnotes":""},"categories":[126,232,244],"tags":[16,205,23],"class_list":["post-5461","post","type-post","status-publish","format-standard","hentry","category-gauche-de-combat","category-notre-economie-et-la-leur","category-point-de-vue","tag-economie","tag-grece","tag-luttes"],"_links":{"self":[{"href":"https:\/\/alternatifs81.fr\/index.php?rest_route=\/wp\/v2\/posts\/5461","targetHints":{"allow":["GET"]}}],"collection":[{"href":"https:\/\/alternatifs81.fr\/index.php?rest_route=\/wp\/v2\/posts"}],"about":[{"href":"https:\/\/alternatifs81.fr\/index.php?rest_route=\/wp\/v2\/types\/post"}],"author":[{"embeddable":true,"href":"https:\/\/alternatifs81.fr\/index.php?rest_route=\/wp\/v2\/users\/1"}],"replies":[{"embeddable":true,"href":"https:\/\/alternatifs81.fr\/index.php?rest_route=%2Fwp%2Fv2%2Fcomments&post=5461"}],"version-history":[{"count":0,"href":"https:\/\/alternatifs81.fr\/index.php?rest_route=\/wp\/v2\/posts\/5461\/revisions"}],"wp:attachment":[{"href":"https:\/\/alternatifs81.fr\/index.php?rest_route=%2Fwp%2Fv2%2Fmedia&parent=5461"}],"wp:term":[{"taxonomy":"category","embeddable":true,"href":"https:\/\/alternatifs81.fr\/index.php?rest_route=%2Fwp%2Fv2%2Fcategories&post=5461"},{"taxonomy":"post_tag","embeddable":true,"href":"https:\/\/alternatifs81.fr\/index.php?rest_route=%2Fwp%2Fv2%2Ftags&post=5461"}],"curies":[{"name":"wp","href":"https:\/\/api.w.org\/{rel}","templated":true}]}}