{"id":5416,"date":"2012-05-29T21:27:09","date_gmt":"2012-05-29T20:27:09","guid":{"rendered":"http:\/\/alternatifs81.fr\/?p=5416"},"modified":"2012-05-29T21:27:09","modified_gmt":"2012-05-29T20:27:09","slug":"notre-sante-en-danger-une-alternative-est-necessaire","status":"publish","type":"post","link":"https:\/\/alternatifs81.fr\/?p=5416","title":{"rendered":"NOTRE SANTE EN DANGER : UNE ALTERNATIVE EST NECESSAIRE"},"content":{"rendered":"<h3 style=\"text-align: justify;\"><span style=\"color: #0000ff;\"><em><a href=\"http:\/\/alternatifs81.fr\/wp-content\/uploads\/arton852-923b16.png\" rel=\"lightbox[5416]\"><img loading=\"lazy\" decoding=\"async\" class=\"alignleft size-full wp-image-5417\" title=\"arton852-923b1\" src=\"http:\/\/alternatifs81.fr\/wp-content\/uploads\/arton852-923b16.png\" alt=\"\" width=\"200\" height=\"87\" \/><\/a>Communiqu\u00e9\u00a0Commission Sant\u00e9 des Alternatifs<\/em> <\/span><\/p>\n<p>\u00a0\u00a0\u00a0 <span style=\"color: #008000;\">Marisol Touraine est en charge d&rsquo;un \u00ab\u00a0minist\u00e8re des affaires sociales<br \/>\net de la sant\u00e9\u00a0\u00bb au sein du premier gouvernement Ayrault. <\/span><\/h3>\n<h3 style=\"text-align: justify;\">Elle a \u00e9voqu\u00e9 plusieurs am\u00e9nagements de la loi HPST : les Alternatifs, avec de nombreuses organisations syndicales et politiques et\u00a0 diverses associations, regroup\u00e9es au sein du mouvement National \u00ab\u00a0Notre Sant\u00e9 en Danger\u00a0\u00bb, exigent son abrogation.<\/p>\n<p>\u00a0\u00a0\u00a0 Ni clientes-clients passifs, ni carte Vital Gold pour les plus favoris\u00e9Es et soins au rabais\u00a0 pour les autres : les Alternatifs d\u00e9fendent une politique publique respectant les usag\u00e8res et usagers des services de pr\u00e9vention, de soins et de protection sociale, et garantissant les solidarit\u00e9s sociales et territoriales.<\/p>\n<p>\u00a0\u00a0\u00a0 Une telle politique n\u00e9cessite la remise en cause des <!--more-->d\u00e9passements d&rsquo;honoraires, des franchises m\u00e9dicales, des partenariats public\/priv\u00e9 aboutissant \u00e0 la main mise des multinationales sur la sant\u00e9\u00a0 &#8230;<br \/>\n\u00a0\u00a0\u00a0 Nous voulons un vrai maillage territorial de proximit\u00e9 et des professionnelles et professionnels de sant\u00e9 bien form\u00e9s, en nombre suffisant et correctement r\u00e9mun\u00e9r\u00e9s &#8230;<br \/>\n\u00a0\u00a0\u00a0 Nous voulons l&rsquo;acc\u00e8s gratuit aux soins pour toutes et tous, partout sur le territoire, que chaque personne\u00a0 puisse disposer de son corps et soit respect\u00e9e dans ses choix &#8230; nous voulons une soci\u00e9t\u00e9 \u00e9panouissante et autog\u00e9r\u00e9e &#8230;<br \/>\n\u00a0\u00a0\u00a0 Une telle politique a un co\u00fbt :\u00a0 l&rsquo;objectif de croissance de l&rsquo;ONDAM (Objectif des D\u00e9penses de l&rsquo;Assurance Maladie) est fix\u00e9 \u00e0 3%.<br \/>\n\u00a0\u00a0\u00a0 Les contraintes financi\u00e8res peuvent servir, une fois de plus, de pr\u00e9texte \u00e0 la poursuite de la destruction de notre syst\u00e8me de sant\u00e9 et de protection sociale.<\/h3>\n<h3 style=\"text-align: justify;\">C&rsquo;est donc une red\u00e9finition d&rsquo;ensemble qui s&rsquo;impose,en termes de pr\u00e9vention, d&rsquo;acc\u00e8s aux soins, de r\u00f4le du personnel soignant&#8230;.. Et principalement\u00a0 s&rsquo;impose la red\u00e9finition du financement.<br \/>\n<span style=\"color: #ff0000;\">C&rsquo;est l&rsquo;engagement pris par nos candidats de la gauche alternative aux l\u00e9gislatives<br \/>\n<\/span><br \/>\n\u00a0\u00a0\u00a0 Les Alternatifs<br \/>\n\u00a0\u00a0\u00a0 Commission sant\u00e9<\/h3>\n<gcse:search><\/gcse:search>","protected":false},"excerpt":{"rendered":"<p>Communiqu\u00e9\u00a0Commission Sant\u00e9 des Alternatifs \u00a0\u00a0\u00a0 Marisol Touraine est en charge d&rsquo;un \u00ab\u00a0minist\u00e8re des affaires sociales et de la sant\u00e9\u00a0\u00bb au sein du premier gouvernement Ayrault. Elle a \u00e9voqu\u00e9 plusieurs am\u00e9nagements de la loi HPST : les Alternatifs, avec de nombreuses organisations syndicales et politiques et\u00a0 diverses associations, regroup\u00e9es au sein du mouvement National \u00ab\u00a0Notre Sant\u00e9 [&hellip;]<\/p>\n","protected":false},"author":1,"featured_media":0,"comment_status":"open","ping_status":"closed","sticky":false,"template":"","format":"standard","meta":{"footnotes":""},"categories":[9,164,180],"tags":[34,26,50,402,66],"class_list":["post-5416","post","type-post","status-publish","format-standard","hentry","category-communiques","category-sante","category-services-publics-2","tag-alternatifs","tag-communique-de-presse","tag-discriminations","tag-sante","tag-services-publics"],"_links":{"self":[{"href":"https:\/\/alternatifs81.fr\/index.php?rest_route=\/wp\/v2\/posts\/5416","targetHints":{"allow":["GET"]}}],"collection":[{"href":"https:\/\/alternatifs81.fr\/index.php?rest_route=\/wp\/v2\/posts"}],"about":[{"href":"https:\/\/alternatifs81.fr\/index.php?rest_route=\/wp\/v2\/types\/post"}],"author":[{"embeddable":true,"href":"https:\/\/alternatifs81.fr\/index.php?rest_route=\/wp\/v2\/users\/1"}],"replies":[{"embeddable":true,"href":"https:\/\/alternatifs81.fr\/index.php?rest_route=%2Fwp%2Fv2%2Fcomments&post=5416"}],"version-history":[{"count":0,"href":"https:\/\/alternatifs81.fr\/index.php?rest_route=\/wp\/v2\/posts\/5416\/revisions"}],"wp:attachment":[{"href":"https:\/\/alternatifs81.fr\/index.php?rest_route=%2Fwp%2Fv2%2Fmedia&parent=5416"}],"wp:term":[{"taxonomy":"category","embeddable":true,"href":"https:\/\/alternatifs81.fr\/index.php?rest_route=%2Fwp%2Fv2%2Fcategories&post=5416"},{"taxonomy":"post_tag","embeddable":true,"href":"https:\/\/alternatifs81.fr\/index.php?rest_route=%2Fwp%2Fv2%2Ftags&post=5416"}],"curies":[{"name":"wp","href":"https:\/\/api.w.org\/{rel}","templated":true}]}}