{"id":5341,"date":"2012-05-24T14:07:51","date_gmt":"2012-05-24T13:07:51","guid":{"rendered":"http:\/\/alternatifs81.fr\/?p=5341"},"modified":"2012-06-12T13:00:23","modified_gmt":"2012-06-12T12:00:23","slug":"legislatives-construire-ensemble-un-rassemblement-rouge-et-vert","status":"publish","type":"post","link":"https:\/\/alternatifs81.fr\/?p=5341","title":{"rendered":"L\u00e9gislatives : CONSTRUIRE ENSEMBLE un RASSEMBLEMENT ROUGE et VERT"},"content":{"rendered":"<h2 style=\"text-align: center;\"><span style=\"color: #808000;\"><span style=\"color: #ff0000;\"><a href=\"http:\/\/alternatifs81.fr\/wp-content\/uploads\/58022253_q.png\" rel=\"lightbox[5341]\"><\/a><a href=\"http:\/\/alternatifs81.fr\/wp-content\/uploads\/tract-recto8.jpg\" rel=\"lightbox[5341]\"><img loading=\"lazy\" decoding=\"async\" class=\"alignleft size-full wp-image-5347\" style=\"margin: 10px;\" title=\"tract-recto\" src=\"http:\/\/alternatifs81.fr\/wp-content\/uploads\/tract-recto8.jpg\" alt=\"\" width=\"134\" height=\"189\" \/><\/a>CONSTRUIRE ENSEMBLE<\/span> <\/span><span style=\"color: #008000;\">un <\/span><span style=\"color: #008000;\">RASSEMBLEMENT <span style=\"color: #ff0000;\">ROUGE <\/span>et VERT<\/span><\/h2>\n<h3 style=\"text-align: justify;\">Nous pr\u00e9sentons notre candidature pour refuser la rigueur, l\u2019aust\u00e9rit\u00e9, la casse des acquis sociaux, le d\u00e9mant\u00e8lement des Services Publics, la logique du ch\u00f4mage de masse, la consommation de biens \u00e0 outrance, le gaspillage des \u00e9nergies, les discriminations&#8230;<\/h3>\n<h3 style=\"text-align: justify;\">Nous souhaitons un rassemblement large, solide, sinc\u00e8re, pour instaurer une autre logique dans la r\u00e9partition des richesses. Un rassemblement pour placer l\u2019\u00e9cologie au centre des d\u00e9cisions \u00e9conomiques, pour placer la d\u00e9mocratie au centre de notre soci\u00e9t\u00e9, pour aller vers une soci\u00e9t\u00e9 apais\u00e9e. Un rassemblement \u00e0 construire par un travail commun \u00ab \u00e0 la base \u00bb parce que l\u2019unit\u00e9, ne se construit pas m\u00e9caniquement par des accords au sommet entre organisations.<\/h3>\n<h3 style=\"text-align: justify;\">C\u2019est une autre logique que nous voulons proposer \u00e0 la Gauche qui lutte, \u00e0 la Gauche qui ne se r\u00e9signe pas : celle <span style=\"color: #008000;\">d\u2019une conception de la politique <\/span>qui laisse, certes, toute sa place aux partis et \u00e0 ceux qui les soutiennent, mais <span style=\"color: #008000;\">qui permette aussi \u00e0 des \u00e9lectrices et des \u00e9lecteurs de d\u00e9cider sur des bases issues de leur quotidien.<\/span><\/h3>\n<h3 style=\"text-align: justify;\">L&rsquo;une des raisons de notre candidature : <span style=\"color: #ff0000;\">cr\u00e9er une unit\u00e9 \u00e0 l\u2019oppos\u00e9 des combines de couloirs entre partis dont malheureusement la gauche pr\u00e9sente des exemples divers \u00e0 tous les niveaux.<\/span><\/h3>\n<p><strong>Jean FAUCH\u00c9<\/strong> et <strong>Fran\u00e7oise CHERBOURG<\/strong>, \u00a0<em><strong><span style=\"color: #808000;\">candidats de la Gauche Alternative, <span style=\"color: #008000;\">soutenus par les Alternatifs<\/span><\/span><\/strong><\/em><\/p>\n<h2><span style=\"color: #0000ff;\">Rejoignez le comit\u00e9 de campagne, <\/span><span style=\"color: #0000ff;\">ouvert \u00e0 toutes les citoyennes et tous les citoyens d\u00e9sirant agir dans cette perspective.\u00a0\u00a0<\/span><\/h2>\n<h2 style=\"text-align: center;\"><span style=\"color: #008000;\"><span style=\"color: #ff0000;\">Vous pouvez nous aider<\/span> de diverses mani\u00e8res.<\/span><\/h2>\n<p><strong>\u00a0<\/strong><strong><span style=\"text-decoration: underline;\">Contacts<\/span> : <a href=\"mailto:candidalterrv81@orange.fr\">candidalterrv81@orange.fr<\/a><\/strong><\/p>\n<p><strong>\u00a0\u00a0\u00a0\u00a0\u00a0\u00a0\u00a0\u00a0\u00a0\u00a0\u00a0\u00a0\u00a0\u00a0\u00a0\u00a0\u00a0 \u00a0 05 63 70 26 49\u00a0 <\/strong><\/p>\n<gcse:search><\/gcse:search>","protected":false},"excerpt":{"rendered":"<p>CONSTRUIRE ENSEMBLE un RASSEMBLEMENT ROUGE et VERT Nous pr\u00e9sentons notre candidature pour refuser la rigueur, l\u2019aust\u00e9rit\u00e9, la casse des acquis sociaux, le d\u00e9mant\u00e8lement des Services Publics, la logique du ch\u00f4mage de masse, la consommation de biens \u00e0 outrance, le gaspillage des \u00e9nergies, les discriminations&#8230; Nous souhaitons un rassemblement large, solide, sinc\u00e8re, pour instaurer une autre [&hellip;]<\/p>\n","protected":false},"author":1,"featured_media":0,"comment_status":"open","ping_status":"closed","sticky":false,"template":"","format":"standard","meta":{"footnotes":""},"categories":[125,62,208,123,180,246],"tags":[34,398,103,117,169,400,23,66],"class_list":["post-5341","post","type-post","status-publish","format-standard","hentry","category-ecologie","category-elections","category-langues-regionales-et-minoritaires","category-rouge-et-vert","category-services-publics-2","category-transition-energetique-2","tag-alternatifs","tag-autogestion","tag-demarche-citoyenne","tag-democratie","tag-ecologie-2","tag-feminisme","tag-luttes","tag-services-publics"],"_links":{"self":[{"href":"https:\/\/alternatifs81.fr\/index.php?rest_route=\/wp\/v2\/posts\/5341","targetHints":{"allow":["GET"]}}],"collection":[{"href":"https:\/\/alternatifs81.fr\/index.php?rest_route=\/wp\/v2\/posts"}],"about":[{"href":"https:\/\/alternatifs81.fr\/index.php?rest_route=\/wp\/v2\/types\/post"}],"author":[{"embeddable":true,"href":"https:\/\/alternatifs81.fr\/index.php?rest_route=\/wp\/v2\/users\/1"}],"replies":[{"embeddable":true,"href":"https:\/\/alternatifs81.fr\/index.php?rest_route=%2Fwp%2Fv2%2Fcomments&post=5341"}],"version-history":[{"count":0,"href":"https:\/\/alternatifs81.fr\/index.php?rest_route=\/wp\/v2\/posts\/5341\/revisions"}],"wp:attachment":[{"href":"https:\/\/alternatifs81.fr\/index.php?rest_route=%2Fwp%2Fv2%2Fmedia&parent=5341"}],"wp:term":[{"taxonomy":"category","embeddable":true,"href":"https:\/\/alternatifs81.fr\/index.php?rest_route=%2Fwp%2Fv2%2Fcategories&post=5341"},{"taxonomy":"post_tag","embeddable":true,"href":"https:\/\/alternatifs81.fr\/index.php?rest_route=%2Fwp%2Fv2%2Ftags&post=5341"}],"curies":[{"name":"wp","href":"https:\/\/api.w.org\/{rel}","templated":true}]}}