{"id":4977,"date":"2012-03-26T18:06:08","date_gmt":"2012-03-26T17:06:08","guid":{"rendered":"http:\/\/alternatifs81.fr\/?p=4977"},"modified":"2012-03-26T18:06:08","modified_gmt":"2012-03-26T17:06:08","slug":"cercle-de-silence-a-castres-vendredi-30-mars","status":"publish","type":"post","link":"https:\/\/alternatifs81.fr\/?p=4977","title":{"rendered":"Cercle de Silence \u00e0 CASTRES VENDREDI 30 MARS"},"content":{"rendered":"<h3 style=\"text-align: justify;\"><a href=\"http:\/\/alternatifs81.fr\/wp-content\/uploads\/Cercle-Silence.png\" rel=\"lightbox[4977]\"><img loading=\"lazy\" decoding=\"async\" class=\"alignleft size-medium wp-image-4978\" title=\"Cercle Silence\" src=\"http:\/\/alternatifs81.fr\/wp-content\/uploads\/Cercle-Silence-300x292.png\" alt=\"\" width=\"240\" height=\"234\" srcset=\"https:\/\/alternatifs81.fr\/wp-content\/uploads\/Cercle-Silence-300x292.png 300w, https:\/\/alternatifs81.fr\/wp-content\/uploads\/Cercle-Silence.png 700w\" sizes=\"auto, (max-width: 240px) 100vw, 240px\" \/><\/a>Et oui ! il y a 4 ans d\u00e9j\u00e0 se formait le 1er Cercle de Silence \u00e0 Castres, bient\u00f4t suivi par Albi et Mazamet.<\/h3>\n<h3 style=\"text-align: justify;\">Les choses ont peu chang\u00e9 depuis, peut-\u00eatre m\u00eame aggrav\u00e9 ?<\/h3>\n<h3 style=\"text-align: justify;\">Alors, que faut-il faire ? Baisser les bras et ignorer que des hommes, femmes et enfants vivent dans des conditions inhumaines ? Que l&rsquo;on pr\u00e9f\u00e8re s&rsquo;attaquer \u00e0 des gens sans d\u00e9fense et pauvres plut\u00f4t qu&rsquo;aux riches ?<\/h3>\n<h3 style=\"text-align: justify;\">C&rsquo;est le moment d&rsquo;interpeller nos dirigeants, de nous indigner et de protester.<\/h3>\n<h3 style=\"text-align: justify;\">Pour beaucoup d&rsquo;entre-vous voila 4 ans que vous recevez cette invitation. Pour cet anniversaire VENEZ NOMBREUX marquer votre solidarit\u00e9.<\/h3>\n<h3 style=\"text-align: justify;\">Ne soyez pas indiff\u00e9rents.<\/h3>\n<h3 style=\"text-align: justify;\">A CASTRES VENDREDI 30 MARS DE 18 H \u00e0 19 H PLACE JEAN JAURES (pr\u00e8s de la fontaine)<\/h3>\n<h3 style=\"text-align: justify;\">\u00a0M\u00eame si vous disposez de peu de temps.<\/h3>\n<gcse:search><\/gcse:search>","protected":false},"excerpt":{"rendered":"<p>Et oui ! il y a 4 ans d\u00e9j\u00e0 se formait le 1er Cercle de Silence \u00e0 Castres, bient\u00f4t suivi par Albi et Mazamet. Les choses ont peu chang\u00e9 depuis, peut-\u00eatre m\u00eame aggrav\u00e9 ? Alors, que faut-il faire ? Baisser les bras et ignorer que des hommes, femmes et enfants vivent dans des conditions inhumaines [&hellip;]<\/p>\n","protected":false},"author":1,"featured_media":0,"comment_status":"open","ping_status":"closed","sticky":false,"template":"","format":"standard","meta":{"footnotes":""},"categories":[1],"tags":[],"class_list":["post-4977","post","type-post","status-publish","format-standard","hentry","category-non-classe"],"_links":{"self":[{"href":"https:\/\/alternatifs81.fr\/index.php?rest_route=\/wp\/v2\/posts\/4977","targetHints":{"allow":["GET"]}}],"collection":[{"href":"https:\/\/alternatifs81.fr\/index.php?rest_route=\/wp\/v2\/posts"}],"about":[{"href":"https:\/\/alternatifs81.fr\/index.php?rest_route=\/wp\/v2\/types\/post"}],"author":[{"embeddable":true,"href":"https:\/\/alternatifs81.fr\/index.php?rest_route=\/wp\/v2\/users\/1"}],"replies":[{"embeddable":true,"href":"https:\/\/alternatifs81.fr\/index.php?rest_route=%2Fwp%2Fv2%2Fcomments&post=4977"}],"version-history":[{"count":0,"href":"https:\/\/alternatifs81.fr\/index.php?rest_route=\/wp\/v2\/posts\/4977\/revisions"}],"wp:attachment":[{"href":"https:\/\/alternatifs81.fr\/index.php?rest_route=%2Fwp%2Fv2%2Fmedia&parent=4977"}],"wp:term":[{"taxonomy":"category","embeddable":true,"href":"https:\/\/alternatifs81.fr\/index.php?rest_route=%2Fwp%2Fv2%2Fcategories&post=4977"},{"taxonomy":"post_tag","embeddable":true,"href":"https:\/\/alternatifs81.fr\/index.php?rest_route=%2Fwp%2Fv2%2Ftags&post=4977"}],"curies":[{"name":"wp","href":"https:\/\/api.w.org\/{rel}","templated":true}]}}