{"id":4968,"date":"2012-03-24T08:45:49","date_gmt":"2012-03-24T07:45:49","guid":{"rendered":"http:\/\/alternatifs81.fr\/?p=4968"},"modified":"2012-03-24T08:45:49","modified_gmt":"2012-03-24T07:45:49","slug":"matiere-a-reflexions-sur-une-actualite-brulante","status":"publish","type":"post","link":"https:\/\/alternatifs81.fr\/?p=4968","title":{"rendered":"Mati\u00e9re \u00e0 r\u00e9flexion(s) sur une actualit\u00e9 br\u00fblante"},"content":{"rendered":"<h3><em><span style=\"color: #0000ff;\"><a href=\"http:\/\/alternatifs81.fr\/wp-content\/uploads\/concordia_b100.jpg\" rel=\"lightbox[4968]\"><img loading=\"lazy\" decoding=\"async\" class=\"alignleft size-full wp-image-4973\" style=\"margin: 10px;\" title=\"concordia_b100\" src=\"http:\/\/alternatifs81.fr\/wp-content\/uploads\/concordia_b100.jpg\" alt=\"\" width=\"100\" height=\"74\" \/><\/a>Professeur d\u2019\u00e9conomie, dessinateur, po\u00e8te, philosophe, pamphl\u00e9taire \u00e0 la plume acerbe, Patrick MIGNARD nous livre ici, une analyse ac\u00e9r\u00e9e de l\u2019actualit\u00e9. <\/span><\/em><\/h3>\n<p style=\"text-align: center;\"><strong><span style=\"color: #ff0000;\">DES PAROLES\u2026 ET DES ACTES<\/span><\/strong><\/p>\n<p style=\"text-align: justify;\"><strong>\u00a0<\/strong><strong><em><span style=\"color: #666699;\">Une fois les faits condamn\u00e9s, ce qui est un imp\u00e9ratif moral et civique cat\u00e9gorique,\u2026 il s\u2019agit de comprendre comment notre soci\u00e9t\u00e9 peut produire de tels \u00e9v\u00e8nements. C\u2019est tout le sens de cet \u00e9crit.<\/span><\/em><\/strong><\/p>\n<p style=\"text-align: justify;\"><strong>\u00a0<\/strong><strong>Ces tragiques \u00e9v\u00e8nements de Toulouse ne sont pas un fait divers\u2026 Ils plongent leurs racines au plus profond de ce qui est notre soci\u00e9t\u00e9. Tout acte de violence publique \u2013 et m\u00eame souvent priv\u00e9e &#8211; est forc\u00e9ment la r\u00e9sultante des forces qui agitent notre soci\u00e9t\u00e9.<\/strong><\/p>\n<p style=\"text-align: justify;\"><strong>\u00a0<\/strong>La difficult\u00e9 r\u00e9side, quand on veut en faire l\u2019analyse, \u00e0 \u00e9viter les pr\u00e9jug\u00e9s, les id\u00e9es toutes faites, voire les fantasmes qui circulent et qui aboutissent \u00e0 des conclusions rapides et erron\u00e9es\u2026 cet<!--more-->\u00a0article n\u2019est d\u2019ailleurs pas \u00e0 l\u2019abri de ce genre de d\u00e9rive,\u2026 chacun\/e en jugera . La difficult\u00e9 est accrue lorsque l\u2019on se place en pleine campagne \u00e9lectorale durant laquelle tous les coups sont permis, la d\u00e9sinformation courante, l\u2019amalgame simpliste et les enjeux politiciens consid\u00e9rables.<\/p>\n<p>\u00a0<strong><span style=\"color: #ff0000;\">D\u2019UN BILAN DESASTREUX \u2026<\/span><\/strong><\/p>\n<p style=\"text-align: justify;\">Il est un fait incontestable\u00a0, c\u2019est que, un des enjeux de cette campagne, porte sur <strong>l\u2019appr\u00e9ciation d\u2019un bilan pr\u00e9sidentiel qui a dur\u00e9 cinq ans<\/strong>,\u2026 et ceci est d\u2019autant plus vrai et indispensable que celui qui a occup\u00e9 cette fonction est aujourd\u2019hui candidat.<\/p>\n<p>\u00a0<\/p>\n<p style=\"text-align: justify;\">Passer \u00e0 c\u00f4t\u00e9 d\u2019une analyse d\u00e9taill\u00e9e de ce qu\u2019a \u00e9t\u00e9 cette pr\u00e9sidence est donc impossible.<\/p>\n<p style=\"text-align: justify;\">Ce bilan, sur le plan politique, \u00e9conomique, social et m\u00eame \u00e9thique est loin d\u2019\u00eatre positif. De l\u2019\u00e9pisode du Fouquet\u2019s aux derni\u00e8res d\u00e9clarations scandaleuses du <em>pr\u00e9sident-candidat<\/em>, ces cinq ann\u00e9es ont \u00e9t\u00e9 ponctu\u00e9es, de scandales, n\u00e9potisme, mais aussi plus grave encore d\u2019un v\u00e9ritable d\u00e9mant\u00e8lement d\u2019acquis \u00e9conomiques et sociaux qui faisaient quasiment partie de notre patrimoine et constituait le tissu \u00e9conomique et social : d\u00e9mant\u00e8lement des services publics, atteinte au syst\u00e8me des retraites, liquidation du syst\u00e8me de sant\u00e9, plus aggravation de la situation de<\/p>\n<p style=\"text-align: justify;\">l\u2019emploi, du logement,\u2026 accroissement des in\u00e9galit\u00e9s.<\/p>\n<p style=\"text-align: justify;\">Au nom d\u2019un lib\u00e9ralisme d\u00e9brid\u00e9, d\u2019une modernit\u00e9 trompeuse, de choix politiques d\u00e9lib\u00e9r\u00e9ment favorables aux plus riches, le <em>pr\u00e9sident-candidat<\/em> ne peut que pr\u00e9senter un bilan d\u00e9sastreux \u00e0 ceux dont il a l\u2019outrecuidance de se qualifier de <em>Pr\u00e9sident\/candidat du peuple <\/em>( ?).<\/p>\n<p style=\"text-align: justify;\">Alliant une maladresse coupable \u00e0 une vulgarit\u00e9 et une inculture affligeantes, il a fini par donner une image sur le plan national, mais aussi international, catastrophique. Image aggrav\u00e9e par un entourage de groupies et courtisans qui le concurrence dans le domaine de la vulgarit\u00e9 et de l\u2019incomp\u00e9tence.<\/p>\n<p style=\"text-align: justify;\">L\u2019argument de <em>la crise financi\u00e8re<\/em> dont il fait un usage abusif pour justifier son bilan, fait de moins en moins illusion ; en effet outre le fait qu\u2019il est un des artisans de la d\u00e9r\u00e9glementation \u00e9conomique en Europe, il a montr\u00e9 qu\u2019il \u00e9tait plus prompt \u00e0 trouver une solution pour les banques que pour les probl\u00e8mes sociaux qui s\u2019aggravent, cons\u00e9quences de sa politique.<\/p>\n<p><strong>\u2026 A UNE CAMPAGNE ELECTORALE OUTRANCIERE<\/strong><\/p>\n<p style=\"text-align: justify;\">Dans ces conditions, il a vite compris qu\u2019il fallait trouver un nouvel axe pour sa campagne \u00e9lectorale et passer sous silence un bilan qui l\u2019a conduit \u00e0 un seuil d\u2019impopularit\u00e9 jamais atteint, par un Pr\u00e9sident, sous la 5<sup>e<\/sup> R\u00e9publique.<\/p>\n<p style=\"text-align: justify;\">La frange de la population qui a \u00e9t\u00e9 la plus atteinte par ses \u00ab r\u00e9formes \u00bb, sont les classes populaires,\u2026 qu\u2019il avait r\u00e9ussi \u00e0 s\u00e9duire, en partie, lors de son \u00e9lection.<\/p>\n<p style=\"text-align: justify;\">R\u00e9flexe classique : jouer sur la <em>peur<\/em> qui peut \u00eatre payante lors d\u2019une consultation \u00e9lectorale\u2026 l\u2019exp\u00e9rience l\u2019a abondamment prouv\u00e9, en France comme \u00e0 l\u2019\u00e9tranger, jouer sur la stigmatisation de l\u2019autre, trouver un bouc \u00e9missaire. Le probl\u00e8me c\u2019est que ce cr\u00e9neau est largement occup\u00e9 par le Front National depuis des ann\u00e9es. C\u2019est donc \u00e0 une surench\u00e8re sur les th\u00e8ses du Front National que le <em>candidat-pr\u00e9sident<\/em> se livre depuis quelques semaines.<\/p>\n<p style=\"text-align: justify;\">Cette surench\u00e8re a donn\u00e9 peu \u00e0 peu naissance \u00e0 une v\u00e9ritable escalade d\u2019outrances, de propos scandaleux,\u2026 au point que les observateurs politiques en France, et m\u00eame \u00e0 l\u2019\u00e9tranger, se sont demand\u00e9 qui \u00e9tait le plus \u00e0 droite, le FN ou le Pr\u00e9sident de la R\u00e9publique.<\/p>\n<p style=\"text-align: justify;\">Que le Front National se livre \u00e0 de telles outrances, on ne peut pas dire que c\u2019est normal, mais on en a l\u2019habitude et le combattre est devenu une n\u00e9cessit\u00e9 politique. Mais qu\u2019un parti de droite, qui se r\u00e9clame de la R\u00e9publique et se dise \u00ab droite r\u00e9publicaine \u00bb mette ses pas dans celui d\u2019un tel parti et m\u00eame essaye d\u2019en faire plus pour lui subtiliser des \u00e9lecteurs, en dit long sur son \u00e9thique et le sens qu\u2019il donne au mot \u00ab <em>valeurs<\/em> \u00bb.<\/p>\n<p style=\"text-align: justify;\">De deux choses l\u2019une : ou bien il s\u2019agit d\u2019une simple attitude opportuniste, purement \u00e9lectoraliste, ou bien cela refl\u00e8te la vraie nature de ce mouvement. Dans les deux cas la situation est grave, non seulement pour l\u2019UMP, mais de mani\u00e8re g\u00e9n\u00e9rale pour la politique en France. En effet, c\u2019est le <em>Pr\u00e9sident de la R\u00e9publique<\/em>, avec son poids institutionnel qui parle en ces termes, et ce n\u2019est pas rien aux yeux de millions de citoyens qui, fragilis\u00e9s par une situation \u00e9conomique et sociale difficile, peuvent \u00eatre influenc\u00e9s par un discours d\u00e9complex\u00e9s en mati\u00e8re de racisme, d\u2019exclusion, de violence\u2026 le 20<sup>e<\/sup> si\u00e8cle est plein de ce genre d\u2019exemple.<\/p>\n<p style=\"text-align: justify;\"><strong>Or il y a des mots qui, indirectement, tuent, des attitudes qui incitent, qui permettent le passage \u00e0 l\u2019acte, qui lib\u00e8rent des pulsions de mort pour soi (suicide) ou pour les autres (crimes).<\/strong><\/p>\n<p><strong>\u00a0<\/strong><strong>Ce ne sont pas celles et ceux qui prononcent ces mots, qui ont ces attitudes qui sont <em>directement<\/em> responsables des \u00e9v\u00e8nements qu\u2019ils d\u00e9clenchent,\u2026 mais ils en portent une grande part de responsabilit\u00e9.<\/strong><\/p>\n<p><strong>\u00a0<\/strong>C\u2019est ce m\u00eame m\u00e9canisme qui est \u00e0 l\u2019origine de l\u2019assassinat de Jean JAURES en 1914, ou m\u00eame du suicide de Roger SALENGRO en 1936.<\/p>\n<p>Il y a aujourd\u2019hui en France une atmosph\u00e8re d\u00e9l\u00e9t\u00e8re sur fond de crise politique et sociale.<\/p>\n<p>Notre soci\u00e9t\u00e9 est fractur\u00e9e, divis\u00e9e. Une partie de la population, une partie de la jeunesse, est strictement exclue du lien social et cherche par d\u2019autres voies un autre sens \u00e0 son existence. Le d\u00e9veloppement du <em>communautarisme<\/em> n\u2019est qu\u2019une cons\u00e9quence de cet effondrement du lien social, d\u2019une disparition des rep\u00e8res qu\u2019offraient les valeurs de la R\u00e9publique. Il est en passe de signer l\u2019\u00e9chec de l\u2019int\u00e9gration r\u00e9publicaine.<\/p>\n<p>La marchandisation des activit\u00e9s \u00e9conomiques et sociales a entra\u00een\u00e9 la perte de sens du service public et de la solidarit\u00e9 et a d\u00e9truit les valeurs humanistes qui fondaient\/fondent la R\u00e9publique. L\u2019argent et la recherche fr\u00e9n\u00e9tique du profit ne font pas bon m\u00e9nage avec la morale et la solidarit\u00e9.<\/p>\n<p>L\u2019Ecole de la R\u00e9publique, principal facteur d\u2019int\u00e9gration, est aujourd\u2019hui en perdition\u2026 m\u00e9pris\u00e9e par le pouvoir en place elle est soumise \u00e0 des crit\u00e8res de rentabilit\u00e9 et de r\u00e9duction de moyens qui ne lui permettent plus de jouer son r\u00f4le. Les familles, \u00e9clat\u00e9es, \u00e9cartel\u00e9es, par les difficult\u00e9s de la vie, le ch\u00f4mage ; les enseignants m\u00e9pris\u00e9s, trait\u00e9s de fain\u00e9ants et de privil\u00e9gi\u00e9s par le pouvoir, ne peuvent plus remplir leur r\u00f4le.<\/p>\n<p style=\"text-align: justify;\">La barri\u00e8res morales, \u00e9thiques sautent les unes apr\u00e8s les autres\u2026 l\u2019abject devient possible.<\/p>\n<p style=\"text-align: justify;\">Le d\u00e9bat politique qui devrait, en principe, permettre de d\u00e9passer cette situation, au contraire envenime, divise, fragilise, utilise les peurs, les fantasmes, les angoisses pour s\u2019attirer les bonnes gr\u00e2ces et les voix des \u00e9lecteurs d\u00e9boussol\u00e9s. La classe politique transforme le d\u00e9bat politique en une \u00ab <em>foire d\u2019empoigne<\/em> \u00bb o\u00f9 tous les coups sont permis, toutes les outrances tol\u00e9r\u00e9es\u2026<\/p>\n<p style=\"text-align: justify;\">\u00a0\u00a0<strong>La barbarie \u2013 comme le 20<sup>e<\/sup> si\u00e8cle nous l\u2019a montre \u2013 n\u2019est pas un \u00e9v\u00e8nement ext\u00e9rieur \u00e0 la soci\u00e9t\u00e9, pas plus qu\u2019une cr\u00e9ation extraterrestre et extra humaine mais peut se produit dans n\u2019importe quelle soci\u00e9t\u00e9 constitu\u00e9e par des individus comme tout un chacun. C\u2019est une chose que l\u2019on a aujourd\u2019hui oubli\u00e9e.<\/strong><\/p>\n<p style=\"text-align: justify;\">\u00a0\u00a0<strong>\u00ab <em>La France par sa g\u00e9n\u00e9rosit\u00e9 s\u2019est enjuiv\u00e9e<\/em> \u00bb Radio Paris 1942<\/strong><\/p>\n<p style=\"text-align: justify;\"><strong>\u00ab <em>La France par sa g\u00e9n\u00e9rosit\u00e9 est en train de s\u2019islamiser<\/em> \u00bb Front National 2012<\/strong><\/p>\n<p style=\"text-align: justify;\">Ca ne vous donne pas \u00e0 r\u00e9fl\u00e9chir ?<\/p>\n<p>Mars 2012 Patrick MIGNARD<\/p>\n<gcse:search><\/gcse:search>","protected":false},"excerpt":{"rendered":"<p>Professeur d\u2019\u00e9conomie, dessinateur, po\u00e8te, philosophe, pamphl\u00e9taire \u00e0 la plume acerbe, Patrick MIGNARD nous livre ici, une analyse ac\u00e9r\u00e9e de l\u2019actualit\u00e9. DES PAROLES\u2026 ET DES ACTES \u00a0Une fois les faits condamn\u00e9s, ce qui est un imp\u00e9ratif moral et civique cat\u00e9gorique,\u2026 il s\u2019agit de comprendre comment notre soci\u00e9t\u00e9 peut produire de tels \u00e9v\u00e8nements. C\u2019est tout le sens [&hellip;]<\/p>\n","protected":false},"author":1,"featured_media":0,"comment_status":"open","ping_status":"closed","sticky":false,"template":"","format":"standard","meta":{"footnotes":""},"categories":[244],"tags":[257],"class_list":["post-4968","post","type-post","status-publish","format-standard","hentry","category-point-de-vue","tag-reflexions"],"_links":{"self":[{"href":"https:\/\/alternatifs81.fr\/index.php?rest_route=\/wp\/v2\/posts\/4968","targetHints":{"allow":["GET"]}}],"collection":[{"href":"https:\/\/alternatifs81.fr\/index.php?rest_route=\/wp\/v2\/posts"}],"about":[{"href":"https:\/\/alternatifs81.fr\/index.php?rest_route=\/wp\/v2\/types\/post"}],"author":[{"embeddable":true,"href":"https:\/\/alternatifs81.fr\/index.php?rest_route=\/wp\/v2\/users\/1"}],"replies":[{"embeddable":true,"href":"https:\/\/alternatifs81.fr\/index.php?rest_route=%2Fwp%2Fv2%2Fcomments&post=4968"}],"version-history":[{"count":0,"href":"https:\/\/alternatifs81.fr\/index.php?rest_route=\/wp\/v2\/posts\/4968\/revisions"}],"wp:attachment":[{"href":"https:\/\/alternatifs81.fr\/index.php?rest_route=%2Fwp%2Fv2%2Fmedia&parent=4968"}],"wp:term":[{"taxonomy":"category","embeddable":true,"href":"https:\/\/alternatifs81.fr\/index.php?rest_route=%2Fwp%2Fv2%2Fcategories&post=4968"},{"taxonomy":"post_tag","embeddable":true,"href":"https:\/\/alternatifs81.fr\/index.php?rest_route=%2Fwp%2Fv2%2Ftags&post=4968"}],"curies":[{"name":"wp","href":"https:\/\/api.w.org\/{rel}","templated":true}]}}