{"id":4936,"date":"2012-03-20T23:02:36","date_gmt":"2012-03-20T22:02:36","guid":{"rendered":"http:\/\/alternatifs81.fr\/?p=4936"},"modified":"2012-03-22T13:05:54","modified_gmt":"2012-03-22T12:05:54","slug":"halte-au-racisme-communique-des-alternatifs-de-la-region-midi-pyrenees","status":"publish","type":"post","link":"https:\/\/alternatifs81.fr\/?p=4936","title":{"rendered":"Halte au racisme (communiqu\u00e9 des Alternatifs de la R\u00e9gion Midi Pyr\u00e9n\u00e9es)"},"content":{"rendered":"<h2 style=\"text-align: center;\" lang=\"fr-FR\"><span style=\"color: #0000ff;\">Halte au racisme<\/span><\/h2>\n<h3 style=\"text-align: justify;\" lang=\"fr-FR\"><em><span style=\"color: #0000ff;\"><a href=\"http:\/\/alternatifs81.fr\/wp-content\/uploads\/ID-net2.jpg\" rel=\"lightbox[4936]\"><img loading=\"lazy\" decoding=\"async\" class=\"alignleft size-medium wp-image-4943\" style=\"margin: 11px;\" title=\"ID-net\" src=\"http:\/\/alternatifs81.fr\/wp-content\/uploads\/ID-net2-170x300.jpg\" alt=\"\" width=\"170\" height=\"300\" srcset=\"https:\/\/alternatifs81.fr\/wp-content\/uploads\/ID-net2-170x300.jpg 170w, https:\/\/alternatifs81.fr\/wp-content\/uploads\/ID-net2.jpg 322w\" sizes=\"auto, (max-width: 170px) 100vw, 170px\" \/><\/a>Les Alternatifs de la r\u00e9gion MIDI-PYR\u00c9N\u00c9ES s&rsquo;associent pleinement \u00e0 la d\u00e9claration faite par l&rsquo;Union Juive Fran\u00e7aise pour la Paix* \u00e0 l&rsquo;occasion des meurtres effroyables commis \u00e0 Montauban et \u00e0 Toulouse.<\/span><\/em><\/h3>\n<h3 style=\"text-align: justify;\" lang=\"fr-FR\">Ils notent que parmi les militaires froidement assassin\u00e9s, certains \u00e9taient d&rsquo;origine afro-carib\u00e9enne ou arabe. \u00c0 Toulouse, une \u00e9cole confessionnelle juive a \u00e9t\u00e9 la cible d&rsquo;une tuerie abominable qui s&rsquo;est traduite par l&rsquo;assassinat d&rsquo;un rabbin et de plusieurs enfants. Ces actes sont d&rsquo;une violence inou\u00efe parce qu&rsquo;ils ont \u00e9t\u00e9 froidement ex\u00e9cut\u00e9s sur des victimes innocentes et sans d\u00e9fense. Ils nous r\u00e9voltent parce qu&rsquo;ils s&rsquo;en prennent \u00e0 des institutions fortes, en particulier l&rsquo;\u00e9cole, lieu d&rsquo;apprentissage et de connaissance du monde, lieu d&rsquo;ouverture sur les autres. Justement, c&rsquo;est cette ouverture qui a permis au tueur de p\u00e9n\u00e9trer dans les lieux de son crime. Ils nous r\u00e9vulsent parce qu&rsquo;ils ont \u00e9t\u00e9 planifi\u00e9s en pleine p\u00e9riode \u00e9lectorale, moment o\u00f9 l&rsquo;activit\u00e9 d\u00e9mocratique est sens\u00e9e \u00eatre la plus intense dans notre pays. Justement, <span style=\"color: #008000;\">cette violence marque aussi pour nous une violence contre la d\u00e9mocratie et contre le peuple.<\/span><\/h3>\n<h3 style=\"text-align: justify;\" lang=\"fr-FR\">Avec l&rsquo;UJFP, les Alternatifs de la r\u00e9gion MIDI-PYR\u00c9N\u00c9ES expriment leur<!--more-->\u00a0total soutien aux familles touch\u00e9es par ces meurtres, et s&rsquo;associent \u00e0 leur douleur. Ils n&rsquo;oublient pas qu&rsquo;\u00e0 une certaine \u00e9poque le racisme d\u2019\u00c9tat assassinait en masse les gens en fonction de leurs origines. Avec l&rsquo;UJFP, ils d\u00e9noncent ces crimes odieux. Comme l&rsquo;UJFP, les Alternatifs de MIDI-PYR\u00c9N\u00c9ES font le constat que ces meurtres se d\u00e9roulent dans notre pays o\u00f9 r\u00e8gne actuellement un climat domin\u00e9 par un discours d\u2019\u00c9tat raciste et x\u00e9nophobe d&rsquo;une extr\u00eame violence. Tous les racismes, qu\u2019ils frappent les Roms, les Noirs, les Arabes, les Juifs ou d\u2019autres ne sont pas des opinions, contrairement \u00e0 ce que veulent faire croire leurs instigateurs. L&rsquo;histoire apporte la preuve, et les crimes r\u00e9cents que nous d\u00e9non\u00e7ons ici en constituent un \u00e9l\u00e9ment de plus, que ces appels \u00e0 la haine, pr\u00e9parent et incitent au passage \u00e0 l&rsquo;acte criminel. \u00c7a n&rsquo;est pas pour rien qu&rsquo;ils sont r\u00e9prim\u00e9s par la loi et sont passibles de peines.<\/h3>\n<h3 style=\"text-align: justify;\" lang=\"fr-FR\">Toute conception essentialiste des \u00eatres humains, fond\u00e9e sur une justification historique et g\u00e9ographique des origines, de la couleur de la peau, des croyances, des non-croyances, des pratiques culturelles ou cultuelles, conduit \u00e0 la tyrannie. Pour cette raison, toute banalisation des discours racistes et d\u2019exclusion, qu\u2019ils soient antis\u00e9mites ou islamophobes, quelle que soit la ou les cat\u00e9gories sociales sur lesquels leur haine se d\u00e9verse, est inadmissible. Ces th\u00e8ses, ces discours, ces actes dont sont victimes indiff\u00e9remment les \u00e9trangers, les minorit\u00e9s de sexe ou de culture, les jeunes, les femmes, les enfants, les personnes en situation de pauvret\u00e9 ou non, atteintes de maladie, d&rsquo;handicap ou non, sont \u00e0 combattre sans h\u00e9sitation, o\u00f9 qu&rsquo;ils se produisent. Non seulement ils d\u00e9g\u00e9n\u00e8rent en violences aveugles et en tueries dont des victimes innocentes sont les cibles, mais ils constituent aussi un d\u00e9ni de d\u00e9mocratie. Ces situations nous sont absolument insupportables.<\/h3>\n<h3 style=\"text-align: justify;\" lang=\"fr-FR\"><span style=\"color: #ff0000;\">Les Alternatifs de la r\u00e9gion MIDI-PYR\u00c9N\u00c9ES esp\u00e8rent que la lumi\u00e8re sera faite sur ces crimes odieux. <\/span><\/h3>\n<h3 style=\"text-align: justify;\" lang=\"fr-FR\"><span style=\"color: #ff0000;\">Par dessus tout, ils formulent l&rsquo;espoir qu&rsquo;enfin, ceux ci puissent aussi \u00eatre l&rsquo;occasion de mettre un terme au racisme d&rsquo;\u00c9tat, tel qu&rsquo;il a pris forme ces derni\u00e8res ann\u00e9es et tel qu&rsquo;il s&rsquo;exprime dans certains discours port\u00e9s par des membres du gouvernement ou d&rsquo;\u00e9lus de la R\u00e9publique<\/span>.<\/h3>\n<p lang=\"fr-FR\"><span style=\"color: #000000;\"><span style=\"font-family: Arial, sans-serif;\"><span style=\"font-size: x-small;\"><em><span style=\"color: #0000ff;\">Les Alternatifs de la r\u00e9gion Midi-Pyr\u00e9n\u00e9es<\/span><\/em><\/span><\/span><\/span><\/p>\n<p lang=\"fr-FR\"><span style=\"color: #000000;\"><span style=\"font-family: Arial, sans-serif;\"><span style=\"font-size: x-small;\"><em>* Ci-dessous, le communiqu\u00e9 de l&rsquo;UJPF, que\u00a0Les Alternatifs de la r\u00e9gion Midi-Pyr\u00e9n\u00e9es soutiennent : <\/em><\/span><\/span><\/span><\/p>\n<p style=\"text-align: justify;\" lang=\"fr-FR\"><span style=\"color: #000000;\"><span style=\"font-family: Arial, sans-serif;\"><span style=\"font-size: x-small;\">\u00a0<strong>Halte aux crimes racistes<\/strong><\/span><\/span><\/span><\/p>\n<p>\u00c0 Toulouse et Montauban, des militaires ont \u00e9t\u00e9 froidement assassin\u00e9s. Certains \u00e9taient d&rsquo;origine afro carib\u00e9enne ou arabe. \u00c0 Toulouse, une \u00e9cole confessionnelle juive a \u00e9t\u00e9 attaqu\u00e9e \u00e0 l\u2019arme lourde. Un rabbin et plusieurs enfants ont \u00e9t\u00e9 \u00e9galement froidement assassin\u00e9s.<br \/>\nL&rsquo;Ujfp exprime son total soutien aux familles touch\u00e9es par ces meurtres.<br \/>\n\u00c0 l\u2019heure o\u00f9 ces lignes sont \u00e9crites, il est possible que ces crimes abjects soient li\u00e9s mais il n\u2019y a pas de preuve.<br \/>\nL\u2019Ujfp qui compte en nombre, parmi ses membres, des victimes ou des descendants de victimes d\u2019une \u00e9poque o\u00f9 le racisme d\u2019Etat assassinait en masse les gens en fonction de leurs origines, d\u00e9nonce ces crimes.<br \/>\nCes meurtres se d\u00e9roulent dans notre pays o\u00f9 r\u00e8gne actuellement un climat domin\u00e9 par un discours d&rsquo;Etat raciste et x\u00e9nophobe d&rsquo;une extr\u00eame violence.<br \/>\nTous les racismes, qu\u2019ils frappent les Roms, les Noirs, les Arabes, les Juifs ou d\u2019autres ne sont pas des opinions mais sont des incitations aux passages \u00e0 l&rsquo;acte criminel.<br \/>\nToute essentialisation des \u00eatres humains en fonction de leurs origines, de la couleur de leur peau, de leurs croyances ou de leurs non-croyances conduit \u00e0 la barbarie.<br \/>\nToute banalisation des discours racistes ou d\u2019exclusion, qu\u2019ils soient antis\u00e9mites ou islamophobes, qu\u2019ils d\u00e9signent les pauvres, les jeunes, les femmes, les enfants \u2026 est inadmissible et doit \u00eatre combattue avec force.<br \/>\nL\u2019Ujfp esp\u00e8re que la lumi\u00e8re sera faite sur ces crimes et que tous les discours racistes seront combattus sans exclusive.<\/p>\n<gcse:search><\/gcse:search>","protected":false},"excerpt":{"rendered":"<p>Halte au racisme Les Alternatifs de la r\u00e9gion MIDI-PYR\u00c9N\u00c9ES s&rsquo;associent pleinement \u00e0 la d\u00e9claration faite par l&rsquo;Union Juive Fran\u00e7aise pour la Paix* \u00e0 l&rsquo;occasion des meurtres effroyables commis \u00e0 Montauban et \u00e0 Toulouse. Ils notent que parmi les militaires froidement assassin\u00e9s, certains \u00e9taient d&rsquo;origine afro-carib\u00e9enne ou arabe. \u00c0 Toulouse, une \u00e9cole confessionnelle juive a \u00e9t\u00e9 [&hellip;]<\/p>\n","protected":false},"author":1,"featured_media":0,"comment_status":"open","ping_status":"closed","sticky":false,"template":"","format":"standard","meta":{"footnotes":""},"categories":[3,9,173],"tags":[34,26],"class_list":["post-4936","post","type-post","status-publish","format-standard","hentry","category-actu","category-communiques","category-no-pasaran","tag-alternatifs","tag-communique-de-presse"],"_links":{"self":[{"href":"https:\/\/alternatifs81.fr\/index.php?rest_route=\/wp\/v2\/posts\/4936","targetHints":{"allow":["GET"]}}],"collection":[{"href":"https:\/\/alternatifs81.fr\/index.php?rest_route=\/wp\/v2\/posts"}],"about":[{"href":"https:\/\/alternatifs81.fr\/index.php?rest_route=\/wp\/v2\/types\/post"}],"author":[{"embeddable":true,"href":"https:\/\/alternatifs81.fr\/index.php?rest_route=\/wp\/v2\/users\/1"}],"replies":[{"embeddable":true,"href":"https:\/\/alternatifs81.fr\/index.php?rest_route=%2Fwp%2Fv2%2Fcomments&post=4936"}],"version-history":[{"count":0,"href":"https:\/\/alternatifs81.fr\/index.php?rest_route=\/wp\/v2\/posts\/4936\/revisions"}],"wp:attachment":[{"href":"https:\/\/alternatifs81.fr\/index.php?rest_route=%2Fwp%2Fv2%2Fmedia&parent=4936"}],"wp:term":[{"taxonomy":"category","embeddable":true,"href":"https:\/\/alternatifs81.fr\/index.php?rest_route=%2Fwp%2Fv2%2Fcategories&post=4936"},{"taxonomy":"post_tag","embeddable":true,"href":"https:\/\/alternatifs81.fr\/index.php?rest_route=%2Fwp%2Fv2%2Ftags&post=4936"}],"curies":[{"name":"wp","href":"https:\/\/api.w.org\/{rel}","templated":true}]}}