{"id":4869,"date":"2012-03-16T10:58:54","date_gmt":"2012-03-16T09:58:54","guid":{"rendered":"http:\/\/alternatifs81.fr\/?p=4869"},"modified":"2012-03-19T15:41:21","modified_gmt":"2012-03-19T14:41:21","slug":"lettre-des-alternatifs-a-la-gauche-anticapitaliste","status":"publish","type":"post","link":"https:\/\/alternatifs81.fr\/?p=4869","title":{"rendered":"Lettre des Alternatifs \u00e0 la Gauche Anticapitaliste"},"content":{"rendered":"<h3 style=\"text-align: left;\"><a href=\"http:\/\/alternatifs81.fr\/wp-content\/uploads\/MAI-74.jpg\" rel=\"lightbox[4869]\"><img loading=\"lazy\" decoding=\"async\" class=\"alignleft size-full wp-image-4873\" style=\"margin: 10px;\" title=\"MAI-74\" src=\"http:\/\/alternatifs81.fr\/wp-content\/uploads\/MAI-74.jpg\" alt=\"\" width=\"185\" height=\"122\" \/><\/a><a href=\"http:\/\/alternatifs81.fr\/wp-content\/uploads\/arton852-db1064.png\" rel=\"lightbox[4869]\"><\/a>CherEs camarades,<\/h3>\n<h3 style=\"text-align: justify;\">Nous avons engag\u00e9 un processus d&rsquo;\u00e9changes, au niveau national comme dans plusieurs r\u00e9gions, sur les perspectives sociales et politiques, y compris celles concernant nos deux courants.<br \/>\nVu la proximit\u00e9 de nos analyses respectives, nous ne revenons pas longuement sur les caract\u00e9ristiques essentielles de la p\u00e9riode : croisement des crises sociale, \u00e9cologique, d\u00e9mocratique, offensive coordonn\u00e9e du capital au niveau europ\u00e9en contre les droits sociaux et la souverainet\u00e9 populaire, n\u00e9gation des enjeux \u00e9cologiques par les dominants, politiques autoritaires et de plus en plus x\u00e9nophobes des droites europ\u00e9ennes, mont\u00e9e de courants d&rsquo;extr\u00eame droite.<br \/>\nPour r\u00e9pondre \u00e0 cette situation, il y a urgence \u00e0 avancer sur les terrains des mobilisations, comme dans la construction d&rsquo;un bloc de la gauche de transformation sociale et \u00e9cologique, et d&rsquo;une nouvelle force rouge et verte, \u00e9cosocialiste diriez vous, radicale et unitaire.Les \u00e9changes entre nos deux courants recoupent les espoirs de secteurs plus larges, comme en t\u00e9moignent plusieurs initiatives positives qui s&rsquo;esquissent.<br \/>\nNos deux courants n&rsquo;en ont pas moins des responsabilit\u00e9s particuli\u00e8res car ils repr\u00e9sentent des forces organis\u00e9es non n\u00e9gligeables et portent des projets ayant vocation \u00e0 converger, celui de la gauche alternative, autogestionnaire, f\u00e9ministe et \u00e9cologiste pour nous, celui d&rsquo;une gauche<!--more--> anticapitaliste et \u00e9cosocialiste pour vous.Nous vous faisons part, en toute clart\u00e9, de nos propositions<\/p>\n<p>1\/ A la suite de la s\u00e9quence Pr\u00e9sidentielle, il est vraisemblable que Jean-Luc M\u00e9lenchon et le PG proposeront \u00e0 nos courants la constitution d&rsquo;une organisation commune, un nouveau parti de gauche. Nous savons la place qu&rsquo;a pris le PG dans le champ de la gauche de gauche, son orientation unitaire, sa capacit\u00e9 probable \u00e0 rester ind\u00e9pendant d&rsquo;un gouvernement PS.<\/p>\n<p>Nous n&rsquo;ignorons pas pour autant les divergences qui nous s\u00e9parent du PG. Notamment la vision de l&rsquo;organisation politique : Alternatifs et Gauche Anticapitaliste sont porteurs d&rsquo;exigences non n\u00e9gociables en termes de d\u00e9mocratie interne., d&rsquo;une vision commune de l&rsquo;articulation mouvements sociaux\/mouvements politique qui ne hi\u00e9rarchise pas, pas plus qu&rsquo;elle n&rsquo;acte le partage des t\u00e2ches entre le champ politique au parti et le champ social au syndicat, ce qui nous conduit \u00e0 porter le projet d&rsquo;un front commun politico-social, appuy\u00e9 sur une d\u00e9marche citoyenne<\/p>\n<p>Nous savons enfin les diff\u00e9rences, dans beaucoup de domaines, entre la tradition socialiste et r\u00e9publicaine d&rsquo;une part et d&rsquo;autre part celle des gauches alternatives et r\u00e9volutionnaires d&rsquo;\u00e9mancipation.<br \/>\nC&rsquo;est ce qui nous conduit \u00e0 pr\u00e9f\u00e9rer un partenariat durable avec le PG, m\u00eame \u00e9largi, plut\u00f4t qu&rsquo;un parti commun.<\/p>\n<p>2\/ Malgr\u00e9 ses limites (fonctionnement en cartel et r\u00e9ticences \u00e0 reconnaitre une r\u00e9elle place aux assembl\u00e9es citoyennes) l\u2019actuel rassemblement \u00e9lectoral autour du Front de gauche a cr\u00e9\u00e9 une dynamique marquante dont b\u00e9n\u00e9ficie et qu&rsquo;amplifie la campagne M\u00e9lenchon. Nous portons les unEs et les autres un regard assez proche sur celle ci.<br \/>\nAucun courant, aucune force nouvelle ne peut et ne pourra s&rsquo;exon\u00e9rer d&rsquo;une construction unitaire, vous la qualifiez de bloc anticrise, nous de rassemblement de la gauche de transformation sociale et \u00e9cologique.<br \/>\nVous comme nous avons fait le choix de ne pas int\u00e9grer le Front de gauche. Celui ci va \u00eatre confront\u00e9 dans les mois qui viennent \u00e0 la question de l&rsquo;ind\u00e9pendance \u00e0 l&rsquo;\u00e9gard du social lib\u00e9ralisme, notamment autour de la question gouvernementale. Une autre question tout aussi essentielle n&rsquo;est pas tranch\u00e9e : celle de la dynamique future du Front de Gauche; de nouvelles formes d&rsquo;enracinement d\u00e9passant les simples int\u00e9r\u00eats \u00e9lectoraux communs.<\/p>\n<p>Nous n&rsquo;avons pas plus les unEs que les autres aujourd&rsquo;hui les r\u00e9ponses \u00e0 ces questions.<br \/>\nLes Alternatifs consid\u00e8rent cependant que l&rsquo;entr\u00e9e progressive de micro ou petites forces dans le Front de Gauche ne changerait pas plus la donne demain qu&rsquo;elle ne l&rsquo;a r\u00e9ellement fait hier, mais qu&rsquo;en revanche la constitution, d&rsquo;une force rouge et verte de plusieurs milliers de militantEs, c&rsquo;est notre objectif, permettrait de poser la question de l&rsquo;unit\u00e9 et celle des rapports avec le Front de Gauche dans des termes nouveaux, sans que nous soyons \u00e0 ce stade en mesure de pr\u00e9sumer d&rsquo;une r\u00e9ponse.<\/p>\n<p>3\/ Nous devons d\u00e9sormais avancer clairement vers une force rouge et verte. Nous ne pouvons pr\u00e9juger de sa forme, tout en rappelant notre option d&rsquo;un parti-mouvement et pas d&rsquo;un parti classique, \u00e9lectoraliste et pyramidal, d&rsquo;autant qu&rsquo;un objectif majeur est de retrouver dans le processus d&rsquo;autres courants politiques, de gauche alternative ou \u00e9cologistes, et militantEs des combats d&rsquo;\u00e9mancipation, \u00e9cologiques, f\u00e9ministes, sociaux, altermondialistes.<\/p>\n<p>Nous vous proposons de donner ensemble des signes clairs dans ce sens, de les donner si possible avec d&rsquo;autres.<\/p>\n<p>Des \u00e9tapes sont possibles, ce qui recoupe notre proposition de coop\u00e9rative, de m\u00eame un temps de d\u00e9bat large, coorganis\u00e9, portant sur tous les enjeux de la p\u00e9riode, d\u00e8s cet \u00e9t\u00e9, sera n\u00e9cessaire.<br \/>\nMais des exp\u00e9riences r\u00e9centes ont prouv\u00e9 que, pour donner sens aux \u00e9tapes, le but doit \u00eatre clair, un mouvement politique d\u00e9mocratique, militant, radical et unitaire qui porte une orientation \u00e9cosocialiste, rouge et verte, f\u00e9ministe, antiraciste et altermondialiste<br \/>\nLe temps est venu de le construire.<\/p>\n<p><em><span style=\"color: #0000ff;\">L&rsquo;ex\u00e9cutif des Alternatifs<br \/>\n<\/span><\/em><\/p>\n<div dir=\"ltr\"><!-- #message .ExternalClass .ecxhmmessage P { \tPADDING-BOTTOM: 0px; PADDING-LEFT: 0px; PADDING-RIGHT: 0px; PADDING-TOP: 0px } #message .ExternalClass BODY.ecxhmmessage { \tFONT-FAMILY: Tahoma; FONT-SIZE: 10pt } --><\/div>\n<\/h3>\n<gcse:search><\/gcse:search>","protected":false},"excerpt":{"rendered":"<p>CherEs camarades, Nous avons engag\u00e9 un processus d&rsquo;\u00e9changes, au niveau national comme dans plusieurs r\u00e9gions, sur les perspectives sociales et politiques, y compris celles concernant nos deux courants. Vu la proximit\u00e9 de nos analyses respectives, nous ne revenons pas longuement sur les caract\u00e9ristiques essentielles de la p\u00e9riode : croisement des crises sociale, \u00e9cologique, d\u00e9mocratique, offensive [&hellip;]<\/p>\n","protected":false},"author":1,"featured_media":0,"comment_status":"open","ping_status":"closed","sticky":false,"template":"","format":"standard","meta":{"footnotes":""},"categories":[126,6],"tags":[],"class_list":["post-4869","post","type-post","status-publish","format-standard","hentry","category-gauche-de-combat","category-notre-projet"],"_links":{"self":[{"href":"https:\/\/alternatifs81.fr\/index.php?rest_route=\/wp\/v2\/posts\/4869","targetHints":{"allow":["GET"]}}],"collection":[{"href":"https:\/\/alternatifs81.fr\/index.php?rest_route=\/wp\/v2\/posts"}],"about":[{"href":"https:\/\/alternatifs81.fr\/index.php?rest_route=\/wp\/v2\/types\/post"}],"author":[{"embeddable":true,"href":"https:\/\/alternatifs81.fr\/index.php?rest_route=\/wp\/v2\/users\/1"}],"replies":[{"embeddable":true,"href":"https:\/\/alternatifs81.fr\/index.php?rest_route=%2Fwp%2Fv2%2Fcomments&post=4869"}],"version-history":[{"count":0,"href":"https:\/\/alternatifs81.fr\/index.php?rest_route=\/wp\/v2\/posts\/4869\/revisions"}],"wp:attachment":[{"href":"https:\/\/alternatifs81.fr\/index.php?rest_route=%2Fwp%2Fv2%2Fmedia&parent=4869"}],"wp:term":[{"taxonomy":"category","embeddable":true,"href":"https:\/\/alternatifs81.fr\/index.php?rest_route=%2Fwp%2Fv2%2Fcategories&post=4869"},{"taxonomy":"post_tag","embeddable":true,"href":"https:\/\/alternatifs81.fr\/index.php?rest_route=%2Fwp%2Fv2%2Ftags&post=4869"}],"curies":[{"name":"wp","href":"https:\/\/api.w.org\/{rel}","templated":true}]}}