{"id":4681,"date":"2012-02-23T08:17:08","date_gmt":"2012-02-23T07:17:08","guid":{"rendered":"http:\/\/alternatifs81.fr\/?p=4681"},"modified":"2012-02-23T13:52:34","modified_gmt":"2012-02-23T12:52:34","slug":"un-collectif-sur-les-gaz-et-petrole-de-schiste-dans-le-tarn","status":"publish","type":"post","link":"https:\/\/alternatifs81.fr\/?p=4681","title":{"rendered":"Un collectif sur les gaz (et p\u00e9trole) de schiste dans le Tarn ?"},"content":{"rendered":"<h3 style=\"text-align: justify;\"><span style=\"color: #0000ff;\"><a href=\"http:\/\/alternatifs81.fr\/wp-content\/uploads\/gazdeschiste-net2.jpg\" rel=\"lightbox[4681]\"><img loading=\"lazy\" decoding=\"async\" class=\"alignleft size-medium wp-image-4682\" title=\"gazdeschiste-net\" src=\"http:\/\/alternatifs81.fr\/wp-content\/uploads\/gazdeschiste-net2-170x300.jpg\" alt=\"\" width=\"170\" height=\"300\" srcset=\"https:\/\/alternatifs81.fr\/wp-content\/uploads\/gazdeschiste-net2-170x300.jpg 170w, https:\/\/alternatifs81.fr\/wp-content\/uploads\/gazdeschiste-net2.jpg 182w\" sizes=\"auto, (max-width: 170px) 100vw, 170px\" \/><\/a>Derni\u00e8rement l\u2019association ATTAC Tarn organisait une r\u00e9union publique sur le th\u00e8me des gaz de schiste avec la projection du document \u00ab\u00a0Gasland\u00a0\u00bb de Josh FOX.<\/span><\/h3>\n<h3 style=\"text-align: justify;\">Cette projection fut suivie d\u2019une discussion autour de la n\u00e9cessit\u00e9 (ou pas) de s\u2019organiser collectivement pour lutter contre les forages probables que certains permis d\u2019exploration pourraient entra\u00eener bient\u00f4t.<\/h3>\n<h3 style=\"text-align: justify;\">Les fid\u00e8les lectrices et lecteurs de ce blog et de \u00ab\u00a0Confluences 81\u00a0\u00bb savent ce que sont les gaz de schiste. Mais pour les non initi\u00e9-e-s, je me permets un rappel\u00a0: les couches g\u00e9ologiques des sous-sols\u00a0 sont constitu\u00e9es de s\u00e9diments. Parmi ces roches, on trouve le schiste, le calcaire\u2026<\/h3>\n<h3 style=\"text-align: justify;\">Ces couches superpos\u00e9es laissent parfois des vides occup\u00e9s par des gaz ou<!--more-->\u00a0de la mati\u00e8re liquide d\u2019origine min\u00e9rale li\u00e9s \u00e0 la d\u00e9gradation de mati\u00e8res. Si la roche m\u00e8re est du schiste on aura du gaz de schiste\u00a0!<\/h3>\n<h3 style=\"text-align: justify;\">Ce gaz est inflammable, donc potentiellement utile pour la production \u00e9nerg\u00e9tique des soci\u00e9t\u00e9s humaines. Mais comment r\u00e9cup\u00e9rer ces gaz (et p\u00e9trole) enfouis \u00e0 des centaines de m\u00e8tres ou quelques kilom\u00e8tres de profondeurs\u00a0?<\/h3>\n<h3 style=\"text-align: justify;\">Il suffit pour cela de forer, et de fracturer les roches afin de laisser passer le gaz dans une canalisation que l\u2019on aura au pr\u00e9alable gliss\u00e9 dans le forage.<\/h3>\n<h3 style=\"text-align: justify;\">Pour fracturer ces roches, on injecte avec pression de tr\u00e8s grandes quantit\u00e9s d\u2019eau m\u00e9lang\u00e9e \u00e0 une s\u00e9rie de produits chimiques (dont certains sont tr\u00e8s toxiques) qui vont aider \u00e0 fracturer la roche. Un des probl\u00e8mes de cette exploitation est la pollution des nappes phr\u00e9atiques, des cours d\u2019eau souterrains (en plus des probables mouvements de terrain que les fracturations et les puits peuvent causer et l\u2019impact sur le paysage)\u2026\u00a0<\/h3>\n<h3 style=\"text-align: justify;\">Aux USA o\u00f9 cette exploitation a d\u00e9but\u00e9 au XIX\u00b0 si\u00e8cle (1821), il n\u2019est pas rare de retrouver des puits d\u2019eau ou des nappes phr\u00e9atiques pollu\u00e9es par ces gaz et l\u2019eau (m\u00eame celle du robinet), charg\u00e9e des divers produits ayant servis \u00e0 la fracturation hydraulique m\u00e9lang\u00e9e de r\u00e9sidus de gaz, parvient m\u00eame parfois \u00e0 s\u2019enflammer.\u00a0<\/h3>\n<h3 style=\"text-align: justify;\">Une partie du nord du d\u00e9partement du Tarn serait \u00a0concern\u00e9e par des permis d\u2019exploration (celui dit \u00ab\u00a0de Cahors\u00a0\u00bb).<\/h3>\n<h3 style=\"text-align: justify;\">D\u2019o\u00f9 l\u2019id\u00e9e de commencer \u00e0 se r\u00e9unir en collectif afin de mutualiser les comp\u00e9tences, les informations, les contacts et \u00eatre plus efficace pour refuser ces explorations qui ne manqueront pas de se transformer en exploitation le moment venu\u00a0!<\/h3>\n<h3 style=\"text-align: justify;\">\u00a0Conscient que la production \u00e9nerg\u00e9tique permise avec des gaz de schiste (et autres gaz de roche m\u00e8re) r\u00e9pond \u00e0 une demande \u00e9nerg\u00e9tique croissante, il me semble imp\u00e9ratif d\u2019\u00e9largir notre horizon et de prendre conscience des cons\u00e9quences de nos modes de vie (et des pollutions commises par les multinationales) et de consommation.<\/h3>\n<h3 style=\"text-align: justify;\"><span style=\"color: #ff0000;\">Les gaz de schiste s\u2019inscrivent dans la lign\u00e9e des fausses solutions \u00e9nerg\u00e9tiques auxquelles nous ne voulons pas \u00eatre soumis.<\/span><\/h3>\n<h3 style=\"text-align: justify;\"><em><span style=\"color: #008000;\">Pour participer \u00e0 la cr\u00e9ation d\u2019un collectif d\u2019opposant-e-s aux gaz (et p\u00e9trole) de schiste, contacter ATTAC Tarn\u00a0: <a href=\"mailto:attac-tarn@attac.org\">attac-tarn@attac.org<\/a> <\/span><\/em><\/h3>\n<p>\u00a0<em><span style=\"color: #008000;\">Et, pour r\u00e9fl\u00e9chir \u00e0 la transition \u00e9nerg\u00e9tique, organisez-vous\u00a0! Ou bien prenez contact avec le collectif \u00ab\u00a0Sortir Du Nucl\u00e9aire Tarn, Promouvoir les \u00c9nergies Renouvelables et les \u00c9conomies d\u2019\u00c9nergie (SDN81PEREE)\u00a0\u00bb\u00a0: <\/span><a href=\"mailto:sortir-du-nucleaire.tarn81@laposte.net\">sortir-du-nucleaire.tarn81@laposte.net<\/a> <\/em><\/p>\n<h3><em>\u00a0<\/em><\/h3>\n<h2><span style=\"color: #808000;\">Pensons global, agissons local\u00a0!<\/span><\/h2>\n<p>\u00a0<\/p>\n<h3><span style=\"color: #0000ff;\">Patrice K<\/span><\/h3>\n<gcse:search><\/gcse:search>","protected":false},"excerpt":{"rendered":"<p>Derni\u00e8rement l\u2019association ATTAC Tarn organisait une r\u00e9union publique sur le th\u00e8me des gaz de schiste avec la projection du document \u00ab\u00a0Gasland\u00a0\u00bb de Josh FOX. Cette projection fut suivie d\u2019une discussion autour de la n\u00e9cessit\u00e9 (ou pas) de s\u2019organiser collectivement pour lutter contre les forages probables que certains permis d\u2019exploration pourraient entra\u00eener bient\u00f4t. Les fid\u00e8les lectrices [&hellip;]<\/p>\n","protected":false},"author":1,"featured_media":0,"comment_status":"open","ping_status":"closed","sticky":false,"template":"","format":"standard","meta":{"footnotes":""},"categories":[4,125,21,246],"tags":[34,169,67,23],"class_list":["post-4681","post","type-post","status-publish","format-standard","hentry","category-confluences81","category-ecologie","category-les-alters-dans-les-luttes","category-transition-energetique-2","tag-alternatifs","tag-ecologie-2","tag-gaz-de-schiste","tag-luttes"],"_links":{"self":[{"href":"https:\/\/alternatifs81.fr\/index.php?rest_route=\/wp\/v2\/posts\/4681","targetHints":{"allow":["GET"]}}],"collection":[{"href":"https:\/\/alternatifs81.fr\/index.php?rest_route=\/wp\/v2\/posts"}],"about":[{"href":"https:\/\/alternatifs81.fr\/index.php?rest_route=\/wp\/v2\/types\/post"}],"author":[{"embeddable":true,"href":"https:\/\/alternatifs81.fr\/index.php?rest_route=\/wp\/v2\/users\/1"}],"replies":[{"embeddable":true,"href":"https:\/\/alternatifs81.fr\/index.php?rest_route=%2Fwp%2Fv2%2Fcomments&post=4681"}],"version-history":[{"count":0,"href":"https:\/\/alternatifs81.fr\/index.php?rest_route=\/wp\/v2\/posts\/4681\/revisions"}],"wp:attachment":[{"href":"https:\/\/alternatifs81.fr\/index.php?rest_route=%2Fwp%2Fv2%2Fmedia&parent=4681"}],"wp:term":[{"taxonomy":"category","embeddable":true,"href":"https:\/\/alternatifs81.fr\/index.php?rest_route=%2Fwp%2Fv2%2Fcategories&post=4681"},{"taxonomy":"post_tag","embeddable":true,"href":"https:\/\/alternatifs81.fr\/index.php?rest_route=%2Fwp%2Fv2%2Ftags&post=4681"}],"curies":[{"name":"wp","href":"https:\/\/api.w.org\/{rel}","templated":true}]}}