{"id":4256,"date":"2012-01-15T13:05:13","date_gmt":"2012-01-15T11:05:13","guid":{"rendered":"http:\/\/alternatifs81.fr\/?p=4256"},"modified":"2012-01-15T13:06:06","modified_gmt":"2012-01-15T11:06:06","slug":"comment-le-feminisme-est-il-parfois-devoye-a-des-fins-racistes","status":"publish","type":"post","link":"https:\/\/alternatifs81.fr\/?p=4256","title":{"rendered":"Comment le f\u00e9minisme est-il parfois d\u00e9voy\u00e9 \u00e0 des fins racistes ?"},"content":{"rendered":"<p>\u00a0<\/p>\n<div>\n<h3 style=\"text-align: justify;\"><span style=\"color: #808000;\"><a href=\"http:\/\/alternatifs81.fr\/wp-content\/uploads\/FMINIS1.jpg\" rel=\"lightbox[4256]\"><img loading=\"lazy\" decoding=\"async\" class=\"alignleft size-full wp-image-4257\" style=\"margin: 10px;\" title=\"FMINIS~1\" src=\"http:\/\/alternatifs81.fr\/wp-content\/uploads\/FMINIS1.jpg\" alt=\"\" width=\"124\" height=\"150\" \/><\/a>\u00a0\u00a0 <span style=\"text-decoration: underline;\">La commission f\u00e9minisme des Alternatifs vous invite \u00e0 une rencontre nationale les samedi 4 et dimanche 5 f\u00e9vrier<\/span><\/span><\/h3>\n<p style=\"text-align: justify;\"><span style=\"text-decoration: underline;\">Le th\u00e8me<\/span> : <strong>\u00abComment le f\u00e9minisme est-il parfois d\u00e9voy\u00e9 \u00e0 des fins racistes ?\u00bb<\/strong><strong><br \/>\n<\/strong><br \/>\n<span style=\"text-decoration: underline;\">Probl\u00e9matique :<\/span><\/p>\n<div style=\"text-align: justify;\"><strong>Comment et par qui certaines valeurs comme le f\u00e9minisme (ou la la\u00efcit\u00e9) peuvent \u00eatre d\u00e9voy\u00e9es au profit de politiques racistes ou pour stigmatiser certains quartiers ?<\/strong><\/div>\n<p><strong>Local des Alternatifs 40 Rue de Malte, Paris 11\u00e8me, du samedi de 10 h 30 \u00e0 18 h 30 et le dimanche de 9 h 30 \u00e0 13 heures .<\/p>\n<p><\/strong><\/p>\n<p style=\"text-align: justify;\">\u00a0<\/p>\n<p style=\"text-align: justify;\">Ces journ\u00e9es de r\u00e9flexions sont <strong>ouvertes \u00e0 tous et toutes<\/strong>, le samedi \u00e9tant <!--more-->r\u00e9serv\u00e9 plus particuli\u00e8rement au d\u00e9bat et ouvert largement, le dimanche devrait plus concerner sur les militant-e-s alternatifs et consacr\u00e9 \u00e0 l&rsquo;\u00e9laboration de textes\/communiqu\u00e9s pr\u00e9cisant le positionnement des Alternatifs sur le sujet.<\/p>\n<p><strong>Sa\u00efd Bouamama sera pr\u00e9sent le samedi toute la journ\u00e9e.<br \/>\nDes repr\u00e9sentant-e-s de r\u00e9seaux f\u00e9ministes seront \u00e9galement pr\u00e9sent-e-s<\/strong><\/p>\n<h3 style=\"text-align: justify;\"><strong>\u00a0<\/strong><\/h3>\n<h3 style=\"text-align: justify;\"><strong><span style=\"text-decoration: underline;\"><span style=\"color: #0000ff;\">La journ\u00e9e du samedi d\u00e9butera \u00e0 10h30<\/span><\/span><\/strong><\/h3>\n<\/div>\n<p>Apr\u00e8s une pr\u00e9sentation des objectifs de ce week-end de r\u00e9flexions, chacun, chacune pourra faire part de son questionnement auquel intervenant-e-s et participant-e-s ajouteront leurs propres r\u00e9ponses, analyses et points de vue.<\/p>\n<p><strong>Le repas<\/strong> sous forme de casse-croute, pr\u00e9par\u00e9 par les camarades parisien-ne-s sera pris en commun dans les locaux. (participation financi\u00e8re demand\u00e9e)<\/p>\n<p><strong>L\u2019apr\u00e8s-midi<\/strong> sera consacr\u00e9e \u00e0 l\u2019approfondissement du th\u00e8me g\u00e9n\u00e9ral autour de grands axes<\/p>\n<ul style=\"text-align: justify;\">\n<li>Quelles r\u00e9alit\u00e9s concernant la situation des hommes et des femmes des quartiers populaires ?<\/li>\n<li>Quelles incidences de notre histoire coloniale ?<\/li>\n<li>Quelles pratiques culturelles ou religieuses peuvent poser probl\u00e8me au f\u00e9minisme ?<\/li>\n<\/ul>\n<p style=\"text-align: justify;\">avec en perspective:<\/p>\n<ul style=\"text-align: justify;\">\n<li>L\u2019articulation indispensable des luttes f\u00e9ministes et anti-racistes.<\/li>\n<\/ul>\n<h3 style=\"text-align: justify;\"><em><strong><span style=\"color: #808000;\">R\u00e9servez donc le week-end des 4 et 5 f\u00e9vrier \u00e0 Paris, pour prolonger la r\u00e9flexion entam\u00e9e lors des Universit\u00e9s d&rsquo;\u00e9t\u00e9 de Die (2008) sur le f\u00e9minisme et de Saint-Denis (2010) sur les quartiers populaires.<\/span><\/strong><\/em><\/h3>\n<gcse:search><\/gcse:search>","protected":false},"excerpt":{"rendered":"<p>\u00a0 \u00a0\u00a0 La commission f\u00e9minisme des Alternatifs vous invite \u00e0 une rencontre nationale les samedi 4 et dimanche 5 f\u00e9vrier Le th\u00e8me : \u00abComment le f\u00e9minisme est-il parfois d\u00e9voy\u00e9 \u00e0 des fins racistes ?\u00bb Probl\u00e9matique : Comment et par qui certaines valeurs comme le f\u00e9minisme (ou la la\u00efcit\u00e9) peuvent \u00eatre d\u00e9voy\u00e9es au profit de politiques [&hellip;]<\/p>\n","protected":false},"author":1,"featured_media":0,"comment_status":"open","ping_status":"closed","sticky":false,"template":"","format":"standard","meta":{"footnotes":""},"categories":[149,21,6],"tags":[34,400,23],"class_list":["post-4256","post","type-post","status-publish","format-standard","hentry","category-feminisme","category-les-alters-dans-les-luttes","category-notre-projet","tag-alternatifs","tag-feminisme","tag-luttes"],"_links":{"self":[{"href":"https:\/\/alternatifs81.fr\/index.php?rest_route=\/wp\/v2\/posts\/4256","targetHints":{"allow":["GET"]}}],"collection":[{"href":"https:\/\/alternatifs81.fr\/index.php?rest_route=\/wp\/v2\/posts"}],"about":[{"href":"https:\/\/alternatifs81.fr\/index.php?rest_route=\/wp\/v2\/types\/post"}],"author":[{"embeddable":true,"href":"https:\/\/alternatifs81.fr\/index.php?rest_route=\/wp\/v2\/users\/1"}],"replies":[{"embeddable":true,"href":"https:\/\/alternatifs81.fr\/index.php?rest_route=%2Fwp%2Fv2%2Fcomments&post=4256"}],"version-history":[{"count":0,"href":"https:\/\/alternatifs81.fr\/index.php?rest_route=\/wp\/v2\/posts\/4256\/revisions"}],"wp:attachment":[{"href":"https:\/\/alternatifs81.fr\/index.php?rest_route=%2Fwp%2Fv2%2Fmedia&parent=4256"}],"wp:term":[{"taxonomy":"category","embeddable":true,"href":"https:\/\/alternatifs81.fr\/index.php?rest_route=%2Fwp%2Fv2%2Fcategories&post=4256"},{"taxonomy":"post_tag","embeddable":true,"href":"https:\/\/alternatifs81.fr\/index.php?rest_route=%2Fwp%2Fv2%2Ftags&post=4256"}],"curies":[{"name":"wp","href":"https:\/\/api.w.org\/{rel}","templated":true}]}}