{"id":4200,"date":"2012-01-08T13:22:33","date_gmt":"2012-01-08T11:22:33","guid":{"rendered":"http:\/\/alternatifs81.fr\/?p=4200"},"modified":"2012-01-22T21:19:30","modified_gmt":"2012-01-22T20:19:30","slug":"se-donner-les-moyens-de-nos-ambitions-et-si-vous-participiez-a-la-politique-2","status":"publish","type":"post","link":"https:\/\/alternatifs81.fr\/?p=4200","title":{"rendered":"Se donner les moyens de nos ambitions . . ."},"content":{"rendered":"<h2 style=\"text-align: center;\"><span style=\"color: #008000;\"><em>Se donner les moyens de nos ambitions<\/em><\/span><\/h2>\n<h1 style=\"text-align: center;\">Et si vous participiez \u00e0 la politique ?<\/h1>\n<h2 style=\"text-align: center;\"><em><span style=\"color: #808000;\">Propos \u00e0 proprement parler profond\u00e9ment prosa\u00efques<\/span><\/em><\/h2>\n<p style=\"text-align: justify;\"><em><a href=\"http:\/\/alternatifs81.fr\/wp-content\/uploads\/arton852-923b1.png\" rel=\"lightbox[4200]\"><img loading=\"lazy\" decoding=\"async\" class=\"alignleft size-thumbnail wp-image-4212\" style=\"margin: 10px 12px;\" title=\"arton852-923b1\" src=\"http:\/\/alternatifs81.fr\/wp-content\/uploads\/arton852-923b1-150x87.png\" alt=\"\" width=\"150\" height=\"87\" \/><\/a>\u00a0\u00a0\u00a0\u00a0 Bonjour, <\/em><em><br \/>\n\u00a0\u00a0\u00a0\u00a0 Les moyens sont toujours aux mains de ceux qui ont tout int\u00e9r\u00eat \u00e0 ce que rien ne change. <\/em><\/p>\n<p style=\"text-align: justify;\"><em>La question, pour les mouvements d\u2019\u00e9mancipation, d\u2019acqu\u00e9rir les moyens de leur projet a accompagn\u00e9 toute l\u2019histoire du mouvement ouvrier. <\/em><\/p>\n<p style=\"text-align: justify;\"><em>D\u2019o\u00f9 les bourses du travail, l\u2019entraide, les caisses de gr\u00e8ve et de solidarit\u00e9, les collectes, les cotisations, les mutualisations. <strong><span style=\"color: #008000;\">Pour se donner <!--more-->les moyens de ses ambitions.<\/span><\/strong><\/em><\/p>\n<p style=\"text-align: justify;\">Mais depuis les ann\u00e9es 80, nous voyageons l\u00e9ger, oubliant la question des moyens.<\/p>\n<p style=\"text-align: justify;\">Il y eut les nouveaux mouvements sociaux sans adh\u00e9rents, sans cotisants, sans militants, avec pl\u00e9thore de permanents pay\u00e9s par des subventions publiques et de g\u00e9n\u00e9reux donateurs priv\u00e9s, avec toutes les questions d\u2019ind\u00e9pendance que pose de d\u00e9pendre de ces moyens-l\u00e0.<br \/>\nIl y eut \u2013 et il y a toujours- des partis de permanents d\u00e9pendant du maintien du nombre d\u2019\u00e9lus.<br \/>\nIl y a des mouvements sociaux conchiant partis et syndicats, mais n\u00e9gociant avec les m\u00eames les finances n\u00e9cessaires \u00e0 leurs actions quitte \u00e0 arrondir certains angles.<br \/>\nIl y a ces nouveaux mouvements, radicaux et ind\u00e9pendants, d\u00e9couvrant \u00e0 leur corps d\u00e9fendant le co\u00fbt exorbitant de toute action collective.<\/p>\n<p style=\"text-align: justify;\">La galaxie associative s\u2019est peu ou prou d\u00e9tourn\u00e9e de la cotisation pour se tourner vers la manne publique et le m\u00e9c\u00e9nat. Et manne et m\u00e9c\u00e9nat se sont taris.<\/p>\n<h2><span style=\"color: #ff0000;\">On avait oubli\u00e9 la cotisation, l\u2019adh\u00e9sion, l\u2019acte de soutien.<\/span><\/h2>\n<p>Les organisations apprennent \u00e0 vivre dans la p\u00e9nurie. Les petits journaux disparaissent. Les associations font des plans sociaux.<br \/>\nNous ne sommes pas aux USA et les millionnaires fran\u00e7ais ne donnent pas aux associations pour \u00e9chapper aux imp\u00f4ts. Et les millionnaires ne nous donneraient, de toute fa\u00e7on, rien.<br \/>\nPourtant l\u2019impression des tracts continue \u00e0 devoir \u00eatre pay\u00e9e, les bus affr\u00e9t\u00e9s doivent \u00eatre pris en charge, les salles de r\u00e9union \u00eatre lou\u00e9es.<br \/>\n<span style=\"color: #008000;\">Bref, aujourd\u2019hui encore, <strong><span style=\"color: #808000;\">le nerf de la guerre, garant de l\u2019ind\u00e9pendance politique <\/span><\/strong>et des outils (outils \u00e0 cr\u00e9er, \u00e0 modifier, \u00e0 am\u00e9liorer, \u00e0 r\u00e9volutionner) <span style=\"color: #808000;\"><strong>reste le financement<\/strong>.<\/span><\/span><\/p>\n<p>Dans les num\u00e9ros de Rouge&amp;Vert, vous trouvez comme d\u2019habitude les encarts vous invitant \u00e0 adh\u00e9rer, \u00e0 vous abonner, \u00e0 faire des dons pour nous permettre de continuer \u00e0 faire vivre et d\u00e9velopper un projet rouge et vert, f\u00e9ministe et autogestionnaire, et une presse qui permette de faire conna\u00eetre et vivre ses id\u00e9es. Peut-\u00eatre cette fois-ci d\u00e9ciderez-vous de faire un geste pour soutenir cet effort collectif. Nous n\u2019avons pas la pr\u00e9tention d\u2019\u00eatre la seule organisation utile, le seul journal \u00e0 lire. Mais ce sont des outils. Ils m\u00e9ritent, comme d\u2019autres, d\u2019\u00eatre maintenu dans le vacarme lib\u00e9ral, s\u00e9curitaire et raciste qui nous assourdi quotidiennement. Encore faut-il en avoir les moyens.<br \/>\nSans tous les Blanqui cherchant les moyens de leurs projets, il n\u2019y aurait certainement pas eu de ces petits matins ensoleill\u00e9s o\u00f9 le soleil empourpr\u00e9 d\u2019espoirs r\u00e9volutionnaires darde ses merveilleux rayons rouges.<\/p>\n<h3><span style=\"color: #0000ff;\">Donnez-nous, donnons-nous les moyens de nos projets.<br \/>\nAdh\u00e9rez aux Alternatifs, <\/span><span style=\"color: #0000ff;\">abonnez-vous \u00e0 Rouge&amp;Vert.<\/span><\/h3>\n<h2><span style=\"color: #008000;\">\u00ab Il nous faut des fusils \u00bb.<\/span><\/h2>\n<div style=\"text-align: justify;\"><strong><em><span style=\"color: #808000;\">Blanqui voulait des armes. <\/span><\/em><\/strong><\/div>\n<div style=\"text-align: justify;\"><strong><span style=\"color: #808000;\"><em>Il chiffrait pr\u00e9cis\u00e9ment le nombre de fusils, de cartouches, d\u2019insurg\u00e9s n\u00e9cessaires ; Et aussi le nombre de pav\u00e9s \u00e0 d\u00e9paver pour faire une vraie barricade. Quelque chose de solide et qui tienne mieux qu\u2019en 1848.<\/em> <\/span><\/strong><\/div>\n<div><strong><span style=\"color: #808000;\"><span style=\"text-decoration: underline;\">Car c\u2019est bien beau, les id\u00e9es, la volont\u00e9 et le chemin, mais arrive le moment o\u00f9 il faut des moyens<\/span><\/span><\/strong><\/div>\n<p style=\"text-align: center;\"><a title=\"PNG - 26.7 ko\" type=\"image\/png\" href=\"http:\/\/www.alternatifs.org\/spip\/IMG\/png\/abbonement.png\" rel=\"lightbox[4200]\"><img loading=\"lazy\" decoding=\"async\" class=\"aligncenter\" src=\"http:\/\/www.alternatifs.org\/spip\/local\/cache-vignettes\/L150xH70\/abbonement-43af6-127c3.png\" alt=\"PNG - 26.7 ko\" width=\"150\" height=\"70\" \/><\/a><\/p>\n<p><a title=\"Enregistrer au format PDF\" href=\"http:\/\/www.alternatifs.org\/spip\/spip.php?page=article_pdf&amp;id_article=1085\"><img loading=\"lazy\" decoding=\"async\" src=\"http:\/\/www.alternatifs.org\/spip\/plugins\/auto\/article_pdf_2_0\/img_pack\/article_pdf.gif\" alt=\"Enregistrer au format PDF\" width=\"24\" height=\"24\" \/> <\/a><\/p>\n<p><!-- finde_surligneconditionnel--><\/p>\n<div id=\"documents_joints\">\n<h2>Documents joints<\/h2>\n<ul>\n<li>\n<div id=\"document_actif\"><a title=\"PDF - 512.6 ko - Lettre d'abonnement \u00e0 Rouge &amp; Vert\" type=\"application\/pdf\" href=\"http:\/\/www.alternatifs.org\/spip\/IMG\/pdf\/lettre_abonnement.pdf\"><img loading=\"lazy\" decoding=\"async\" src=\"http:\/\/www.alternatifs.org\/spip\/prive\/vignettes\/pdf.png\" alt=\"\" width=\"52\" height=\"52\" \/><\/a><br \/>\n<small><a href=\"http:\/\/www.alternatifs.org\/spip\/IMG\/pdf\/lettre_abonnement.pdf\">Lettre d\u2019abonnement \u00e0 Rouge &amp; Vert<\/a><\/small><\/div>\n<\/li>\n<li>\n<div><small><a href=\"http:\/\/www.alternatifs.org\/spip\/-qui-sommes-nous\">http:\/\/www.alternatifs.org\/spip\/-qui-sommes-nous<\/a>&#8211;<\/small><\/div>\n<\/li>\n<li>\n<div><small><\/small><\/div>\n<\/li>\n<li>\n<h3><small><span style=\"text-decoration: underline;\"><span style=\"color: #666699;\">Pour Les Alternatifs du Tarn, voir ci-dessous : <\/span><\/span><br \/>\n<a href=\"http:\/\/alternatifs81.fr\/wp-content\/uploads\/bandeau-Alters-pour-blog-essai-4-copie11.jpg\" rel=\"lightbox[4200]\"><img loading=\"lazy\" decoding=\"async\" class=\"aligncenter size-full wp-image-4208\" style=\"margin-top: 12px; margin-bottom: 12px;\" title=\"bandeau Alters pour blog essai 4.indd\" src=\"http:\/\/alternatifs81.fr\/wp-content\/uploads\/bandeau-Alters-pour-blog-essai-4-copie11.jpg\" alt=\"\" width=\"354\" height=\"142\" srcset=\"https:\/\/alternatifs81.fr\/wp-content\/uploads\/bandeau-Alters-pour-blog-essai-4-copie11.jpg 354w, https:\/\/alternatifs81.fr\/wp-content\/uploads\/bandeau-Alters-pour-blog-essai-4-copie11-300x120.jpg 300w\" sizes=\"auto, (max-width: 354px) 100vw, 354px\" \/><\/a><a href=\"http:\/\/alternatifs81.fr\/wp-content\/uploads\/bandeau-Conflu-pour-blog-essai-3-copie2.jpg\" rel=\"lightbox[4200]\"><img loading=\"lazy\" decoding=\"async\" class=\"aligncenter size-full wp-image-4210\" title=\"bandeau Conflu pour blog essai 3.indd\" src=\"http:\/\/alternatifs81.fr\/wp-content\/uploads\/bandeau-Conflu-pour-blog-essai-3-copie2.jpg\" alt=\"\" width=\"354\" height=\"142\" \/><\/a><a href=\"http:\/\/alternatifs81.fr\/wp-content\/uploads\/bandeau-Alters-pour-blog-essai-2-copie.jpg\" rel=\"lightbox[4200]\"><\/a><\/small><\/h3>\n<\/li>\n<\/ul>\n<\/div>\n<gcse:search><\/gcse:search>","protected":false},"excerpt":{"rendered":"<p>Se donner les moyens de nos ambitions Et si vous participiez \u00e0 la politique ? Propos \u00e0 proprement parler profond\u00e9ment prosa\u00efques \u00a0\u00a0\u00a0\u00a0 Bonjour, \u00a0\u00a0\u00a0\u00a0 Les moyens sont toujours aux mains de ceux qui ont tout int\u00e9r\u00eat \u00e0 ce que rien ne change. La question, pour les mouvements d\u2019\u00e9mancipation, d\u2019acqu\u00e9rir les moyens de leur projet a [&hellip;]<\/p>\n","protected":false},"author":1,"featured_media":0,"comment_status":"open","ping_status":"closed","sticky":false,"template":"","format":"standard","meta":{"footnotes":""},"categories":[4,126,5,21,123],"tags":[34,43,38,103,231,230],"class_list":["post-4200","post","type-post","status-publish","format-standard","hentry","category-confluences81","category-gauche-de-combat","category-les-alters-kezako","category-les-alters-dans-les-luttes","category-rouge-et-vert","tag-alternatifs","tag-appel","tag-confluences-81","tag-demarche-citoyenne","tag-les-moyens-de-la-lutte","tag-rouge-vert"],"_links":{"self":[{"href":"https:\/\/alternatifs81.fr\/index.php?rest_route=\/wp\/v2\/posts\/4200","targetHints":{"allow":["GET"]}}],"collection":[{"href":"https:\/\/alternatifs81.fr\/index.php?rest_route=\/wp\/v2\/posts"}],"about":[{"href":"https:\/\/alternatifs81.fr\/index.php?rest_route=\/wp\/v2\/types\/post"}],"author":[{"embeddable":true,"href":"https:\/\/alternatifs81.fr\/index.php?rest_route=\/wp\/v2\/users\/1"}],"replies":[{"embeddable":true,"href":"https:\/\/alternatifs81.fr\/index.php?rest_route=%2Fwp%2Fv2%2Fcomments&post=4200"}],"version-history":[{"count":0,"href":"https:\/\/alternatifs81.fr\/index.php?rest_route=\/wp\/v2\/posts\/4200\/revisions"}],"wp:attachment":[{"href":"https:\/\/alternatifs81.fr\/index.php?rest_route=%2Fwp%2Fv2%2Fmedia&parent=4200"}],"wp:term":[{"taxonomy":"category","embeddable":true,"href":"https:\/\/alternatifs81.fr\/index.php?rest_route=%2Fwp%2Fv2%2Fcategories&post=4200"},{"taxonomy":"post_tag","embeddable":true,"href":"https:\/\/alternatifs81.fr\/index.php?rest_route=%2Fwp%2Fv2%2Ftags&post=4200"}],"curies":[{"name":"wp","href":"https:\/\/api.w.org\/{rel}","templated":true}]}}