{"id":3896,"date":"2011-12-22T12:34:42","date_gmt":"2011-12-22T10:34:42","guid":{"rendered":"http:\/\/alternatifs81.fr\/?p=3896"},"modified":"2011-12-29T18:10:44","modified_gmt":"2011-12-29T16:10:44","slug":"nouveau-traite-europeen-pas-contre-nous-pas-sans-nous","status":"publish","type":"post","link":"https:\/\/alternatifs81.fr\/?p=3896","title":{"rendered":"Nouveau trait\u00e9 europ\u00e9en: pas contre nous, pas sans nous !"},"content":{"rendered":"<h3><a href=\"http:\/\/www.alternatifs44.com\/\"><\/a><\/h3>\n<div><a href=\"http:\/\/3.bp.blogspot.com\/-Ou7o1L-o9BU\/TvLcvkfYCYI\/AAAAAAAABUM\/lvDlpjXBA3A\/s1600\/dettesnon.jpg\" rel=\"lightbox[3896]\"><\/a><\/div>\n<div style=\"text-align: justify;\"><span style=\"color: #008000;\"><a href=\"http:\/\/alternatifs81.fr\/wp-content\/uploads\/dettesnon.jpg\" rel=\"lightbox[3896]\"><img loading=\"lazy\" decoding=\"async\" class=\"alignleft size-medium wp-image-3899\" style=\"margin: 10px;\" title=\"dettesnon\" src=\"http:\/\/alternatifs81.fr\/wp-content\/uploads\/dettesnon-300x241.jpg\" alt=\"\" width=\"210\" height=\"169\" srcset=\"https:\/\/alternatifs81.fr\/wp-content\/uploads\/dettesnon-300x241.jpg 300w, https:\/\/alternatifs81.fr\/wp-content\/uploads\/dettesnon.jpg 320w\" sizes=\"auto, (max-width: 210px) 100vw, 210px\" \/><\/a>\u00a0\u00a0\u00a0\u00a0\u00a0\u00a0\u00a0\u00a0\u00a0\u00a0\u00a0\u00a0\u00a0\u00a0\u00a0\u00a0\u00a0\u00a0\u00a0\u00a0\u00a0\u00a0Le sommet europ\u00e9en du 9 d\u00e9cembre a d\u00e9cid\u00e9 d&rsquo;adopter un nouveau trait\u00e9 europ\u00e9en d\u00e8s le mois de mars.<\/span><strong> <\/strong><\/div>\n<div style=\"text-align: justify;\"><strong>\u00a0\u00a0\u00a0\u00a0\u00a0\u00a0\u00a0\u00a0\u00a0\u00a0\u00a0\u00a0\u00a0\u00a0\u00a0\u00a0\u00a0\u00a0\u00a0\u00a0\u00a0 Ce texte exigera des \u00c9tats qu&rsquo;ils ins\u00e8rent dans leur Constitution une \u00ab r\u00e8gle d&rsquo;or \u00bb pour la r\u00e9duction de leur d\u00e9ficit public. En le limitant \u00e0 0,5% du PIB en temps normal, cette r\u00e8gle agira comme un carcan d\u2019aust\u00e9rit\u00e9, emp\u00eachant <!--more-->toute politique \u00e9conomique alternative.<\/strong><\/div>\n<p><strong>\u00a0<\/strong><br \/>\n<strong>Le projet de trait\u00e9 pr\u00e9voit par ailleurs de durcir les r\u00e8gles qui figuraient d\u00e9j\u00e0 dans le Trait\u00e9 de Maastricht puis de Lisbonne, en imposant de lourdes sanctions \u00ab imm\u00e9diates \u00bb et \u00ab automatiques \u00bb aux pays contrevenants. En outre, concernant le stock actuel des dettes publiques, le nouveau trait\u00e9 exclurait toute annulation m\u00eame partielle pour les pays en difficult\u00e9, telle celle conc\u00e9d\u00e9e r\u00e9cemment dans le cas de la Gr\u00e8ce.<\/strong><br \/>\n<a name=\"more\"><\/a><\/p>\n<p><strong>\u00a0<\/strong><br \/>\n<strong>Partout les citoyens, les usagers des services publics, les assur\u00e9s sociaux devront payer pour rembourser les banques, m\u00eame si celles-ci ont sp\u00e9cul\u00e9 sur les obligations d\u2019\u00c9tat et pr\u00eat\u00e9 \u00e0 des taux abusifs. Alors que la dette r\u00e9sulte pour une large part des d\u00e9rives de la finance et des cadeaux fiscaux d\u00e9cid\u00e9s depuis vingt ans au profit des cat\u00e9gories ais\u00e9es <\/strong><\/p>\n<p><strong>\u00a0<\/strong><br \/>\n<strong>Ce trait\u00e9, purement punitif, ne pr\u00e9voit rien pour r\u00e9duire le pouvoir de l&rsquo;industrie financi\u00e8re ou approfondir les solidarit\u00e9s entre peuples europ\u00e9ens. Il contraindrait les \u00c9tats \u00e0 des politiques d&rsquo;aust\u00e9rit\u00e9 sans limites. Le caract\u00e8re de plus en plus antisocial et antid\u00e9mocratique de la construction europ\u00e9enne suscitera des luttes sociales et citoyennes l\u00e9gitimes mais fera aussi le jeu des d\u00e9magogues nationalistes et x\u00e9nophobes. <\/strong><\/p>\n<p><strong>\u00a0<\/strong><br \/>\n<strong>D\u00e9cid\u00e9 en quelques semaines sous la pression des agences de notation, ce nouveau trait\u00e9 risque d&rsquo;\u00eatre ratifi\u00e9 en h\u00e2te par voie parlementaire dans le dos des peuples. Son adoption marquerait un recul d\u00e9cisif de la d\u00e9mocratie en France et en Europe. Il appartient aux mouvements sociaux europ\u00e9ens d&#8217;emp\u00eacher ce recul en imposant un vrai d\u00e9bat d\u00e9mocratique sur la dette publique, les alternatives \u00e0 l&rsquo;aust\u00e9rit\u00e9 et une nouvelle construction europ\u00e9enne.<\/strong><\/p>\n<p><strong>\u00a0<\/strong><br \/>\n<strong>En France, le Collectif pour un audit citoyen de la dette publique appelle tous les citoyens \u00e0 se mobiliser dans leurs quartiers, leurs villages, leurs lieux de travail, pour construire ensemble ce d\u00e9bat. R\u00e9unions publiques, manifestations, p\u00e9titions, occupations, actions symboliques&#8230; dans les semaines qui viennent, nous devons multiplier les initiatives pour nous opposer \u00e0 l&rsquo;adoption de ce trait\u00e9. Nous tiendrons le 14 janvier \u00e0 Paris une r\u00e9union nationale des collectifs locaux pour l&rsquo;audit citoyen de la dette, afin d&rsquo;\u00e9changer sur nos pratiques et de coordonner nos initiatives.<\/strong><\/p>\n<p><strong>\u00a0<\/strong><br \/>\n<span style=\"color: #008000;\"><strong>Collectif pour un audit citoyen de la dette publique <\/strong><br \/>\n<\/span><a href=\"http:\/\/www.audit-citoyen.org\/\"><strong>www.audit-citoyen.org<\/strong><\/a><\/p>\n<gcse:search><\/gcse:search>","protected":false},"excerpt":{"rendered":"<p>\u00a0\u00a0\u00a0\u00a0\u00a0\u00a0\u00a0\u00a0\u00a0\u00a0\u00a0\u00a0\u00a0\u00a0\u00a0\u00a0\u00a0\u00a0\u00a0\u00a0\u00a0\u00a0Le sommet europ\u00e9en du 9 d\u00e9cembre a d\u00e9cid\u00e9 d&rsquo;adopter un nouveau trait\u00e9 europ\u00e9en d\u00e8s le mois de mars. \u00a0\u00a0\u00a0\u00a0\u00a0\u00a0\u00a0\u00a0\u00a0\u00a0\u00a0\u00a0\u00a0\u00a0\u00a0\u00a0\u00a0\u00a0\u00a0\u00a0\u00a0 Ce texte exigera des \u00c9tats qu&rsquo;ils ins\u00e8rent dans leur Constitution une \u00ab r\u00e8gle d&rsquo;or \u00bb pour la r\u00e9duction de leur d\u00e9ficit public. En le limitant \u00e0 0,5% du PIB en temps normal, cette r\u00e8gle agira comme [&hellip;]<\/p>\n","protected":false},"author":1,"featured_media":0,"comment_status":"open","ping_status":"closed","sticky":false,"template":"","format":"standard","meta":{"footnotes":""},"categories":[1],"tags":[43,117,118,225],"class_list":["post-3896","post","type-post","status-publish","format-standard","hentry","category-non-classe","tag-appel","tag-democratie","tag-europe","tag-traite"],"_links":{"self":[{"href":"https:\/\/alternatifs81.fr\/index.php?rest_route=\/wp\/v2\/posts\/3896","targetHints":{"allow":["GET"]}}],"collection":[{"href":"https:\/\/alternatifs81.fr\/index.php?rest_route=\/wp\/v2\/posts"}],"about":[{"href":"https:\/\/alternatifs81.fr\/index.php?rest_route=\/wp\/v2\/types\/post"}],"author":[{"embeddable":true,"href":"https:\/\/alternatifs81.fr\/index.php?rest_route=\/wp\/v2\/users\/1"}],"replies":[{"embeddable":true,"href":"https:\/\/alternatifs81.fr\/index.php?rest_route=%2Fwp%2Fv2%2Fcomments&post=3896"}],"version-history":[{"count":0,"href":"https:\/\/alternatifs81.fr\/index.php?rest_route=\/wp\/v2\/posts\/3896\/revisions"}],"wp:attachment":[{"href":"https:\/\/alternatifs81.fr\/index.php?rest_route=%2Fwp%2Fv2%2Fmedia&parent=3896"}],"wp:term":[{"taxonomy":"category","embeddable":true,"href":"https:\/\/alternatifs81.fr\/index.php?rest_route=%2Fwp%2Fv2%2Fcategories&post=3896"},{"taxonomy":"post_tag","embeddable":true,"href":"https:\/\/alternatifs81.fr\/index.php?rest_route=%2Fwp%2Fv2%2Ftags&post=3896"}],"curies":[{"name":"wp","href":"https:\/\/api.w.org\/{rel}","templated":true}]}}