{"id":3890,"date":"2011-12-21T19:54:12","date_gmt":"2011-12-21T17:54:12","guid":{"rendered":"http:\/\/alternatifs81.fr\/?p=3890"},"modified":"2011-12-23T09:37:37","modified_gmt":"2011-12-23T07:37:37","slug":"salah-enfin-libre","status":"publish","type":"post","link":"https:\/\/alternatifs81.fr\/?p=3890","title":{"rendered":"Salah enfin libre !"},"content":{"rendered":"<div>\n<p><strong><span style=\"color: #0000ff;\"><a href=\"http:\/\/alternatifs81.fr\/wp-content\/uploads\/salah13.png\" rel=\"lightbox[3890]\"><img loading=\"lazy\" decoding=\"async\" class=\"alignleft size-medium wp-image-3891\" style=\"margin: 10px;\" title=\"salah1(3)\" src=\"http:\/\/alternatifs81.fr\/wp-content\/uploads\/salah13-300x190.png\" alt=\"\" width=\"240\" height=\"152\" srcset=\"https:\/\/alternatifs81.fr\/wp-content\/uploads\/salah13-300x190.png 300w, https:\/\/alternatifs81.fr\/wp-content\/uploads\/salah13.png 509w\" sizes=\"auto, (max-width: 240px) 100vw, 240px\" \/><\/a>\u00a0\u00a0\u00a0\u00a0\u00a0\u00a0\u00a0\u00a0\u00a0\u00a0\u00a0\u00a0\u00a0\u00a0 Commission Internationale des Alternatifs<\/span><\/strong><\/p>\n<h1>\u00a0\u00a0\u00a0\u00a0\u00a0\u00a0\u00a0 Salah enfin libre !<\/h1>\n<p>\u00a0\u00a0\u00a0\u00a0\u00a0\u00a0\u00a0\u00a0\u00a0\u00a0\u00a0\u00a0<em><span style=\"color: #008080;\">\u00a0 21 d\u00e9cembre 2011<\/span><\/em><\/p>\n<\/div>\n<div>\n<p style=\"text-align: justify;\"><strong><em><span style=\"color: #808000;\">Les Alternatifs se r\u00e9jouissent de la lib\u00e9ration de Salah Hamouri, \u00e9tudiant franco-palestinien, victime sept ans durant de la justice militaire isra\u00e9lienne dont l\u2019arbitraire n\u2019est plus \u00e0 d\u00e9montrer, qui maintient en prison des milliers de palestiniens dont la plupart n\u2019ont m\u00eame pas droit \u00e0 un jugement, mais sont d\u00e9tenus par simple d\u00e9cision administrative reconduite tous les six mois<\/span><\/em><\/strong>.<\/p>\n<\/div>\n<p>\u00a0<\/p>\n<div>\n<p>Salah lui a \u00e9t\u00e9 condamn\u00e9 \u00e0 sept ans d\u2019emprisonnement pour avoir eu<!--more-->\u00a0\u00ab\u00a0l\u2019intention de commettre un d\u00e9lit\u00a0\u00bb. Quelle justice pour un pays qui se pr\u00e9tend d\u00e9mocratique !<br \/>\nUne d\u00e9l\u00e9gation des Alternatifs avait rencontr\u00e9 \u00e0 Ramallah en juillet 2009 les parents de Salah qui nous avaient expliqu\u00e9 comment tenter d\u2019obtenir sa lib\u00e9ration au terme des remises de peine consenties normalement. En vain : Salah a fait toute sa peine et m\u00eame pr\u00e8s d\u2019un mois de plus ! L\u2019\u00c9tat fran\u00e7ais ne lui a pas apport\u00e9 toute la protection qu\u2019il doit accorder \u00e0 un compatriote \u00e0 l\u2019\u00e9tranger. Ses parents n\u2019ont jamais \u00e9t\u00e9 re\u00e7us par le Pr\u00e9sident de la R\u00e9publique comme l\u2019ont \u00e9t\u00e9 ceux de Gilad Shalit. Ils ont eu juste le droit d\u2019\u00e9changer quelques mots avec un ministre dans un couloir ! Quelle honte !<\/p>\n<p>Aujourd\u2019hui Salah Hamouri n\u2019a rien perdu de sa d\u00e9termination \u00e0 obtenir la reconnaissance d\u2019un \u00e9tat palestinien. Ses convictions, telles qu\u2019ils les a affirm\u00e9es en sortant de prison, ont \u00e9t\u00e9 renforc\u00e9es par sa captivit\u00e9 et les conditions inhumaines de sa d\u00e9tention.<\/p>\n<p>Certains voudraient lancer un anath\u00e8me contre lui. <strong><em><span style=\"color: #808000;\">Nous ne pouvons que d\u00e9noncer les propos haineux et calomnieux qu\u2019a en particulier repris sans v\u00e9rification le Pr\u00e9sident du CRIF \u00e0 son propos.<\/span><\/em><\/strong><\/p>\n<p>Avec son comit\u00e9 de soutien nous en appelons donc aux autorit\u00e9s fran\u00e7aises car ces campagnes de haine sont dangereuses. Elles peuvent attenter gravement \u00e0 l\u2019int\u00e9grit\u00e9 de Salah et de sa famille. Nous leur demandons formellement de prendre toutes les mesures qui s\u2019imposent en pareilles circonstances. Nous demandons aussi solennellement \u00e0 Richard Prasquier de d\u00e9mentir imm\u00e9diatement et en personne les propos qu\u2019il a repris \u00e0 son compte et de s\u2019excuser, sous peine d\u2019encourir les rigueurs de la loi qui sont particuli\u00e8rement nettes et fermes en mati\u00e8re d\u2019incitation.<\/p>\n<p><strong><span style=\"color: #008000;\">Salah est lib\u00e9r\u00e9 mais ce n\u2019est pas du go\u00fbt de tous.<\/span><\/strong><\/p>\n<div><strong><span style=\"color: #008000;\">Contre ces fauteurs de haine et de troubles, sinon plus, restons unis et vigilants.<\/span><\/strong><\/div>\n<p><strong><span style=\"color: #008000;\">Le combat pour la v\u00e9rit\u00e9 est de m\u00eame nature que celui pour la libert\u00e9.<\/span><\/p>\n<p><span style=\"color: #008000;\">\u00a0C\u2019est le combat pour la vie.<\/span><\/p>\n<p><\/strong><\/p>\n<p style=\"text-align: justify;\"><strong>Les Alternatifs 21 d\u00e9cembre 2011<\/strong><\/p>\n<\/div>\n<gcse:search><\/gcse:search>","protected":false},"excerpt":{"rendered":"<p>\u00a0\u00a0\u00a0\u00a0\u00a0\u00a0\u00a0\u00a0\u00a0\u00a0\u00a0\u00a0\u00a0\u00a0 Commission Internationale des Alternatifs \u00a0\u00a0\u00a0\u00a0\u00a0\u00a0\u00a0 Salah enfin libre ! \u00a0\u00a0\u00a0\u00a0\u00a0\u00a0\u00a0\u00a0\u00a0\u00a0\u00a0\u00a0\u00a0 21 d\u00e9cembre 2011 Les Alternatifs se r\u00e9jouissent de la lib\u00e9ration de Salah Hamouri, \u00e9tudiant franco-palestinien, victime sept ans durant de la justice militaire isra\u00e9lienne dont l\u2019arbitraire n\u2019est plus \u00e0 d\u00e9montrer, qui maintient en prison des milliers de palestiniens dont la plupart n\u2019ont m\u00eame pas [&hellip;]<\/p>\n","protected":false},"author":1,"featured_media":0,"comment_status":"open","ping_status":"closed","sticky":false,"template":"","format":"standard","meta":{"footnotes":""},"categories":[9,147],"tags":[34,19,98],"class_list":["post-3890","post","type-post","status-publish","format-standard","hentry","category-communiques","category-international","tag-alternatifs","tag-jeunesse","tag-palestine"],"_links":{"self":[{"href":"https:\/\/alternatifs81.fr\/index.php?rest_route=\/wp\/v2\/posts\/3890","targetHints":{"allow":["GET"]}}],"collection":[{"href":"https:\/\/alternatifs81.fr\/index.php?rest_route=\/wp\/v2\/posts"}],"about":[{"href":"https:\/\/alternatifs81.fr\/index.php?rest_route=\/wp\/v2\/types\/post"}],"author":[{"embeddable":true,"href":"https:\/\/alternatifs81.fr\/index.php?rest_route=\/wp\/v2\/users\/1"}],"replies":[{"embeddable":true,"href":"https:\/\/alternatifs81.fr\/index.php?rest_route=%2Fwp%2Fv2%2Fcomments&post=3890"}],"version-history":[{"count":0,"href":"https:\/\/alternatifs81.fr\/index.php?rest_route=\/wp\/v2\/posts\/3890\/revisions"}],"wp:attachment":[{"href":"https:\/\/alternatifs81.fr\/index.php?rest_route=%2Fwp%2Fv2%2Fmedia&parent=3890"}],"wp:term":[{"taxonomy":"category","embeddable":true,"href":"https:\/\/alternatifs81.fr\/index.php?rest_route=%2Fwp%2Fv2%2Fcategories&post=3890"},{"taxonomy":"post_tag","embeddable":true,"href":"https:\/\/alternatifs81.fr\/index.php?rest_route=%2Fwp%2Fv2%2Ftags&post=3890"}],"curies":[{"name":"wp","href":"https:\/\/api.w.org\/{rel}","templated":true}]}}