{"id":3882,"date":"2011-12-19T21:17:23","date_gmt":"2011-12-19T19:17:23","guid":{"rendered":"http:\/\/alternatifs81.fr\/?p=3882"},"modified":"2011-12-23T10:01:14","modified_gmt":"2011-12-23T08:01:14","slug":"non-a-un-hommage-officiel-au-general-bigeard-appel-unitaire","status":"publish","type":"post","link":"https:\/\/alternatifs81.fr\/?p=3882","title":{"rendered":"Non \u00e0 un hommage officiel au G\u00e9n\u00e9ral Bigeard &#8211; Appel unitaire"},"content":{"rendered":"<p><a href=\"http:\/\/www.nonabigeardauxinvalides.net\/\"><strong><span style=\"color: #0000ff;\">Non \u00e0 un hommage officiel au G\u00e9n\u00e9ral Bigeard &#8211; Appel unitaire<\/span><\/strong><\/a><\/p>\n<div id=\"post-body-3850396274163881254\" style=\"text-align: justify;\">\n<div><a href=\"http:\/\/4.bp.blogspot.com\/-cyyQxConVMc\/Tu9CM_OnGsI\/AAAAAAAABTw\/t1ro3UlFaSM\/s1600\/operation-chien.jpg\" rel=\"lightbox[3882]\"><img loading=\"lazy\" decoding=\"async\" class=\"alignleft\" style=\"margin: 10px; border: 0px;\" src=\"http:\/\/4.bp.blogspot.com\/-cyyQxConVMc\/Tu9CM_OnGsI\/AAAAAAAABTw\/t1ro3UlFaSM\/s320\/operation-chien.jpg\" border=\"0\" alt=\"\" width=\"224\" height=\"144\" \/><\/a><\/div>\n<p><strong><span style=\"color: #808000;\">De son vivant, le g\u00e9n\u00e9ral Bigeard a toujours b\u00e9n\u00e9fici\u00e9 de l\u2019admiration des forces politiques les plus r\u00e9actionnaires et de leur soutien actif<\/span>. Et voici qu\u2019une ann\u00e9e apr\u00e8s sa mort, il est de nouveau utilis\u00e9<!--more-->\u00a0pour une man\u0153uvre politicienne, orchestr\u00e9e par le ministre de la D\u00e9fense, dont le pass\u00e9 d\u2019extr\u00eame droite est connu : le transfert aux Invalides de ses cendres.<\/strong><\/p>\n<p><strong>\u00a0<\/strong><br \/>\n<strong>Cette initiative est doublement pernicieuse.<\/strong><\/p>\n<p><strong>\u00a0<\/strong><br \/>\n<strong>D\u2019une part, <span style=\"color: #808000;\">il y a une certaine ind\u00e9cence \u00e0 mettre Bigeard au rang d\u2019autres grands militaires qui y reposent, parfois depuis des si\u00e8cles.<\/span> On peut avoir des analyses critiques sur tel ou tel d\u2019entre eux, mais beaucoup mirent leur g\u00e9nie au service de la d\u00e9fense du territoire fran\u00e7ais.<\/strong><\/p>\n<p><strong>\u00a0<\/strong><br \/>\n<strong>D\u2019autre part, et surtout, <span style=\"color: #808000;\">une telle initiative serait une insulte \u00e0 divers peuples qui acquirent au prix fort, nagu\u00e8re, leur ind\u00e9pendance<\/span>. Ces pays sont libres depuis des d\u00e9cennies, ils ont le plus souvent des relations cordiales avec le n\u00f4tre. A-t-on pens\u00e9 un instant quel signal le gouvernement fran\u00e7ais s\u2019appr\u00eate \u00e0 leur envoyer ? Est-ce du m\u00e9pris \u00e0 l\u2019\u00e9tat pur ou de l\u2019inconscience ?<\/strong><br \/>\n<a name=\"more\"><\/a><\/p>\n<p><strong>\u00a0<\/strong><br \/>\n<strong>On nous pr\u00e9sente cet officier comme un h\u00e9ros des temps modernes, un mod\u00e8le d\u2019abn\u00e9gation et de courage.<span style=\"color: #008000;\"> Or, il a \u00e9t\u00e9 un acteur de premier plan des guerres coloniales, un \u00ab baroudeur \u00bb sans principes, utilisant des m\u00e9thodes souvent ignobles. <\/span>En Indochine et en Alg\u00e9rie, il a laiss\u00e9 aux peuples, aux patriotes qu\u2019il a combattus, aux prisonniers qu\u2019il a \u00ab interrog\u00e9s \u00bb, de douloureux souvenirs. Aujourd\u2019hui encore, dans bien des familles vietnamiennes et alg\u00e9riennes, qui pleurent toujours leurs morts, ou dont certains membres portent encore dans leur chair les plaies du pass\u00e9, le nom de Bigeard sonne comme synonyme des pratiques les plus d\u00e9testables de l\u2019arm\u00e9e fran\u00e7aise.<\/strong><\/p>\n<p><strong><\/strong><br \/>\n<strong><span style=\"color: #008000;\">Nous n\u2019acceptons pas que la notion d\u2019h\u00e9ro\u00efsme soit li\u00e9e \u00e0 l\u2019histoire de cet homme<\/span>. Lors des guerres coloniales conduites par la France, les vrais h\u00e9ros \u00e9taient ceux qui, dans les pays colonis\u00e9s, luttaient pour la libert\u00e9 et l\u2019ind\u00e9pendance de leurs peuples, ceux qui, en m\u00e9tropole, ont eu la lucidit\u00e9 de d\u00e9noncer ces conflits, si manifestement contraires au droit international, au droit des peuples \u00e0 disposer d\u2019eux-m\u00eames et \u00e0 l\u2019int\u00e9r\u00eat m\u00eame de la nation fran\u00e7aise.<\/strong><\/p>\n<p><strong><\/strong><br \/>\n<strong>L\u2019objectif aurait \u00e9t\u00e9 de r\u00e9veiller les guerres m\u00e9morielles que les manipulateurs \u00e0 l\u2019origine de cette initiative ne s\u2019y seraient pas pris autrement.<\/strong><\/p>\n<p><strong><\/strong><br \/>\n<span style=\"color: #808000;\"><strong>Nous exigeons que le gouvernement fran\u00e7ais renonce \u00e0 cette initiative historiquement infond\u00e9e, politiquement dangereuse et humainement scandaleuse.<\/strong><br \/>\n<\/span><br \/>\n<strong><\/strong><br \/>\n<strong><span style=\"text-decoration: underline;\"><span style=\"color: #0000ff;\">Premiers signataires :<\/span><\/span><\/strong><\/p>\n<p><strong><\/strong><\/p>\n<p><strong><\/strong><br \/>\n<em><span style=\"color: #0000ff;\"><strong>Souag ABDELOUAHAB (Journaliste el watan &#8211; mascara (alg\u00e9rie)),Salah AMOKRANE (Militant associatif),Jean-loup AMSELLE (Anthropologue),Mouloud AOUNIT (Pr\u00e9sident d\u2019honneur du mrap),\u00c9liane ASSASSI (S\u00e9natrice de la seine-saint-denis),Raymond AUBRAC,Josette AUDIN,Florence BEAUG\u00c9 (Journaliste),Jacques BIDET (Philosophe),Martine BILLARD (D\u00e9put\u00e9e de paris, co-pr\u00e9sidente du pg),Pascal BLANCHARD (Historien),Sami BOUMENDJEL,Patrick BRAOUEZEC,Pierre BROCHEUX (Historien),Alain BROSSAT (Professeur \u00e9m\u00e9rite de philosophie),Omar CARLIER (Historien, professeur \u00e0 l&rsquo;universit\u00e9 paris diderot),Patrick CHAMOISEAU (\u00c9crivain),Christiane CHAULET-ACHOUR (Professeur des universit\u00e9s),Guillaume CH\u00c9REL (\u00c9crivain),Fanny COLONNA (Directrice de recherche au cnrs paris),Fanny COLONNA,Pascal CONVERT (Documentariste),Catherine COQUIO (Professeur de litt\u00e9rature \u00e0 l&rsquo;univ de paris 8),Annick COUPE (Union syndicale solidaires),Simone DE BOLLARDI\u00c8RE,Didier DEANINCKX (\u00c9crivain),Christian DELORME (Pr\u00eatre du dioc\u00e8se de lyon),C\u00e9cile DUFLOT (Secr\u00e9taire national d&rsquo;europe ecologie les verts),Mireille FANON-MENDES-FRANCE,Gianfranco FATTORINI (Co-pr\u00e9sident du mrap),Dominique FOULON (Dr des \u00ab\u00a0carnets du vi\u00eat nam\u00a0\u00bb),H\u00e9l\u00e8ne FRANCO (Memebre du bureau national du parti de gauche),Ren\u00e9 GALLISSOT (Professeur \u00e9m\u00e9rite des universit\u00e9s),Jean-fran\u00e7ois GAVOURY (Association nationale pour la protection de la m\u00e9moire des victimes de l\u2019oas),Andr\u00e9 GAZUT (R\u00e9alisateur),Fran\u00e7ois G\u00c8ZE (\u00c9diteur),Mohammed HARBI (Historien),Bernadette H\u00c9TIER (Co-pr\u00e9sidente du mrap),Jim HOUSE (Historien),Charles JARNIAS (Pr\u00e9sident de l&rsquo;amicale des anciens du 1 er r\u00e9giment ftp ns),Pierre KHALFA (Copr\u00e9sident de la fondation copernic),Mehdi LALLAOUI (R\u00e9alisateur),Pierre LAURENT (Secr\u00e9taire national du pcf),Olivier LE COUR GRANDMAISON (Politologue),Patrick LE HYARIC (Directeur de l\u2019humanit\u00e9),Ren\u00e9e LE MIGNOT (Co-pr\u00e9sidente du mrap),Anicet LE PORS (Ancien ministre),Michel LEVALLOIS (Pr\u00e9fet honoraire, membre de l&rsquo;acad\u00e9mie des sciences d&rsquo;outre-mer),Alban LIECHTI (Soldat du refus),Neil MACMASTER (Historien),No\u00ebl MAM\u00c8RE (D\u00e9put\u00e9 europe \u00c9cologie les verts),Gilles MANCERON (Historien),G\u00e9rard MAUGER (Sociologue),Claire MAUSS-COPEAUX (Historienne),Boucif MEKHALED (Historien alg\u00e9rien qui a travaill\u00e9 sur les massacres de mai 45),Samia MESSAOUDI (Journaliste),Gilbert MEYNIER (Historien, professeur \u00e9m\u00e9rite de l\u2019universit\u00e9),Jean-yves MOLLIER (Historien, professeur, universit\u00e9 versailles-saint-quentin),Bernard MOURALIS (Professeur \u00e9m\u00e9rite \u00e0 l&rsquo;universit\u00e9 de cergy-pontoise),Rosa MOUSSAOUI (Journaliste),Francois NADIRAS (Militant ldh, toulon),Andr\u00e9 NOUSCHI (Historien, professeur honoraire de l\u2019universit\u00e9),Jo\u00ebl OGER (Ancien secr\u00e9taire national de la fen),Jean-philippe OULD-AOUDIA (Les amis de max marchand, de mouloud feraoun et de leurs compagnons),Henri POUILLOT (T\u00e9moin de la guerre d&rsquo;alg\u00e9rie, militant antiraciste, anticolonialiste),Jacques PRADEL (Pr\u00e9sident association des pieds noirs progressistes),Yvon QUINIOU (Philosophe),Jack RALITE (Ancien ministre),Benoist REY (Auteur des \u00ab\u00a0egorgeurs\u00a0\u00bb, saisi en 1961 (editions de minuit)),Annie REY-GOLDZEIGUER (Historienne, professeur, universit\u00e9 de reims),Andr\u00e9 ROCH (Officier d\u2019active en retraite),Alain RUSCIO (Historien),Fr\u00e9d\u00e9ric SARKIS (Association sortir du colonialisme),Francois SAUTEREY (Syndicaliste enseignant &#8211; snes-fsu),Todd SHEPARD (Associate professor, department of history johns hopkins university),Pierre TARTAKOWSKY (Pr\u00e9sident de la ldh),Elisabeth TEITGEN (Fille de paul teitgen),Sylvie TH\u00c9NAULT (Historienne),TRAN ANH HUNG (R\u00e9alisateur),Rapha\u00ebl VAH\u00c9 (Pr\u00e9sident de l\u2019arac),Ren\u00e9 VAUTIER (Cin\u00e9aste),Fran\u00e7oise VERG\u00c8S (Politologue),Dominique VIDAL (Historien et journaliste),Genevi\u00e8ve VIDAL-NAQUET,Emmanuel VIRE (Secr\u00e9taire g\u00e9n\u00e9ral du snj-cgt),VO SI DAN (Ancien pr\u00e9sident de l&rsquo;ugvf (union g\u00e9n\u00e9rale des vietnamiens en france)),Emmanuel ZEMMOUR (Pr\u00e9sident de l&rsquo;unef)<\/strong><br \/>\n<\/span><\/em><br \/>\n<strong><\/strong><br \/>\n<strong>Pour tout contact : <\/strong><a href=\"mailto:\u2709contact@nonabigeardauxinvalides.net\"><strong>\u2709contact@nonabigeardauxinvalides.net<\/strong><\/a><\/p>\n<p><strong>Pour signer l&rsquo;appel : <\/strong><a href=\"http:\/\/www.nonabigeardauxinvalides.net\/\"><strong>http:\/\/www.nonabigeardauxinvalides.net<\/strong><\/a><\/p>\n<\/div>\n<gcse:search><\/gcse:search>","protected":false},"excerpt":{"rendered":"<p>Non \u00e0 un hommage officiel au G\u00e9n\u00e9ral Bigeard &#8211; Appel unitaire De son vivant, le g\u00e9n\u00e9ral Bigeard a toujours b\u00e9n\u00e9fici\u00e9 de l\u2019admiration des forces politiques les plus r\u00e9actionnaires et de leur soutien actif. Et voici qu\u2019une ann\u00e9e apr\u00e8s sa mort, il est de nouveau utilis\u00e9<\/p>\n","protected":false},"author":1,"featured_media":0,"comment_status":"open","ping_status":"closed","sticky":false,"template":"","format":"standard","meta":{"footnotes":""},"categories":[126,173],"tags":[224,103,50,64,19],"class_list":["post-3882","post","type-post","status-publish","format-standard","hentry","category-gauche-de-combat","category-no-pasaran","tag-anti-colonialisme","tag-demarche-citoyenne","tag-discriminations","tag-guerre","tag-jeunesse"],"_links":{"self":[{"href":"https:\/\/alternatifs81.fr\/index.php?rest_route=\/wp\/v2\/posts\/3882","targetHints":{"allow":["GET"]}}],"collection":[{"href":"https:\/\/alternatifs81.fr\/index.php?rest_route=\/wp\/v2\/posts"}],"about":[{"href":"https:\/\/alternatifs81.fr\/index.php?rest_route=\/wp\/v2\/types\/post"}],"author":[{"embeddable":true,"href":"https:\/\/alternatifs81.fr\/index.php?rest_route=\/wp\/v2\/users\/1"}],"replies":[{"embeddable":true,"href":"https:\/\/alternatifs81.fr\/index.php?rest_route=%2Fwp%2Fv2%2Fcomments&post=3882"}],"version-history":[{"count":0,"href":"https:\/\/alternatifs81.fr\/index.php?rest_route=\/wp\/v2\/posts\/3882\/revisions"}],"wp:attachment":[{"href":"https:\/\/alternatifs81.fr\/index.php?rest_route=%2Fwp%2Fv2%2Fmedia&parent=3882"}],"wp:term":[{"taxonomy":"category","embeddable":true,"href":"https:\/\/alternatifs81.fr\/index.php?rest_route=%2Fwp%2Fv2%2Fcategories&post=3882"},{"taxonomy":"post_tag","embeddable":true,"href":"https:\/\/alternatifs81.fr\/index.php?rest_route=%2Fwp%2Fv2%2Ftags&post=3882"}],"curies":[{"name":"wp","href":"https:\/\/api.w.org\/{rel}","templated":true}]}}