{"id":3769,"date":"2011-12-15T23:34:35","date_gmt":"2011-12-15T21:34:35","guid":{"rendered":"http:\/\/alternatifs81.fr\/?p=3769"},"modified":"2011-12-24T22:28:53","modified_gmt":"2011-12-24T20:28:53","slug":"nous-sommes-pour-un-desarmement-nucleaire-total-avec-une-mise-en-oeuvre-des-procedures-a-effet-immediat","status":"publish","type":"post","link":"https:\/\/alternatifs81.fr\/?p=3769","title":{"rendered":"Nous sommes pour un d\u00e9sarmement nucl\u00e9aire total avec une mise en \u0153uvre des proc\u00e9dures \u00e0 effet imm\u00e9diat."},"content":{"rendered":"<p style=\"text-align: justify;\"><strong><em><span style=\"color: #0000ff;\">\u00a0<a href=\"http:\/\/alternatifs81.fr\/wp-content\/uploads\/70129251_p.jpg\" rel=\"lightbox[3769]\"><img loading=\"lazy\" decoding=\"async\" class=\"alignleft size-medium wp-image-3775\" style=\"margin: 10px;\" title=\"70129251_p\" src=\"http:\/\/alternatifs81.fr\/wp-content\/uploads\/70129251_p-300x199.jpg\" alt=\"\" width=\"210\" height=\"139\" srcset=\"https:\/\/alternatifs81.fr\/wp-content\/uploads\/70129251_p-300x199.jpg 300w, https:\/\/alternatifs81.fr\/wp-content\/uploads\/70129251_p.jpg 450w\" sizes=\"auto, (max-width: 210px) 100vw, 210px\" \/><\/a>\u00a0\u00a0\u00a0\u00a0\u00a0\u00a0\u00a0\u00a0\u00a0\u00a0\u00a0\u00a0\u00a0\u00a0\u00a0 Pour celles et ceux qui n&rsquo;ont pu prendre part \u00e0 la Table Ronde sur le d\u00e9sarmement nucl\u00e9aire organis\u00e9e jeudi 15 d\u00e9cembre,\u00a0\u00e0 ALBI, par le Collectif des Objectrices et Objecteurs Tarnais (COT), le MAN\u00a0\u00a0 et l&rsquo;Appel des Cent, voici l&rsquo;essentiel de l&rsquo;intervention de notre camarade Liberto GIMENEZ, au nom des Alternatifs du Tarn. <\/span><\/em><\/strong><\/p>\n<p style=\"text-align: justify;\">Cela n\u2019\u00e9tonnera sans doute personne ici si j\u2019annonce, au nom des Alternatifs, que <strong><span style=\"color: #808000;\">nous sommes pour<!--more-->\u00a0un d\u00e9sarmement nucl\u00e9aire total avec une mise en \u0153uvre des proc\u00e9dures \u00e0 effet imm\u00e9diat.<\/span><\/strong><\/p>\n<p style=\"text-align: justify;\">\u00a0Cela nous semble tellement \u00e9vident que le d\u00e9bat, chez nous, a tourn\u00e9 court et, apr\u00e8s avoir affich\u00e9 notre conviction unanime, n\u2019a quasiment pas exist\u00e9 sinon pour nous engager dans la lutte pour la disparition de ce type d\u2019armement.<\/p>\n<p style=\"text-align: justify;\">\u00a0Nous consid\u00e9rons que cette arme est d\u2019une barbarie telle qu\u2019elle est une honte pour l\u2019intelligence humaine. Quel peuple aujourd\u2019hui accepterait son utilisation dans quelque conflit que ce soit au regard des cons\u00e9quences observ\u00e9es sur la population japonaise pendant la guerre de 39\/45 o\u00f9 elle \u00e0 \u00e9t\u00e9 utilis\u00e9e en sachant qu\u2019elles seraient encore d\u00e9multipli\u00e9es.<\/p>\n<p style=\"text-align: justify;\">\u00a0Nous savons tous maintenant que si cette arme immonde venait \u00e0 \u00eatre utilis\u00e9e, personne ne serait garanti d\u2019une protection r\u00e9ellement efficace contre ses effets directs ou indirects, imm\u00e9diats ou \u00e0 plus long terme.<\/p>\n<p style=\"text-align: justify;\">\u00a0Ils nous disent, sans nous demander notre avis sur la question, que cette arme est d\u00e9tenue dans le cadre de \u00a0la force de dissuasion et ainsi doit pouvoir emp\u00eacher que les guerres n\u2019\u00e9clatent. Quelles sont les p\u00e9riodes de l\u2019histoire, depuis l\u2019existence de cette arme de destruction massive, qui n\u2019ont pas connu d\u2019embrasement.<\/p>\n<p style=\"text-align: justify;\">\u00a0Nous savons tous maintenant que plus que la dissuasion, c\u2019est l\u2019incitation \u00e0 la poss\u00e9der qui pr\u00e9vaut. Tous la veule d\u00e8s que possible. Ceux qui la poss\u00e8de aujourd\u2019hui se pr\u00e9sentent comme les gendarmes du monde et d\u00e9cident unilat\u00e9ralement d\u2019interdire aux autres nations de d\u00e9velopper cette technologie. On peut se demander de quel droit.<\/p>\n<p style=\"text-align: justify;\">\u00a0\u00a0Pour notre part nous accepterions une interdiction internationale contr\u00f4l\u00e9e si, dans un premier temps, les pays d\u00e9tenteurs de l\u2019arme atomique cessaient de menacer les populations du monde en renon\u00e7ant \u00e0 ce type d\u2019armement.<\/p>\n<p style=\"text-align: justify;\">\u00a0S\u2019il faut un premier peuple pour initier un tel d\u00e9sarmement, le peuple de France pourrait \u00eatre celui ci. L\u2019image du pays des droits humains et des Lumi\u00e8res en serait grandie. \u00a0<\/p>\n<p style=\"text-align: justify;\">\u00a0Nous savons tous maintenant le lien direct qui existe entre la technologie nucl\u00e9aire militaire et celle usit\u00e9e soit disant uniquement pour le civil. Cette derni\u00e8re fournit notamment le plutonium pour la fabrication des bombes ainsi que l\u2019uranium dit appauvri des obus actuels qui est un sous produit de l\u2019enrichissement du combustible utilis\u00e9 dans l\u2019industrie \u00e9lectronucl\u00e9aire.<\/p>\n<p style=\"text-align: justify;\">\u00a0Donc quand nos gouvernants forcent, en leur promettant monts et merveilles et en arrosant quelques dirigeants au passage, les autres nations \u00e0 acqu\u00e9rir des centrales nucl\u00e9aires pour le seul b\u00e9n\u00e9fice de notre propre balance commerciale, ils savent que ceux-ci pourront d\u00e9velopper l\u2019arme atomique. Surtout quand nous savons que cela multiplie les risques de trafics internationaux de mati\u00e8res fissiles et radioactives qui peuvent servir d\u2019\u00e9l\u00e9ments \u00e0 la fabrication des armes nucl\u00e9aires.<\/p>\n<p style=\"text-align: justify;\">\u00a0Nous savons tous maintenant que l\u2019industrie \u00e9lectronucl\u00e9aire, qu\u2019elle soit civile ou militaire d\u00e9poss\u00e8de les citoyens de leur capacit\u00e9 \u00e0 l\u2019autonomie et \u00e0 la prise de d\u00e9cision en conscience.<\/p>\n<p style=\"text-align: justify;\">Cette technologie ne laisse aucune place \u00e0 une forme r\u00e9elle de d\u00e9mocratie, en \u00e9tant hyper centralis\u00e9e. Elle ne permet pas le d\u00e9bat d\u00e9mocratique concernant l\u2019autonomie \u00e9nerg\u00e9tique.<\/p>\n<p style=\"text-align: justify;\">\u00a0Aucune d\u00e9cision concernant cette \u00e9nergie et cette force de frappe n\u2019a \u00e9t\u00e9 prise par les peuples, elle se drape dans le secret de l\u2019\u00e9tat.<\/p>\n<p style=\"text-align: justify;\">\u00a0Elle exige une \u00e9lite technocratique et des ing\u00e9nieurs experts seuls qui se disent seuls capables de prendre les d\u00e9cisions.<\/p>\n<p style=\"text-align: justify;\">\u00a0Elle exige une police milice afin de prot\u00e9ger les sites autant civils que militaires.<\/p>\n<p style=\"text-align: justify;\">\u00a0Les r\u00e8gles \u00e9l\u00e9mentaires de sant\u00e9 publique sont bafou\u00e9es pour ceux qui n\u2019ont pu trouver d\u2019emploi ailleurs que dans cette industrie.<\/p>\n<p style=\"text-align: justify;\">\u00a0Pour tous ces m\u00eames r\u00e8gles sont \u00e9galement bafou\u00e9es en permanence au regard de l\u2019article 3 des droits de l\u2019homme\u00a0:\u00a0\u00ab\u00a0 tout individu a droit \u00e0 la vie, \u00e0 la libert\u00e9 et \u00e0 la suret\u00e9 de sa personne\u00a0\u00bb.<\/p>\n<p style=\"text-align: justify;\">\u00a0Les peuples des pays o\u00f9 sont exploit\u00e9s les minerais indispensables \u00e0 cette technologie subissent le n\u00e9ocolonialisme des pays riches sans tirer aucun b\u00e9n\u00e9fice pour eux dans leur mieux vivre, bien au contraire.<\/p>\n<p style=\"text-align: justify;\">\u00a0Enfin elle fait peser sur les g\u00e9n\u00e9rations pr\u00e9sentes et futures les choix des technocrates et des politiciens favorables \u00e0 cette industrie avec\u00a0:<\/p>\n<p style=\"text-align: justify;\">\u00a0\u00a0\u00a0\u00a0\u00a0\u00a0\u00a0 -les d\u00e9chets radioactifs, dont tout le monde conna\u00eet la dur\u00e9e de vie<\/p>\n<p style=\"text-align: justify;\">\u00a0\u00a0\u00a0\u00a0\u00a0\u00a0\u00a0 -le d\u00e9mant\u00e8lement des sites, civils comme militaires<\/p>\n<p style=\"text-align: justify;\">\u00a0\u00a0\u00a0\u00a0\u00a0\u00a0\u00a0 -le recyclage et le d\u00e9samor\u00e7age des armes nucl\u00e9aires en fin de vie<\/p>\n<p style=\"text-align: justify;\">\u00a0\u00a0\u00a0\u00a0\u00a0\u00a0\u00a0 -la radioactivit\u00e9 g\u00e9n\u00e9r\u00e9e par ces technologies et pr\u00e9sente dans l\u2019air que nous respirons, l\u2019eau que nous buvons, les aliments que nous mangeons et les poussi\u00e8res qui nous entourent.<\/p>\n<p style=\"text-align: justify;\">\u00a0Nous savons tous \u00e9galement le poids financier que repr\u00e9sentent le d\u00e9veloppement et la recherche dans ces domaines comme par exemple avec le laser m\u00e9gajoule en France ou le striction Z au USA.<\/p>\n<p style=\"text-align: justify;\">\u00a0Ces efforts technologiques et financiers pourraient \u00eatre mieux utilis\u00e9s afin d\u2019am\u00e9liorer nos vies plut\u00f4t que de chercher \u00e0 les d\u00e9truire.<\/p>\n<p style=\"text-align: justify;\">\u00a0<strong><em><span style=\"text-decoration: underline;\"><span style=\"color: #0000ff;\">Par cons\u00e9quent, les Alternatifs se positionnent\u00a0:<\/span><\/span><\/em><\/strong><\/p>\n<p style=\"text-align: justify;\">\u00a0<span style=\"color: #008000;\"><strong>POUR <\/strong>Le d\u00e9sarmement nucl\u00e9aire total et unilat\u00e9ral et appel \u00e0 une interdiction mondiale de l\u2019arme atomique ainsi que des armes biologiques et chimiques.<\/span><\/p>\n<p style=\"text-align: justify;\"><span style=\"color: #008000;\">\u00a0<\/span><span style=\"color: #008000;\"><strong>POUR<\/strong> Le retrait de la France de l\u2019alliance militaire imp\u00e9rialiste qu\u2019est l\u2019OTAN<\/span><\/p>\n<p style=\"text-align: justify;\"><span style=\"color: #008000;\">\u00a0<\/span><span style=\"color: #008000;\"><strong>POUR<\/strong> Le d\u00e9mant\u00e8lement de l\u2019industrie militaire fran\u00e7aise, europ\u00e9enne et mondiale \u00e0 reconvertir dans des industries socialement et \u00e9cologiquement responsables.<\/span><\/p>\n<p style=\"text-align: justify;\">\u00a0<span style=\"color: #008000;\"><strong>POUR<\/strong> L\u2019arr\u00eat des ventes d\u2019armes<\/span><\/p>\n<p style=\"text-align: justify;\">\u00a0<span style=\"color: #008000;\"><strong>POUR<\/strong> L\u2019arr\u00eat des ventes de centrales nucl\u00e9aires.<\/span><\/p>\n<p style=\"text-align: justify;\">\u00a0<span style=\"color: #008000;\"><strong>POUR<\/strong> Le d\u00e9veloppement des sources \u00e9nerg\u00e9tiques moins dangereuses et moins polluantes et l\u2019arr\u00eat de l\u2019exploitation des centrales nucl\u00e9aires. <\/span><\/p>\n<p style=\"text-align: right;\"><span style=\"color: #000000;\"><strong><em><span style=\"color: #0000ff;\">Jeudi 15 d\u00e9cembre 2011-12-14<\/span><\/em><\/strong><\/span><\/p>\n<gcse:search><\/gcse:search>","protected":false},"excerpt":{"rendered":"<p>\u00a0\u00a0\u00a0\u00a0\u00a0\u00a0\u00a0\u00a0\u00a0\u00a0\u00a0\u00a0\u00a0\u00a0\u00a0\u00a0 Pour celles et ceux qui n&rsquo;ont pu prendre part \u00e0 la Table Ronde sur le d\u00e9sarmement nucl\u00e9aire organis\u00e9e jeudi 15 d\u00e9cembre,\u00a0\u00e0 ALBI, par le Collectif des Objectrices et Objecteurs Tarnais (COT), le MAN\u00a0\u00a0 et l&rsquo;Appel des Cent, voici l&rsquo;essentiel de l&rsquo;intervention de notre camarade Liberto GIMENEZ, au nom des Alternatifs du Tarn. Cela n\u2019\u00e9tonnera [&hellip;]<\/p>\n","protected":false},"author":1,"featured_media":0,"comment_status":"open","ping_status":"closed","sticky":false,"template":"","format":"standard","meta":{"footnotes":""},"categories":[6,213],"tags":[34,103,211,31],"class_list":["post-3769","post","type-post","status-publish","format-standard","hentry","category-notre-projet","category-nucleaire-2","tag-alternatifs","tag-demarche-citoyenne","tag-desarmement","tag-nucleaire"],"_links":{"self":[{"href":"https:\/\/alternatifs81.fr\/index.php?rest_route=\/wp\/v2\/posts\/3769","targetHints":{"allow":["GET"]}}],"collection":[{"href":"https:\/\/alternatifs81.fr\/index.php?rest_route=\/wp\/v2\/posts"}],"about":[{"href":"https:\/\/alternatifs81.fr\/index.php?rest_route=\/wp\/v2\/types\/post"}],"author":[{"embeddable":true,"href":"https:\/\/alternatifs81.fr\/index.php?rest_route=\/wp\/v2\/users\/1"}],"replies":[{"embeddable":true,"href":"https:\/\/alternatifs81.fr\/index.php?rest_route=%2Fwp%2Fv2%2Fcomments&post=3769"}],"version-history":[{"count":0,"href":"https:\/\/alternatifs81.fr\/index.php?rest_route=\/wp\/v2\/posts\/3769\/revisions"}],"wp:attachment":[{"href":"https:\/\/alternatifs81.fr\/index.php?rest_route=%2Fwp%2Fv2%2Fmedia&parent=3769"}],"wp:term":[{"taxonomy":"category","embeddable":true,"href":"https:\/\/alternatifs81.fr\/index.php?rest_route=%2Fwp%2Fv2%2Fcategories&post=3769"},{"taxonomy":"post_tag","embeddable":true,"href":"https:\/\/alternatifs81.fr\/index.php?rest_route=%2Fwp%2Fv2%2Ftags&post=3769"}],"curies":[{"name":"wp","href":"https:\/\/api.w.org\/{rel}","templated":true}]}}