{"id":3466,"date":"2011-11-19T00:16:10","date_gmt":"2011-11-18T22:16:10","guid":{"rendered":"http:\/\/alternatifs81.fr\/?p=3466"},"modified":"2017-04-08T18:15:33","modified_gmt":"2017-04-08T17:15:33","slug":"debat-langues-regionales-et-minoritaires","status":"publish","type":"post","link":"https:\/\/alternatifs81.fr\/?p=3466","title":{"rendered":"DEBAT LANGUES REGIONALES ET MINORITAIRES"},"content":{"rendered":"<p style=\"text-align: justify;\"><strong><span style=\"color: #0000ff;\">\u00a0<a href=\"http:\/\/alternatifs81.fr\/wp-content\/uploads\/ome-d-oc.jpg\" rel=\"lightbox[3466]\"><img loading=\"lazy\" decoding=\"async\" class=\"alignleft size-medium wp-image-3538\" title=\"ome-d-oc\" src=\"http:\/\/alternatifs81.fr\/wp-content\/uploads\/ome-d-oc-214x300.jpg\" alt=\"\" width=\"214\" height=\"300\" srcset=\"https:\/\/alternatifs81.fr\/wp-content\/uploads\/ome-d-oc-214x300.jpg 214w, https:\/\/alternatifs81.fr\/wp-content\/uploads\/ome-d-oc.jpg 286w\" sizes=\"auto, (max-width: 214px) 100vw, 214px\" \/><\/a>\u00a0\u00a0\u00a0\u00a0\u00a0\u00a0\u00a0\u00a0\u00a0\u00a0\u00a0\u00a0\u00a0\u00a0\u00a0\u00a0\u00a0\u00a0\u00a0\u00a0\u00a0\u00a0\u00a0\u00a0 DEBAT LANGUES REGIONALES ET MINORITAIRES<br \/>\n<\/span><\/strong><br \/>\n<em><strong><span style=\"color: #0000ff;\">\u00a0\u00a0\u00a0\u00a0\u00a0\u00a0 \u00a0\u00a0\u00a0 Le Parti de Gauche a fait conna\u00eetre sa position sur les langues r\u00e9gionales et minoritaires.<br \/>\nVoici l&rsquo;apport de l&rsquo;Ex\u00e9cutif des Alternatifs au d\u00e9bat , il s&rsquo;appuie pour l&rsquo;essentiel sur une contribution de notre camarade Gilbert Dalgalian.<\/span><\/strong><\/em><\/p>\n<p style=\"text-align: justify;\"><em><strong><span style=\"color: #0000ff;\">\u00a0<\/span><\/strong><\/em><\/p>\n<p style=\"text-align: justify;\"><span style=\"color: #008000;\">Cher-e-s camarades du Parti de Gauche,<\/span><\/p>\n<p style=\"text-align: justify;\"><span style=\"color: #008000;\">\u00a0<\/span><\/p>\n<p style=\"text-align: justify;\"><span style=\"color: #008000;\">Nous avons eu connaissance de votre motion \u00ab A propos des langues r\u00e9gionales et minoritaires \u00bb.<\/span><\/p>\n<p style=\"text-align: justify;\"><span style=\"color: #008000;\">Avant d&rsquo;entrer dans le fond de cette question, permettez-nous d&rsquo;exprimer notre \u00e9tonnement sur le principe et le moment choisis <!--more-->pour cette motion. Si la promotion des langues r\u00e9gionales n&rsquo;avait pas pour votre parti l&rsquo;importance que nous les Alternatifs lui accordons, quelle \u00e9tait l&rsquo;urgence d&rsquo;une telle motion clivante ? Au risque \u00e9vident de placer une pomme de discorde entre le PG\/FdG et les Alternatifs dont la position ancienne sur le sujet est bien connue de vous \u2026\u00a0\u00a0\u00a0\u00a0\u00a0\u00a0\u00a0\u00a0\u00a0\u00a0\u00a0\u00a0\u00a0\u00a0\u00a0 <\/span><\/p>\n<p style=\"text-align: justify;\">Voyons maintenant ce qui dans ce texte fait probl\u00e8me.<\/p>\n<p style=\"text-align: justify;\">Car il contient un grand nombre d&rsquo;erreurs.<\/p>\n<p style=\"text-align: justify;\">&gt;<strong> 1.<\/strong> <strong>Il n&rsquo;y a pas d&rsquo;atteinte \u00e0 l&rsquo;\u00e9galit\u00e9 r\u00e9publicaine dans la promotion des langues r\u00e9gionales \u00e0 l&rsquo;\u00e9cole :<\/strong> chacun a le droit de choisir une \u00e9ducation bilingue pour son enfant. Donc ce n&rsquo;est pas l&rsquo;exigence d&rsquo;un \u00ab\u00a0droit particulier pour des groupes particuliers\u00a0\u00bb.<\/p>\n<p style=\"text-align: justify;\">C&rsquo;est le refus de ce droit \u00e9ducatif pour tous qui est une entrave \u00e0 l&rsquo;\u00e9galit\u00e9 des droits.<\/p>\n<p style=\"text-align: justify;\">Dire le contraire rel\u00e8ve de l&rsquo;id\u00e9ologie.<\/p>\n<p style=\"text-align: justify;\"><strong>2.<\/strong> <strong>Personne, aucun syst\u00e8me scolaire en France ne propose ni ne pratique l&rsquo;immersion \u00ab\u00a0pendant toute la scolarit\u00e9\u00a0\u00bb<\/strong> comme l&rsquo;affirme votre motion : l&rsquo;immersion chez Diwan ou dans les Ikastolas et les Calendretas pr\u00e9pare un cursus bilingue qui donne au fran\u00e7ais toute sa place d\u00e8s le milieu du primaire. Il s&rsquo;agit donc l\u00e0 d&rsquo;une contre-v\u00e9rit\u00e9 pure et simple.<\/p>\n<p style=\"text-align: justify;\">\u00a0\u00a0\u00a0\u00a0\u00a0\u00a0\u00a0\u00a0\u00a0\u00a0\u00a0\u00a0\u00a0 3. Rappelons ici que <strong>l&rsquo;\u00e9cole de Jules Ferry a pratiqu\u00e9 bien avant tout le monde l&rsquo;immersion &#8230; en fran\u00e7ais : <\/strong>c&rsquo;est m\u00eame comme cela qu&rsquo;ont \u00e9t\u00e9 \u00e9radiqu\u00e9es les langues de France.<\/p>\n<p style=\"text-align: justify;\">Mais l&rsquo;immersion chez Diwan n&rsquo;est pas \u00e9radicatrice, elle, et ce n&rsquo;est pas son but : le fran\u00e7ais est omnipr\u00e9sent dans la vie familiale, sociale et scolaire de l&rsquo;\u00e9l\u00e8ve. Evaluations de l&rsquo;Education nationale \u00e0 l&rsquo;appui !<\/p>\n<p style=\"text-align: justify;\"><strong>4. La langue commune de tous est partout le fran\u00e7ais<\/strong> et tous les \u00e9l\u00e8ves de France l&rsquo;apprennent et la pratiquent : vous ne pourrez en aucun cas pr\u00e9tendre le contraire.<br \/>\n&gt;<\/p>\n<p style=\"text-align: justify;\"><strong>5. Que signifie \u00ab\u00a0langue de r\u00e9f\u00e9rence\u00a0\u00bb dans le texte de la motion ?<\/strong><\/p>\n<p style=\"text-align: justify;\">Il y a d\u00e9j\u00e0 l&rsquo;Abibac (bac fran\u00e7ais-allemand), le bac fran\u00e7ais-italien (en Vall\u00e9e d&rsquo;Aoste, avec le soutien du Quai d&rsquo;Orsay), des cursus bilingues (Lyc\u00e9es internationaux de St Germain-en-Laye, de Lyon, de Strasbourg, de Grenoble et de Valbonne-Sophia Antipolis), h\u00e9las trop \u00e9litistes mais n\u00e9anmoins publics et ouverts \u00e0 tous. Il existe un bac breton pour les \u00e9l\u00e8ves qui en feraient le choix (sauf pour les \u00e9preuves de fran\u00e7ais) : le PG veut-il le remettre en question ?<\/p>\n<p style=\"text-align: justify;\">Ce serait une bataille d&rsquo;arri\u00e8re-garde \u2026<\/p>\n<p style=\"text-align: justify;\"><strong>6. Ce serait faire preuve de myopie culturelle et politique de mettre sur le m\u00eame plan les langues mortes, les langues internationales et les langues r\u00e9gionales !<\/strong> Outre un aveuglement sur l&rsquo;histoire et sur le patrimoine ! Ainsi que sur la pr\u00e9sence de beaux restes, de nombreux locuteurs envers et contre tout.<\/p>\n<p style=\"text-align: justify;\">Oui, les langues de France sont une cat\u00e9gorie \u00e0 part et la motion du PG est de ce point de vue en retard sur la loi de reconnaissance des langues de France <strong>dans la Constitution.<\/strong><\/p>\n<p style=\"text-align: justify;\"><strong><br \/>\n7. Dans ces conditions la r\u00e9affirmation par le PG d&rsquo;une \u00ab\u00a0valorisation de tout patrimoine culturel\u00a0\u00bb prend la dimension d&rsquo;un habillage cosm\u00e9tique d&rsquo;un centralisme culturel d&rsquo;un autre temps.\u00a0\u00a0\u00a0\u00a0\u00a0\u00a0\u00a0\u00a0\u00a0\u00a0\u00a0\u00a0\u00a0\u00a0\u00a0\u00a0\u00a0\u00a0\u00a0\u00a0\u00a0\u00a0\u00a0\u00a0\u00a0\u00a0\u00a0\u00a0\u00a0\u00a0\u00a0\u00a0\u00a0\u00a0\u00a0\u00a0\u00a0\u00a0\u00a0\u00a0\u00a0\u00a0\u00a0\u00a0 <\/strong><\/p>\n<p style=\"text-align: justify;\"><strong>8. Le soutien apport\u00e9 par votre motion \u00e0 un enseignement optionnel des langues r\u00e9gionales est ambigu :<\/strong> en effet, le cursus bilingue fran\u00e7ais-breton est d&rsquo;ores et d\u00e9j\u00e0 un libre choix des familles.<\/p>\n<p style=\"text-align: justify;\">R\u00e9affirmer un soutien ici (apr\u00e8s toutes les r\u00e9serves \u00e9mises) prend plut\u00f4t le sens d&rsquo;un appel \u00e0 une option \u00e0 petits horaires et de peu d&rsquo;importance : est-ce cela le souhait du PG pour le breton ? Retour \u00e0 la case &lsquo;Habillage cosm\u00e9tique&rsquo; \u2026?<\/p>\n<p style=\"text-align: justify;\"><strong>9. On comprend mieux d\u00e8s lors le refus oppos\u00e9 par le PG \u00e0 la Charte europ\u00e9enne des langues r\u00e9gionales :<\/strong> ce refus apparente la minorisation des langues de France \u00e0 un communautarisme de monolingues francophones qui ne tol\u00e9reraient pas les richesses culturelles des autres.<\/p>\n<p style=\"text-align: justify;\"><strong>10. Sur un point nous ne pouvons qu&rsquo;approuver la motion du PG : l&rsquo;opposition \u00e0 l&rsquo;Europe lib\u00e9rale \u00ab\u00a0qui vise \u00e0 la mise en concurrence des territoires et \u00e0 affaiblir le r\u00f4le r\u00e9gulateur des Etats\u00a0\u00bb.<\/strong><\/p>\n<p style=\"text-align: justify;\">Mais la promotion des langues et la Charte europ\u00e9enne n&rsquo;ont rien \u00e0 voir avec ce lib\u00e9ralisme qui veut le basculement de toute l&rsquo;\u00e9ducation dans l&rsquo;escarcelle du priv\u00e9.<\/p>\n<p style=\"text-align: justify;\">Ce n&rsquo;est pas la m\u00eame chose.<\/p>\n<p style=\"text-align: justify;\">En revanche, les nombreuses ouvertures de classes bilingues <strong>publiques <\/strong>dans l&rsquo;Education nationale prouvent la vitalit\u00e9 de la demande de bilinguisme (non d&rsquo;\u00e9radication du fran\u00e7ais).<\/p>\n<p style=\"text-align: justify;\"><strong><span style=\"color: #3366ff;\">\u00a0\u00a0\u00a0\u00a0\u00a0\u00a0\u00a0\u00a0\u00a0\u00a0\u00a0\u00a0\u00a0\u00a0\u00a0\u00a0\u00a0\u00a0\u00a0\u00a0 <span style=\"text-decoration: underline;\">En conclusion :<\/span><\/span><\/strong><\/p>\n<p style=\"text-align: justify;\">\u00a0\u00a0\u00a0\u00a0\u00a0\u00a0\u00a0\u00a0\u00a0\u00a0\u00a0\u00a0\u00a0\u00a0\u00a0\u00a0\u00a0\u00a0\u00a0\u00a0 1. Il nous appara\u00eet que <span style=\"color: #008000;\"><strong><em>notre 6e R\u00e9publique<\/em><\/strong> <\/span>\u2013 exigence que nous partageons \u2013 <strong><em><span style=\"color: #008000;\">ne sera pas fond\u00e9e sur des valeurs ethniques , si elle respecte les langues et les cultures de tous.<\/span><\/em><\/strong><\/p>\n<p style=\"text-align: justify;\">La condition de son universalisme et de sa la\u00efcit\u00e9, c&rsquo;est justement le rejet de toute barri\u00e8re entre les citoyens.<\/p>\n<p style=\"text-align: justify;\">Or <span style=\"color: #008000;\"><strong>les bilingues n&rsquo;\u00e9rigent pas des barri\u00e8res, mais des ponts.<\/strong><\/span><\/p>\n<p style=\"text-align: justify;\">L&rsquo;\u00e9ducation bilingue avec le fran\u00e7ais et une langue r\u00e9gionale ou autre ne cr\u00e9e pas des clivages, mais des ouvertures. Ceux qui refusent ce droit \u00e0 une \u00e9ducation ouverte aux r\u00e9alit\u00e9s patrimoniales et r\u00e9gionales, se profileraient en cas d&rsquo;insistance maintenue comme des communautaristes qui s&rsquo;ignorent, emport\u00e9s par un monolinguisme id\u00e9ologique.<\/p>\n<p style=\"text-align: justify;\">2. En effet, <span style=\"color: #008000;\">la ma\u00eetrise d&rsquo;une langue r\u00e9gionale ou minoritaire ne se fait pas au d\u00e9triment du fran\u00e7ais. <\/span>Le citoyen bi-ou plurilingue n&rsquo;est pas un mauvais citoyen, dans dans bien des cas il est un citoyen plus ouvert \u00e0 l&rsquo;Autre.<\/p>\n<p style=\"text-align: justify;\">3. Enfin, <span style=\"color: #008000;\">ne pas reconna\u00eetre ces r\u00e9alit\u00e9s tourne le dos aux acquis de la psycholinguistique, mais aussi \u00e0 toute construction politique autogestionnaire et m\u00eame d\u00e9mocratique.<\/span><\/p>\n<p style=\"text-align: justify;\">4. Nous voulons insister aupr\u00e8s de vous, chers camarades du PG, sur le fait que <span style=\"color: #008000;\">la question des langues en g\u00e9n\u00e9ral ne rel\u00e8ve pas du champ des opinions, mais des r\u00e9alit\u00e9s m\u00eames des \u00eatres vivants, des personnes et des citoyens dans leurs vies, dans leurs affects et leur int\u00e9gration sociale.<\/span><\/p>\n<p style=\"text-align: justify;\">C&rsquo;est en ce sens qu&rsquo;elle rel\u00e8ve de nos conceptions d\u00e9mocratiques les plus profondes.<\/p>\n<p style=\"text-align: justify;\">Dans un pass\u00e9 pas si lointain, c&rsquo;est bien cette carence d\u00e9mocratique qui a permis le m\u00e9pris colonial, l&rsquo;arrogance des colonisateurs lanc\u00e9s tant\u00f4t dans des ethnocides (Am\u00e9rindiens et Aborig\u00e8nes d&rsquo;Australie), tant\u00f4t dans de v\u00e9ritables g\u00e9nocides (Indiens d&rsquo;Am\u00e9rique du Nord, Africains, Malgaches).<\/p>\n<p style=\"text-align: justify;\"><strong><span style=\"color: #008000;\">Le combat pour la diversit\u00e9 linguistique dans le monde et la d\u00e9fense des langues partout est un combat INDIVISIBLE et que nous avons eu l&rsquo;occasion de rappeler dans la contribution critique sur le Programme Populaire Partag\u00e9 que nous avons r\u00e9cemment adress\u00e9 \u00e0 leur demande aux composantes du Front de Gauche<\/span><\/strong><\/p>\n<p style=\"text-align: justify;\">Nous attendrons avec int\u00e9r\u00eat vos r\u00e9actions \u00e0 ces commentaires et explications pour nous essentielles et nous vous en remercions d&rsquo;avance.<\/p>\n<p style=\"text-align: justify;\">&gt;<\/p>\n<p style=\"text-align: justify;\"><strong>L&rsquo;EXECUTIF DES ALTERNATIFS<\/strong><br \/>\n&gt;<br \/>\n&gt; &#8212;&#8212;&#8212;&#8212;&#8212;&#8212;&#8212;&#8212;&#8212;&#8212;&#8212;&#8212;&#8212;&#8212;&#8212;&#8212;&#8212;&#8212;&#8212;&#8212;&#8212;&#8212;&#8212;&#8212;&#8212;&#8211;<\/p>\n<p style=\"text-align: justify;\">&gt;<\/p>\n<p style=\"text-align: justify;\"><strong>LA POSITION DU PARTI DE GAUCHE \u00a0<\/strong><\/p>\n<p style=\"text-align: justify;\"><strong>A propos des langues r\u00e9gionales et minoritaires <\/strong><\/p>\n<p style=\"text-align: justify;\"><em>Le Parti de Gauche est parfois interpell\u00e9 sur la question des langues r\u00e9gionales et\/ou minoritaires et leur enseignement. Nous voulons, avec cet argumentaire, affirmer et pr\u00e9ciser notre position de principe sur ce th\u00e8me. <\/em><\/p>\n<p style=\"text-align: justify;\"><strong>La France s&rsquo;est dot\u00e9e, depuis les ann\u00e9es cinquante, d\u2019un cadre l\u00e9gislatif protecteur pour les langues r\u00e9gionales. <\/strong><\/p>\n<p style=\"text-align: justify;\">L\u2019apprentissage des langues r\u00e9gionales et minoritaires est possible dans l\u2019enseignement public : basque, breton, catalan, occitan, corse, tahitien, ainsi que 4 langues m\u00e9lan\u00e9siennes. Les langues r\u00e9gionales et minoritaires sont prises en compte pour l\u2019obtention du bac.<\/p>\n<p style=\"text-align: justify;\">Rien donc n&#8217;emp\u00eache dans les textes la pratique des langues r\u00e9gionales pour celles et ceux qui le souhaitent.<\/p>\n<p style=\"text-align: justify;\"><strong>Ce d\u00e9bat a lieu dans un contexte g\u00e9n\u00e9ral d&rsquo;offensive lib\u00e9rale<\/strong>.<\/p>\n<p style=\"text-align: justify;\">En particulier, la r\u00e9forme des collectivit\u00e9s territoriales constitue l&rsquo;un des dispositifs de ce projet de concentrations impos\u00e9es, renfor\u00e7ant la concurrence et les in\u00e9galit\u00e9s entre les territoires et nourrissant les in\u00e9galit\u00e9s sociales. De plus, la question d&rsquo;un acte III de la d\u00e9centralisation est aujourd&rsquo;hui ouverte dans le d\u00e9bat public. Cette contre-r\u00e9forme et ces projets ne font qu\u2019ob\u00e9ir aux directives europ\u00e9ennes qui visent \u00e0 transformer la France en une juxtaposition de provinces et de grandes m\u00e9tropoles en comp\u00e9tition les unes avec les autres dans le cadre du grand march\u00e9 transnational de la concurrence libre et non fauss\u00e9e.<\/p>\n<p style=\"text-align: justify;\">La droite m\u00e8ne cette offensive lib\u00e9rale, elle qui orchestre la grande braderie du service public de l&rsquo;\u00e9ducation nationale : suppressions de postes, marchandisation et mise en concurrence avec l&rsquo;enseignement priv\u00e9 qui se voit accorder toujours plus de privil\u00e8ges. Ainsi s&rsquo;organise l&rsquo;acc\u00e8s aux savoirs sous conditions de fortune, qui renforce les in\u00e9galit\u00e9s sociales devant l&rsquo;acc\u00e8s au droit \u00e0 l&rsquo;\u00e9ducation.<\/p>\n<p style=\"text-align: justify;\"><strong>Les arguments qui sont avanc\u00e9s pour aller encore plus loin dans l&rsquo;enseignement public des langues r\u00e9gionales ne sont pas recevables pour nous. <\/strong><\/p>\n<p style=\"text-align: justify;\">L&rsquo;antagonisme entre les principes r\u00e9publicains et la prise en compte d&rsquo;un patrimoine culturel et linguistique, avanc\u00e9 par certains, est factice : parce que nous sommes toutes et tous diff\u00e9rents, tout en \u00e9tant avant tout des semblables, nous avons besoin d\u2019\u00e9galit\u00e9. Revendiquer des droits particuliers \u00e0 une cat\u00e9gorie de la population au nom des diff\u00e9rences, est une atteinte \u00e0 l\u2019\u00e9galit\u00e9 r\u00e9publicaine.<\/p>\n<p style=\"text-align: justify;\">Dispenser un enseignement public uniquement dans la langue de son choix, y compris en immersion, au d\u00e9triment de l&rsquo;apprentissage de la langue commune, le fran\u00e7ais, signifierait que des groupes entiers de locuteurs ne se verraient enseigner durant toute leur scolarit\u00e9 qu&rsquo;une langue compr\u00e9hensible uniquement par une fraction de la population de notre pays. Nous r\u00e9affirmons avec vigueur notre attachement au maintien d&rsquo;une langue v\u00e9hiculaire commune permettant \u00e0 tous les citoyens de se comprendre. Le fran\u00e7ais doit \u00eatre la langue de r\u00e9f\u00e9rence unique dans l&rsquo;ensemble du service public d&rsquo;\u00e9ducation.<\/p>\n<p style=\"text-align: justify;\">C&rsquo;est aussi une erreur de faire des langues r\u00e9gionales une cat\u00e9gorie \u00e0 part par rapport aux autres langues : par exemple les langues mortes et les autres langues \u00e9trang\u00e8res dans leur diversit\u00e9.<\/p>\n<p style=\"text-align: justify;\"><strong>Nos principes et propositions :<\/strong><\/p>\n<p style=\"text-align: justify;\">Le PG r\u00e9affirme son attachement aux principes r\u00e9publicains qui sont \u00e9videmment compatibles avec la valorisation de tout patrimoine culturel.<\/p>\n<p style=\"text-align: justify;\">Le PG s&rsquo;oppose au projet lib\u00e9ral de l&rsquo;Europe des r\u00e9gions qui vise \u00e0 la mise en concurrence des territoires et affaiblir le r\u00f4le r\u00e9gulateur des \u00e9tats. Pour le PG, l&rsquo;Etat devrait d&rsquo;ailleurs \u00eatre un rempart contre la d\u00e9r\u00e9gulation n\u00e9olib\u00e9rale qui d\u00e9truit les solidarit\u00e9s et les services publics.<\/p>\n<p style=\"text-align: justify;\">Le PG rappelle son attachement \u00e0 l\u2019attribution exclusive des fonds publics \u00e0 l\u2019enseignement public.<\/p>\n<p style=\"text-align: justify;\">Le PG r\u00e9affirme son attachement \u00e0 l\u2019apprentissage par toutes et tous de la langue fran\u00e7aise d\u00e8s le plus jeune \u00e2ge comme garantie de la coh\u00e9sion nationale et s&rsquo;oppose \u00e0 l&rsquo;institution de droits particuliers pour des groupes particuliers. Nous r\u00e9affirmons l&rsquo;unit\u00e9 et l&rsquo;indivisibilit\u00e9 de la R\u00e9publique par la pr\u00e9servation d\u2019un langage commun.<\/p>\n<p style=\"text-align: justify;\"><strong><em>Le PG n&rsquo;est pas pour la ratification de la Charte europ\u00e9enne des langues r\u00e9gionales et minoritaires car elle impose d&rsquo;introduire des droits particuliers pour une cat\u00e9gorie de citoyens.<\/em><\/strong><\/p>\n<p style=\"text-align: justify;\"><strong><em>Le PG est favorable \u00e0 l\u2019enseignement des langues minoritaires de mani\u00e8re optionnelle dans le cadre du service public d&rsquo;\u00e9ducation.<\/em><\/strong><\/p>\n<p style=\"text-align: justify;\"><strong><em>Le PG r\u00e9affirme que le fran\u00e7ais est la langue administrative et la langue v\u00e9hiculaire commune<\/em><\/strong>.<\/p>\n<gcse:search><\/gcse:search>","protected":false},"excerpt":{"rendered":"<p>\u00a0\u00a0\u00a0\u00a0\u00a0\u00a0\u00a0\u00a0\u00a0\u00a0\u00a0\u00a0\u00a0\u00a0\u00a0\u00a0\u00a0\u00a0\u00a0\u00a0\u00a0\u00a0\u00a0\u00a0\u00a0 DEBAT LANGUES REGIONALES ET MINORITAIRES \u00a0\u00a0\u00a0\u00a0\u00a0\u00a0 \u00a0\u00a0\u00a0 Le Parti de Gauche a fait conna\u00eetre sa position sur les langues r\u00e9gionales et minoritaires. Voici l&rsquo;apport de l&rsquo;Ex\u00e9cutif des Alternatifs au d\u00e9bat , il s&rsquo;appuie pour l&rsquo;essentiel sur une contribution de notre camarade Gilbert Dalgalian. \u00a0 Cher-e-s camarades du Parti de Gauche, \u00a0 Nous avons eu [&hellip;]<\/p>\n","protected":false},"author":1,"featured_media":0,"comment_status":"open","ping_status":"closed","sticky":true,"template":"","format":"standard","meta":{"footnotes":""},"categories":[208,6],"tags":[34,65,209,23],"class_list":["post-3466","post","type-post","status-publish","format-standard","hentry","category-langues-regionales-et-minoritaires","category-notre-projet","tag-alternatifs","tag-education","tag-langues-regionales","tag-luttes"],"_links":{"self":[{"href":"https:\/\/alternatifs81.fr\/index.php?rest_route=\/wp\/v2\/posts\/3466","targetHints":{"allow":["GET"]}}],"collection":[{"href":"https:\/\/alternatifs81.fr\/index.php?rest_route=\/wp\/v2\/posts"}],"about":[{"href":"https:\/\/alternatifs81.fr\/index.php?rest_route=\/wp\/v2\/types\/post"}],"author":[{"embeddable":true,"href":"https:\/\/alternatifs81.fr\/index.php?rest_route=\/wp\/v2\/users\/1"}],"replies":[{"embeddable":true,"href":"https:\/\/alternatifs81.fr\/index.php?rest_route=%2Fwp%2Fv2%2Fcomments&post=3466"}],"version-history":[{"count":0,"href":"https:\/\/alternatifs81.fr\/index.php?rest_route=\/wp\/v2\/posts\/3466\/revisions"}],"wp:attachment":[{"href":"https:\/\/alternatifs81.fr\/index.php?rest_route=%2Fwp%2Fv2%2Fmedia&parent=3466"}],"wp:term":[{"taxonomy":"category","embeddable":true,"href":"https:\/\/alternatifs81.fr\/index.php?rest_route=%2Fwp%2Fv2%2Fcategories&post=3466"},{"taxonomy":"post_tag","embeddable":true,"href":"https:\/\/alternatifs81.fr\/index.php?rest_route=%2Fwp%2Fv2%2Ftags&post=3466"}],"curies":[{"name":"wp","href":"https:\/\/api.w.org\/{rel}","templated":true}]}}