{"id":3415,"date":"2011-11-16T00:37:38","date_gmt":"2011-11-15T22:37:38","guid":{"rendered":"http:\/\/alternatifs81.fr\/?p=3415"},"modified":"2011-12-28T14:37:22","modified_gmt":"2011-12-28T12:37:22","slug":"vers-un-totalitarisme-rampant%e2%80%a6un-texte-de-patrick-mignard","status":"publish","type":"post","link":"https:\/\/alternatifs81.fr\/?p=3415","title":{"rendered":"VERS UN TOTALITARISME RAMPANT\u2026Un texte de Patrick MIGNARD"},"content":{"rendered":"<p style=\"text-align: center;\"><strong><span style=\"color: #0000ff;\">VERS UN TOTALITARISME RAMPANT\u2026<\/span><\/strong><\/p>\n<p style=\"text-align: justify;\"><strong>\u00a0<a href=\"http:\/\/alternatifs81.fr\/wp-content\/uploads\/6page11_nuages-noirs-3.jpg\" rel=\"lightbox[3415]\"><\/a>\u00a0\u00a0<a href=\"http:\/\/alternatifs81.fr\/wp-content\/uploads\/nuages-noirs-pix.jpg\" rel=\"lightbox[3415]\"><img loading=\"lazy\" decoding=\"async\" class=\"alignleft size-medium wp-image-3556\" style=\"margin: 10px;\" title=\"nuages-noirs-pix\" src=\"http:\/\/alternatifs81.fr\/wp-content\/uploads\/nuages-noirs-pix-300x200.jpg\" alt=\"\" width=\"216\" height=\"144\" srcset=\"https:\/\/alternatifs81.fr\/wp-content\/uploads\/nuages-noirs-pix-300x200.jpg 300w, https:\/\/alternatifs81.fr\/wp-content\/uploads\/nuages-noirs-pix.jpg 598w\" sizes=\"auto, (max-width: 216px) 100vw, 216px\" \/><\/a>\u00a0\u00a0\u00a0\u00a0\u00a0\u00a0\u00a0\u00a0\u00a0\u00a0\u00a0\u00a0\u00a0\u00a0\u00a0\u00a0\u00a0\u00a0\u00a0\u00a0\u00a0\u00a0\u00a0\u00a0\u00a0\u00a0\u00a0\u00a0\u00a0\u00a0\u00a0\u00a0\u00a0\u00a0\u00a0\u00a0\u00a0\u00a0\u00a0\u00a0\u00a0\u00a0\u00a0\u00a0\u00a0\u00a0\u00a0\u00a0\u00a0\u00a0\u00a0\u00a0\u00a0\u00a0\u00a0\u00a0\u00a0\u00a0\u00a0\u00a0\u00a0\u00a0\u00a0\u00a0\u00a0\u00a0\u00a0\u00a0\u00a0\u00a0\u00a0\u00a0\u00a0\u00a0\u00a0\u00a0\u00a0\u00a0\u00a0\u00a0\u00a0\u00a0\u00a0\u00a0\u00a0\u00a0\u00a0\u00a0\u00a0\u00a0\u00a0 <\/strong><strong><span style=\"color: #008000;\">La derni\u00e8re p\u00e9rip\u00e9tie grecque, qui consiste \u00e0 passer outre l\u2019opinion du peuple en vue de la d\u00e9termination d\u2019une politique qui le concerne au premier chef, n\u2019est ni une erreur, ni un faux pas dans la pr\u00e9cipitation impos\u00e9e par la crise financi\u00e8re.<\/span><\/strong><\/p>\n<p style=\"text-align: justify;\">\u00a0\u00a0\u00a0 L\u2019\u00e9pisode Irlandais pour imposer au peuple son entr\u00e9e dans l\u2019Europe et l\u2019\u00e9pisode du Trait\u00e9 Constitutionnel Europ\u00e9en impos\u00e9 aux <!--more-->Fran\u00e7ais via le Parlement, alors qu\u2019il l\u2019avait refus\u00e9 par r\u00e9f\u00e9rendum,\u2026 entrent dans une logique politique qui tend aujourd\u2019hui \u00e0 devenir une pratique courante.<\/p>\n<p style=\"text-align: justify;\"><strong>LES NOUVELLES CONTRAINTES DU CAPITALISME<\/strong><\/p>\n<p style=\"text-align: justify;\">On savait depuis des d\u00e9cennies, et m\u00eame pourrait-on dire depuis sa domination au 19<sup>e<\/sup> si\u00e8cle, que l\u2019imp\u00e9ratif du capital \u00e9tait, et est, de prosp\u00e9rer en exploitant la force de travail et toutes les autres techniques \u2013 financi\u00e8res en particulier &#8211; qui pourraient servir son objectif principal,\u2026 <em>faire de l\u2019argent<\/em>.<\/p>\n<p style=\"text-align: justify;\">Tant que cette activit\u00e9 s\u2019est d\u00e9roul\u00e9e au sein m\u00eame des grands pays industriels \u2013 ceux l\u00e0 m\u00eame o\u00f9 est n\u00e9 le capitalisme -, sous leur contr\u00f4le et avec la possibilit\u00e9 de piller consciencieusement, et sans opposition, les richesses de la plan\u00e8te, le capital a pu, et su, se montrer relativement g\u00e9n\u00e9reux pour celles et ceux qu\u2019il exploitait.\u00a0\u00a0\u00a0\u00a0\u00a0\u00a0\u00a0\u00a0\u00a0\u00a0\u00a0\u00a0\u00a0\u00a0\u00a0\u00a0\u00a0\u00a0\u00a0\u00a0\u00a0\u00a0\u00a0\u00a0\u00a0\u00a0\u00a0\u00a0\u00a0\u00a0\u00a0\u00a0\u00a0\u00a0\u00a0<a href=\"http:\/\/alternatifs81.fr\/wp-content\/uploads\/30-01-2011-3-Small-.jpg\" rel=\"lightbox[3415]\"><\/a>\u00a0<\/p>\n<p style=\"text-align: justify;\">La lutte entre exploiteurs et exploit\u00e9s a \u00e9t\u00e9 dure, mais ces derniers ont r\u00e9ussi \u00e0 arracher des avantages \u00e9conomique et sociaux constituant ce que nous appelons aujourd\u2019hui les \u00ab <em>acquis sociaux<\/em> \u00bb.<\/p>\n<p style=\"text-align: justify;\">Les premiers avaient d\u2019ailleurs int\u00e9r\u00eats \u00e0 c\u00e9der ne serait ce que pour s\u2019assurer une paix sociale propice aux affaires\u2026<\/p>\n<p style=\"text-align: justify;\">Les conditions d\u2019apr\u00e8s la 2<sup>e<\/sup> Guerre Mondiale, et surtout apr\u00e8s la d\u00e9colonisation ont \u00ab redistribu\u00e9 les cartes \u00bb. Les conditions de valorisation du Capital se sont internationalis\u00e9es, d\u00e9bordant les fronti\u00e8res protectrices des \u00ab \u00e9tats-nation \u00bb\u2026 ouvrant la voie \u00e0 une d\u00e9r\u00e9glementation financi\u00e8re et faisant basculer le capitalisme d\u2019un \u00ab <em>capitalisme industriel<\/em> \u00bb \u00e0 un \u00ab <em>capitalisme financier<\/em> \u00bb, autrement dit vers des activit\u00e9s financi\u00e8res pourvoyeuses de profits jamais r\u00e9alis\u00e9s auparavant. C\u2019est donc tout \u00e0 fait logiquement <strong>que l\u2019<em>\u00e9conomie r\u00e9elle<\/em>, celle des entreprises, des m\u00e9nages, est devenue, en quelque sorte, la <em>variable d\u2019ajustement<\/em> de l\u2019<em>\u00e9conomie financi\u00e8re<\/em>, celle des march\u00e9s financiers. <\/strong><\/p>\n<p style=\"text-align: justify;\">Les Etats, quelle que soit leur couleur politique, ont \u00e9t\u00e9 complice de cette \u00e9volution, faisant le choix d\u2019assurer cette lib\u00e9ralisation de l\u2019\u00e9conomie. Pas seulement la finance, mais aussi les services publics, la sant\u00e9, l\u2019Ecole, les retraites,\u2026<\/p>\n<p style=\"text-align: justify;\">Le r\u00f4le d\u2019<em>arbitrage<\/em> de l\u2019Etat, traditionnel dans l\u2019Etat-nation en p\u00e9riode de capitalisme industriel, a quasiment disparu\u2026 Seul prime l\u2019int\u00e9r\u00eat du Capital d\u00e9s lors mondialis\u00e9.<\/p>\n<p style=\"text-align: justify;\">Les salari\u00e9s, marginalis\u00e9s, atomis\u00e9s et affaiblis, dans un rapport de force d\u00e9favorable, sont d\u00e9sormais \u00e0 la merci des exigences des acteurs financiers de l\u2019\u00e9conomie. Leurs acquis sociaux sont peu \u00e0 peu rogn\u00e9s.<\/p>\n<p style=\"text-align: justify;\">L\u2019Etat reprend son r\u00f4le traditionnel de garant du syst\u00e8me et impose, sans discussion, l\u2019ordre au service des int\u00e9r\u00eats du capital.<\/p>\n<p style=\"text-align: justify;\"><strong><a href=\"http:\/\/alternatifs81.fr\/wp-content\/uploads\/p\u00e9gase11.bmp\" rel=\"lightbox[3415]\"><\/a>\u00a0\u00a0\u00a0\u00a0\u00a0\u00a0\u00a0\u00a0\u00a0\u00a0\u00a0\u00a0\u00a0\u00a0 POURQUOI UNE TENDANCE TOTALITAIRE ?<\/strong><\/p>\n<p style=\"text-align: justify;\">\u00a0\u00a0\u00a0\u00a0\u00a0\u00a0\u00a0\u00a0\u00a0\u00a0\u00a0\u00a0\u00a0\u00a0\u00a0Cette nouvelle situation a des cons\u00e9quences consid\u00e9rables dans la sph\u00e8re du politique.<\/p>\n<p style=\"text-align: justify;\">Ce que nous appelons la <em>d\u00e9mocratie<\/em>, \u00e9tait fond\u00e9e sur une situation dans laquelle la soci\u00e9t\u00e9 offrait des conditions d\u2019existence plus ou moins acceptables aux salari\u00e9s,\u2026 mais encore avaient-ils un emploi, un revenu et pouvaient-ils revendiquer, lutter pour am\u00e9liorer leurs conditions de vie. C\u2019est cette situation qui explique probablement que <em>dans aucun pays capitaliste d\u00e9velopp\u00e9, la classe ouvri\u00e8re n\u2019a jamais renvers\u00e9 le syst\u00e8me qui l\u2019opprimait<\/em>\u2026 la situation \u00e9tait supportable et offrait des perspectives d\u2019am\u00e9lioration.<\/p>\n<p style=\"text-align: justify;\"><span style=\"color: #008000;\">Aujourd\u2019hui, les conditions de d\u00e9veloppement du capitalisme peut largement, en particulier dans les vieux pays industrialis\u00e9s, se passer de la force de travail disponible dans la soci\u00e9t\u00e9\u2026 <\/span><\/p>\n<p style=\"text-align: justify;\">Ceci explique <strong>l\u2019extension de l\u2019<em>exclusion<\/em>, qui a pris le pas sur ce qu\u2019\u00e9tait l\u2019<em>exploitation<\/em>.\u00a0\u00a0<\/strong><\/p>\n<p style=\"text-align: justify;\"><strong><span style=\"color: #808000;\">Autrefois on luttait contre l\u2019<em>exploitation<\/em> capitaliste, aujourd\u2019hui on craint l\u2019<em>exclusion<\/em>.\u00a0\u00a0\u00a0\u00a0\u00a0\u00a0\u00a0\u00a0\u00a0\u00a0\u00a0\u00a0\u00a0\u00a0\u00a0\u00a0\u00a0\u00a0\u00a0\u00a0\u00a0\u00a0\u00a0\u00a0\u00a0\u00a0\u00a0\u00a0\u00a0\u00a0\u00a0\u00a0\u00a0\u00a0\u00a0\u00a0\u00a0\u00a0\u00a0\u00a0\u00a0\u00a0\u00a0\u00a0\u00a0\u00a0\u00a0\u00a0\u00a0\u00a0\u00a0\u00a0\u00a0\u00a0 <a href=\"http:\/\/alternatifs81.fr\/wp-content\/uploads\/p\u00e9gase2.bmp\" rel=\"lightbox[3415]\"><img decoding=\"async\" class=\"alignright size-full wp-image-3419\" title=\"p\u00e9gase2\" src=\"http:\/\/alternatifs81.fr\/wp-content\/uploads\/p\u00e9gase2.bmp\" alt=\"\" \/><\/a>\u00a0\u00a0\u00a0\u00a0\u00a0\u00a0\u00a0\u00a0\u00a0\u00a0\u00a0\u00a0\u00a0\u00a0\u00a0\u00a0\u00a0\u00a0\u00a0\u00a0\u00a0\u00a0\u00a0\u00a0\u00a0\u00a0\u00a0\u00a0\u00a0\u00a0\u00a0\u00a0\u00a0\u00a0\u00a0\u00a0\u00a0\u00a0\u00a0\u00a0\u00a0\u00a0 <\/span><\/strong><\/p>\n<p style=\"text-align: justify;\">Les salari\u00e9s n\u2019ont plus face \u00e0 eux des patrons, en chair et en os, mais des entit\u00e9s \u00e9vanescentes et insaisissables : les march\u00e9s.<\/p>\n<p style=\"text-align: justify;\">Or, un syst\u00e8me qui est incapable de <em>produire du lien social<\/em>, de la coh\u00e9sion sociale \u2013 ici le <em>salariat<\/em> \u2013 est forc\u00e9ment fragilis\u00e9 quant \u00e0 l\u2019ordre qu\u2019il doit faire r\u00e9gner. Le Capital ne payant plus, les conqu\u00eates sociales \u00e9tant inexistantes, la r\u00e9gression sociale g\u00e9n\u00e9ralis\u00e9e, l\u2019exclusion s\u2019\u00e9tendant \u00e0 toutes les couches de la soci\u00e9t\u00e9,\u2026seule la force, la contrainte, la r\u00e9pression deviennent les moyens de la stabilit\u00e9.<\/p>\n<p style=\"text-align: justify;\">Tant que l\u2019illusion de la \u00ab d\u00e9mocratie politique \u00bb, maintenue par une classe politique parasite et complice, \u00e0 grand renfort de m\u00e9dias, fera illusion, un semblant d\u2019ordre existera, ce qui n\u2019emp\u00eache pas la d\u00e9liquescence sociale : communautarisme, d\u00e9linquance, contestation,\u2026. Mais cette situation ne peut durer qu\u2019un temps.<\/p>\n<p style=\"text-align: justify;\">Le pouvoir politique prend de plus en plus ses aises, avec les principes dont il se r\u00e9clame : lorsque le peuple ne vote pas comme il faut,\u2026 il contourne la d\u00e9cision avec l\u2019aide des politiciens : exemple du Trait\u00e9 Constitutionnel Europ\u00e9en en France, exemple de la pression des dirigeants europ\u00e9ens pour \u00e9viter une consultation populaire en Gr\u00e8ce \u00e0 propos du programme europ\u00e9en qui lui est impos\u00e9.<\/p>\n<p style=\"text-align: justify;\"><span style=\"color: #008000;\">Certes, on peut consid\u00e9rer ces \u00e9v\u00e8nements de mani\u00e8re isol\u00e9e, mais \u00e0 y regarder de pr\u00e8s, c\u2019est en fait une tendance qui s\u2019instaure. <\/span><\/p>\n<p style=\"text-align: justify;\"><span style=\"color: #808000;\"><strong>On assiste en fait \u00e0 un v\u00e9ritable d\u00e9tournement de l\u00e9gitimit\u00e9<\/strong>.<\/span><\/p>\n<p style=\"text-align: justify;\">D\u00e9tournement d\u2019autant plus simple \u00e0 justifier que l\u2019on peut toujours expliquer que \u00ab <em>les repr\u00e9sentants du peuple expriment la pens\u00e9e de celui-ci qui finalement n\u2019a pas besoin d\u2019\u00eatre consult\u00e9<\/em> \u00bb (CQFD). D\u00e9tournement d\u2019autant plus facile \u00e0 op\u00e9rer que les dirigeants savent que le peuple n\u2019a aucun moyen de pression, aucune auto organisation, aucune perspective en dehors des institutions\u2026 et qu\u2019il participe, faute de mieux, et par peur de l\u2019inconnu, passivement \u00e0 la mascarade \u00e9lectorale qui verrouille tout.<\/p>\n<p style=\"text-align: justify;\">\u00a0<a href=\"http:\/\/alternatifs81.fr\/wp-content\/uploads\/aube-sur-le-piton-de-la-fournaise_940x705.jpg\" rel=\"lightbox[3415]\"><\/a>\u00a0\u00a0\u00a0\u00a0\u00a0\u00a0\u00a0\u00a0\u00a0\u00a0\u00a0\u00a0\u00a0\u00a0\u00a0\u00a0\u00a0\u00a0\u00a0\u00a0\u00a0\u00a0\u00a0 La r\u00e9volte que celui-ci peut exprimer est facilement contr\u00f4lable gr\u00e2ce aux mercenaires (arm\u00e9e, police) du pouvoir qui explique que cette force est \u00ab d\u00e9mocratique \u00bb puisque dirig\u00e9e par des repr\u00e9sentants \u00e9lus. (CQFD).<\/p>\n<p style=\"text-align: justify;\">\u00a0\u00a0\u00a0\u00a0 L\u2019arriv\u00e9e en Gr\u00e8ce, au gouvernement, de membres d\u2019un parti d\u2019extr\u00eame droite (trois secr\u00e9taires d\u2019Etat),\u2026 \u00e7a ne vous rappelle rien ? Sans faire une similitude qui pourrait \u00eatre abusive, un tel \u00e9v\u00e8nement a tout de m\u00eame une signification politique \u00e9vidente, dans un pays en quasi faillite et pour sauver le syst\u00e8me.<\/p>\n<p style=\"text-align: justify;\"><strong>Ainsi, \u00ab <em>de fil en aiguille<\/em> \u00bb au nom d\u2019imp\u00e9ratifs \u00e9conomiques et financiers qualifi\u00e9s d\u2019incontournables et \u00ab naturels \u00bb,\u2026 et avec la meilleure volont\u00e9 \u00ab d\u00e9mocratique \u00bb du monde on finit par instaurer et accepter un syst\u00e8me politique totalitaire. <\/strong><\/p>\n<p style=\"text-align: justify;\">Le syst\u00e8me politique se met alors \u00e0 nu, d\u00e9voile ce qu\u2019il est r\u00e9ellement : <em>un instrument de domination sociale.<\/em><\/p>\n<p style=\"text-align: justify;\"><strong>Dans les t\u00eates et dans la rue il est alors trop tard pour faire marche arri\u00e8re. La sortie de ce cauchemar co\u00fbte g\u00e9n\u00e9ralement tr\u00e8s cher.<\/strong><\/p>\n<p style=\"text-align: justify;\">Le fascisme a \u00e9t\u00e9 dans l\u2019Histoire du 20<sup>e<\/sup> si\u00e8cle un des moyens qu\u2019a trouv\u00e9 le capitalisme pour d\u00e9passer une situation bloqu\u00e9e et \u00e9viter sa remise en question. <strong>Le fascisme n\u2019est pas exog\u00e8ne au capitalisme, mais une de ses productions, \u00e0 un moment donn\u00e9 pour d\u00e9passer ses contradictions.<\/strong> Ceci montre le caract\u00e8re \u00e9ph\u00e9m\u00e8re, fragile de ce que nous appelons la d\u00e9mocratie. Celle-ci n\u2019existe que lorsque le Capital la trouve conforme \u00e0 ses int\u00e9r\u00eats\u2026 mais il peut parfaitement s\u2019en passer\u2026 la Chine, la Russie en sont de parfaits exemples\u2026 et l\u2019Histoire du 20<sup>e<\/sup> nous en donne de multiples exemples.<\/p>\n<p style=\"text-align: justify;\">On ne pourra pas dire que l\u2019on n\u2019a pas \u00e9t\u00e9 pr\u00e9venu.<\/p>\n<p style=\"text-align: right;\">Novembre 2011<\/p>\n<p style=\"text-align: right;\">\u00a0Patrick MIGNARD<\/p>\n<gcse:search><\/gcse:search>","protected":false},"excerpt":{"rendered":"<p>VERS UN TOTALITARISME RAMPANT\u2026 \u00a0\u00a0\u00a0\u00a0\u00a0\u00a0\u00a0\u00a0\u00a0\u00a0\u00a0\u00a0\u00a0\u00a0\u00a0\u00a0\u00a0\u00a0\u00a0\u00a0\u00a0\u00a0\u00a0\u00a0\u00a0\u00a0\u00a0\u00a0\u00a0\u00a0\u00a0\u00a0\u00a0\u00a0\u00a0\u00a0\u00a0\u00a0\u00a0\u00a0\u00a0\u00a0\u00a0\u00a0\u00a0\u00a0\u00a0\u00a0\u00a0\u00a0\u00a0\u00a0\u00a0\u00a0\u00a0\u00a0\u00a0\u00a0\u00a0\u00a0\u00a0\u00a0\u00a0\u00a0\u00a0\u00a0\u00a0\u00a0\u00a0\u00a0\u00a0\u00a0\u00a0\u00a0\u00a0\u00a0\u00a0\u00a0\u00a0\u00a0\u00a0\u00a0\u00a0\u00a0\u00a0\u00a0\u00a0\u00a0\u00a0\u00a0\u00a0\u00a0\u00a0\u00a0 La derni\u00e8re p\u00e9rip\u00e9tie grecque, qui consiste \u00e0 passer outre l\u2019opinion du peuple en vue de la d\u00e9termination d\u2019une politique qui le concerne au premier chef, n\u2019est ni une erreur, ni un faux pas dans la pr\u00e9cipitation impos\u00e9e par la crise financi\u00e8re. \u00a0\u00a0\u00a0 L\u2019\u00e9pisode Irlandais pour imposer au peuple son entr\u00e9e [&hellip;]<\/p>\n","protected":false},"author":1,"featured_media":0,"comment_status":"open","ping_status":"closed","sticky":false,"template":"","format":"standard","meta":{"footnotes":""},"categories":[1],"tags":[117,16,206],"class_list":["post-3415","post","type-post","status-publish","format-standard","hentry","category-non-classe","tag-democratie","tag-economie","tag-nouvelle-donne"],"_links":{"self":[{"href":"https:\/\/alternatifs81.fr\/index.php?rest_route=\/wp\/v2\/posts\/3415","targetHints":{"allow":["GET"]}}],"collection":[{"href":"https:\/\/alternatifs81.fr\/index.php?rest_route=\/wp\/v2\/posts"}],"about":[{"href":"https:\/\/alternatifs81.fr\/index.php?rest_route=\/wp\/v2\/types\/post"}],"author":[{"embeddable":true,"href":"https:\/\/alternatifs81.fr\/index.php?rest_route=\/wp\/v2\/users\/1"}],"replies":[{"embeddable":true,"href":"https:\/\/alternatifs81.fr\/index.php?rest_route=%2Fwp%2Fv2%2Fcomments&post=3415"}],"version-history":[{"count":0,"href":"https:\/\/alternatifs81.fr\/index.php?rest_route=\/wp\/v2\/posts\/3415\/revisions"}],"wp:attachment":[{"href":"https:\/\/alternatifs81.fr\/index.php?rest_route=%2Fwp%2Fv2%2Fmedia&parent=3415"}],"wp:term":[{"taxonomy":"category","embeddable":true,"href":"https:\/\/alternatifs81.fr\/index.php?rest_route=%2Fwp%2Fv2%2Fcategories&post=3415"},{"taxonomy":"post_tag","embeddable":true,"href":"https:\/\/alternatifs81.fr\/index.php?rest_route=%2Fwp%2Fv2%2Ftags&post=3415"}],"curies":[{"name":"wp","href":"https:\/\/api.w.org\/{rel}","templated":true}]}}