{"id":3391,"date":"2011-11-13T17:50:14","date_gmt":"2011-11-13T15:50:14","guid":{"rendered":"http:\/\/alternatifs81.fr\/?p=3391"},"modified":"2011-12-28T14:40:41","modified_gmt":"2011-12-28T12:40:41","slug":"tragedie-grecque-%e2%80%93-guerre-sociale-contre-le-peuple-et-entree-de-l%e2%80%99extreme-droite-au-gouvernement","status":"publish","type":"post","link":"https:\/\/alternatifs81.fr\/?p=3391","title":{"rendered":"Trag\u00e9die grecque \u2013 Guerre sociale contre le peuple et entr\u00e9e de l\u2019extr\u00eame-droite au gouvernement"},"content":{"rendered":"<p><a href=\"http:\/\/alternatifs81.fr\/wp-content\/uploads\/TRAGDI1.jpg\" rel=\"lightbox[3391]\"><\/a>\u00a0<a href=\"http:\/\/alternatifs81.fr\/wp-content\/uploads\/arton852-923b17.png\" rel=\"lightbox[3391]\"><\/a>\u00a0\u00a0\u00a0\u00a0\u00a0\u00a0\u00a0\u00a0\u00a0\u00a0\u00a0\u00a0\u00a0\u00a0\u00a0\u00a0\u00a0\u00a0\u00a0\u00a0\u00a0\u00a0\u00a0\u00a0\u00a0\u00a0\u00a0\u00a0\u00a0\u00a0\u00a0\u00a0\u00a0\u00a0\u00a0\u00a0\u00a0\u00a0\u00a0\u00a0\u00a0\u00a0\u00a0\u00a0\u00a0\u00a0\u00a0\u00a0\u00a0\u00a0\u00a0\u00a0\u00a0\u00a0\u00a0\u00a0\u00a0\u00a0\u00a0\u00a0\u00a0\u00a0\u00a0<\/p>\n<p style=\"text-align: justify;\">\u00a0<a href=\"http:\/\/alternatifs81.fr\/wp-content\/uploads\/arton382-49302.png\" rel=\"lightbox[3391]\"><img loading=\"lazy\" decoding=\"async\" class=\"alignleft size-full wp-image-3575\" style=\"margin: 10px;\" title=\"arton382-49302\" src=\"http:\/\/alternatifs81.fr\/wp-content\/uploads\/arton382-49302.png\" alt=\"\" width=\"200\" height=\"183\" \/><\/a>\u00a0\u00a0\u00a0\u00a0\u00a0\u00a0\u00a0\u00a0\u00a0\u00a0\u00a0\u00a0\u00a0\u00a0\u00a0\u00a0\u00a0\u00a0\u00a0\u00a0\u00a0\u00a0\u00a0\u00a0 Trag\u00e9die grecque \u2013 Guerre sociale contre le peuple et entr\u00e9e de l\u2019extr\u00eame-droite au gouvernement<strong><\/strong><\/p>\n<p style=\"text-align: justify;\"><strong>La nomination de M. Papademos, ancien vice-pr\u00e9sident de la Banque Centrale Europ\u00e9enne, BCE, comme premier ministre en remplacement du socialiste Georges Papandreou, pr\u00e9sident du PASOK et de l\u2019Internationale Socialiste, vient aussi de se traduire, 37 ans apr\u00e8s la chute de la dictature, par l\u2019entr\u00e9e de quatre ministres <\/strong><\/p>\n<div style=\"text-align: justify;\">\n<blockquote dir=\"ltr\">\n<div><strong>Parmi eux, l\u2019avocat Makis Voridis, consid\u00e9r\u00e9 comme proche de Jean-Marie Le Pen et l\u2019antis\u00e9mite Adonis Georgiadis.\u00a0\u00a0\u00a0\u00a0\u00a0\u00a0\u00a0\u00a0\u00a0\u00a0\u00a0\u00a0\u00a0\u00a0\u00a0\u00a0\u00a0 <\/strong><\/div>\n<p><strong>\u00a0<\/strong><br \/>\n<strong>Quatorze ministres du PASOK, le PS grec, ont accept\u00e9 de <!--more-->conserver leurs minist\u00e8res et de cohabiter, sous l\u2019autorit\u00e9 de Papademos, avec la Nouvelle D\u00e9mocratie, parti de la droite lib\u00e9rale, et avec l\u2019extr\u00eame-droite. Sarkozy et Merkel ont f\u00e9licit\u00e9 Papademos et lui ont fermement rappel\u00e9 son obligation de se soumettre aux exigences de la tro\u00efka Union Europ\u00e9enne \u2013 BCE \u2013 FMI, d\u00e9sormais en poste \u00e0 Ath\u00e8nes, pour v\u00e9rifier la mise en place de la privatisation totale de l\u2019\u00e9conomie et de mesures d\u2019aust\u00e9rit\u00e9 encore plus violentes contre la population que celles prises depuis mars 2010 par la majorit\u00e9 socialiste du gouvernement Papandr\u00e9ou. <\/strong><\/p>\n<p><strong>Pas un mot sur l\u2019entr\u00e9e de l\u2019extr\u00eame-droite. <\/strong><\/p>\n<p><strong>Ni de la part du gouvernement fran\u00e7ais, ni du gouvernement allemand, ni \u00e0 l&rsquo;Union Europ\u00e9enne. <\/strong><br \/>\n<a name=\"more\" target=\"_blank\"><\/a><br \/>\n<strong><a href=\"http:\/\/alternatifs81.fr\/wp-content\/uploads\/ATT000015.jpg\" rel=\"lightbox[3391]\"><\/a>\u00a0\u00a0\u00a0\u00a0\u00a0\u00a0\u00a0\u00a0\u00a0\u00a0 Deux ans apr\u00e8s son retour au pouvoir, le PASOK aura r\u00e9ussi :<\/strong><br \/>\n<strong>&#8211; \u00e0 infliger la purge sociale la pire que le peuple grec ait connu depuis la seconde guerre mondiale, <\/strong><br \/>\n<strong>&#8211; \u00e0 proposer la mise en place d\u2019un gouvernement d\u2019union nationale avec la droite <\/strong><br \/>\n<strong>&#8211; et, enfin, \u00e0 accepter de cohabiter au gouvernement avec l\u2019extr\u00eame droite. <\/strong><\/p>\n<p><strong>\u00a0<\/strong><br \/>\n<strong>Pour le PS fran\u00e7ais cette entr\u00e9e de la droite au gouvernement \u00ab <em>est un choc<\/em> \u00bb. \u00ab <em>Voil\u00e0 o\u00f9 m\u00e8ne l&rsquo;Europe quand elle tourne le dos aux peuples, en imposant des aust\u00e9rit\u00e9s brutales et aveugles sans donner la possibilit\u00e9 et le temps pour le redressement et en s&rsquo;immis\u00e7ant dans le fonctionnement d\u00e9mocratique des Etats-membres <\/em>\u00bb souligne \u2013t-il dans un communiqu\u00e9. ^<\/strong><\/p>\n<p><strong>Mais pas un mot, rien, sur la v\u00e9ritable guerre sociale contre le peuple conduite depuis deux ans par le PASOK. <\/strong><\/p>\n<p><strong>Pas un mot pour condamner la d\u00e9cision de PASOK d\u2019appeler \u00e0 un gouvernement d\u2019union nationale avec la droite. <\/strong><\/p>\n<p><strong>Pas un mot pour demander le d\u00e9part de Papandr\u00e9ou de la pr\u00e9sidence de l\u2019Internationale Socialiste et l\u2019exclusion des ministres et d\u00e9put\u00e9s du PASOK qui acceptent cette cohabitation avec l\u2019extr\u00eame-droite. <\/strong><br \/>\n<strong>Oui, c\u2019est une v\u00e9ritable trag\u00e9die que conna\u00eet la Gr\u00e8ce, avec la n\u00e9gation totale de sa souverainet\u00e9 nationale et la soumission honteuse &#8211; et commune &#8211; du PASOK, de la Nouvelle D\u00e9mocratie et du parti d\u2019extr\u00eame-droite LAOS aux exigences de la tro\u00efka, Union europ\u00e9enne, BCE et FMI.\u00a0\u00a0\u00a0\u00a0\u00a0\u00a0\u00a0\u00a0\u00a0\u00a0\u00a0\u00a0\u00a0\u00a0\u00a0\u00a0\u00a0\u00a0\u00a0\u00a0\u00a0\u00a0\u00a0\u00a0\u00a0\u00a0\u00a0\u00a0\u00a0\u00a0\u00a0\u00a0\u00a0\u00a0\u00a0\u00a0\u00a0 <\/strong><\/p>\n<p><strong>Seule la gauche radicale grecque &#8211; m\u00eame divis\u00e9e, m\u00eame trop souvent sectaire, &#8211; mais dans laquelle se reconnait une frange croissante de la population, porte aujourd\u2019hui un r\u00e9el espoir. <\/strong><\/p>\n<p><strong>Elle a besoin d\u2019un soutien international, de notre soutien.\u00a0\u00a0\u00a0\u00a0\u00a0\u00a0\u00a0\u00a0\u00a0\u00a0\u00a0\u00a0\u00a0\u00a0\u00a0\u00a0\u00a0\u00a0\u00a0\u00a0\u00a0<a href=\"http:\/\/alternatifs81.fr\/wp-content\/uploads\/Contre-G20-Nice-manif-du-1er-nov_-2011-0704.jpg\" rel=\"lightbox[3391]\"><\/a><\/strong><br \/>\n<strong>\u00a0<\/strong><br \/>\n<strong>Des dizaines de milliers de grecs \u00e9taient une nouvelle fois dans la rue ce week-end contre le nouveau gouvernement de Papademos, comme ils et elles le sont depuis des mois. Violent\u00e9 par la tro\u00efka, calomni\u00e9 par Sarkozy et Merkel, trahi par Papandr\u00e9ou et les dirigeants du PASOK, ce peuple grec mobilis\u00e9 a toute notre solidarit\u00e9. <\/strong><br \/>\n__________________________________________________________________________________<br \/>\n<strong>Rappelons quelques-unes des mesures vot\u00e9es par le gouvernement du PASOK :<\/strong><\/p>\n<p style=\"text-align: justify;\"><strong>&#8211; diminution des salaires des fonctionnaires de 30% et gel pour 3 ans des salaires publics<\/strong><br \/>\n<strong>&#8211; Augmentation de la TVA \u00e0 23%<\/strong><br \/>\n<strong>&#8211; Baisse des retraites (6 retrait\u00e9s sur 10 per\u00e7oivent moins de 600 euros\/mois)<\/strong><br \/>\n<strong>&#8211; Contre-r\u00e9forme des retraites avec d\u00e9part \u00e0 65 ans pour les fonctionnaires, calcul des pensions sur la moyenne des salaires de toutes les ann\u00e9es travaill\u00e9es<\/strong><br \/>\n<strong>&#8211; Assouplissement des conditions de licenciement et r\u00e9duction des indemnisations, remise en cause du droit du travail pour en venir \u00e0 des contrats individualis\u00e9s<\/strong><br \/>\n<strong>&#8211; Suppression de 2350 des 6300 postes de l\u2019OSE (SNCF grecque)<\/strong><br \/>\n<strong>&#8211; Augmentation des prix des services publics<\/strong><br \/>\n<strong>&#8211; Privatisation de sports, des a\u00e9roports, des chemins de fer, de la distribution de l\u2019eau et de l\u2019\u00e9lectricit\u00e9, du secteur financier et du foncier appartenant \u00e0 l\u2019Etat, etc\u2026 <\/strong><\/p>\n<p><strong>\u00a0<\/strong><\/p><\/blockquote>\n<blockquote dir=\"ltr\">\n<p style=\"text-align: right;\"><span><span><em>communique 13 novembre 2011<\/em><\/span><\/span><\/p>\n<p><span><span>\u00a0<span>www.alternatifs.org<\/span><\/span><\/span><br \/>\n<strong>\u00a0<\/strong><\/p><\/blockquote>\n<\/div>\n<p><!--more-->d\u2019extr\u00eame-droite dans le nouveau gouvernement grec .\u00a0\u00a0\u00a0\u00a0\u00a0\u00a0\u00a0\u00a0\u00a0\u00a0\u00a0\u00a0\u00a0\u00a0\u00a0\u00a0<a href=\"http:\/\/alternatifs81.fr\/wp-content\/uploads\/TRAGDI11.jpg\" rel=\"lightbox[3391]\"><\/a><\/p>\n<gcse:search><\/gcse:search>","protected":false},"excerpt":{"rendered":"<p>\u00a0\u00a0\u00a0\u00a0\u00a0\u00a0\u00a0\u00a0\u00a0\u00a0\u00a0\u00a0\u00a0\u00a0\u00a0\u00a0\u00a0\u00a0\u00a0\u00a0\u00a0\u00a0\u00a0\u00a0\u00a0\u00a0\u00a0\u00a0\u00a0\u00a0\u00a0\u00a0\u00a0\u00a0\u00a0\u00a0\u00a0\u00a0\u00a0\u00a0\u00a0\u00a0\u00a0\u00a0\u00a0\u00a0\u00a0\u00a0\u00a0\u00a0\u00a0\u00a0\u00a0\u00a0\u00a0\u00a0\u00a0\u00a0\u00a0\u00a0\u00a0\u00a0\u00a0\u00a0 \u00a0\u00a0\u00a0\u00a0\u00a0\u00a0\u00a0\u00a0\u00a0\u00a0\u00a0\u00a0\u00a0\u00a0\u00a0\u00a0\u00a0\u00a0\u00a0\u00a0\u00a0\u00a0\u00a0\u00a0\u00a0 Trag\u00e9die grecque \u2013 Guerre sociale contre le peuple et entr\u00e9e de l\u2019extr\u00eame-droite au gouvernement La nomination de M. Papademos, ancien vice-pr\u00e9sident de la Banque Centrale Europ\u00e9enne, BCE, comme premier ministre en remplacement du socialiste Georges Papandreou, pr\u00e9sident du PASOK et de l\u2019Internationale Socialiste, vient aussi de se traduire, 37 ans apr\u00e8s la chute [&hellip;]<\/p>\n","protected":false},"author":1,"featured_media":0,"comment_status":"open","ping_status":"closed","sticky":false,"template":"","format":"standard","meta":{"footnotes":""},"categories":[9,126,147,173],"tags":[34,117,205,23],"class_list":["post-3391","post","type-post","status-publish","format-standard","hentry","category-communiques","category-gauche-de-combat","category-international","category-no-pasaran","tag-alternatifs","tag-democratie","tag-grece","tag-luttes"],"_links":{"self":[{"href":"https:\/\/alternatifs81.fr\/index.php?rest_route=\/wp\/v2\/posts\/3391","targetHints":{"allow":["GET"]}}],"collection":[{"href":"https:\/\/alternatifs81.fr\/index.php?rest_route=\/wp\/v2\/posts"}],"about":[{"href":"https:\/\/alternatifs81.fr\/index.php?rest_route=\/wp\/v2\/types\/post"}],"author":[{"embeddable":true,"href":"https:\/\/alternatifs81.fr\/index.php?rest_route=\/wp\/v2\/users\/1"}],"replies":[{"embeddable":true,"href":"https:\/\/alternatifs81.fr\/index.php?rest_route=%2Fwp%2Fv2%2Fcomments&post=3391"}],"version-history":[{"count":0,"href":"https:\/\/alternatifs81.fr\/index.php?rest_route=\/wp\/v2\/posts\/3391\/revisions"}],"wp:attachment":[{"href":"https:\/\/alternatifs81.fr\/index.php?rest_route=%2Fwp%2Fv2%2Fmedia&parent=3391"}],"wp:term":[{"taxonomy":"category","embeddable":true,"href":"https:\/\/alternatifs81.fr\/index.php?rest_route=%2Fwp%2Fv2%2Fcategories&post=3391"},{"taxonomy":"post_tag","embeddable":true,"href":"https:\/\/alternatifs81.fr\/index.php?rest_route=%2Fwp%2Fv2%2Ftags&post=3391"}],"curies":[{"name":"wp","href":"https:\/\/api.w.org\/{rel}","templated":true}]}}