{"id":3381,"date":"2011-11-13T00:17:07","date_gmt":"2011-11-12T22:17:07","guid":{"rendered":"http:\/\/alternatifs81.fr\/?p=3381"},"modified":"2011-12-28T14:42:03","modified_gmt":"2011-12-28T12:42:03","slug":"3381","status":"publish","type":"post","link":"https:\/\/alternatifs81.fr\/?p=3381","title":{"rendered":"Tracto-v\u00e9lo : un succ\u00e8s qui fait de Notre Dame des Landes un des enjeux politiques majeurs de 2012 !"},"content":{"rendered":"<div><span style=\"font-family: Arial;\">\u00a0<\/span><\/div>\n<p style=\"text-align: justify;\"><strong><a href=\"http:\/\/alternatifs81.fr\/wp-content\/uploads\/logoalternatifs10.jpg\" rel=\"lightbox[3381]\"><\/a><\/strong><\/p>\n<p style=\"text-align: justify;\"><strong><img loading=\"lazy\" decoding=\"async\" class=\"alignleft size-medium wp-image-3609\" style=\"margin: 11px;\" title=\"Manif_NDDL_0_Paris_040-2-cc5e5\" src=\"http:\/\/alternatifs81.fr\/wp-content\/uploads\/Manif_NDDL_0_Paris_040-2-cc5e51-300x201.jpg\" alt=\"\" width=\"300\" height=\"201\" srcset=\"https:\/\/alternatifs81.fr\/wp-content\/uploads\/Manif_NDDL_0_Paris_040-2-cc5e51-300x201.jpg 300w, https:\/\/alternatifs81.fr\/wp-content\/uploads\/Manif_NDDL_0_Paris_040-2-cc5e51.jpg 433w\" sizes=\"auto, (max-width: 300px) 100vw, 300px\" \/><\/strong><strong>\u00a0\u00a0<a href=\"http:\/\/www.alternatifs44.com\">ww<\/a> <\/strong><strong>w.alternatifs44.com<\/strong><a href=\"http:\/\/www.alternatifs44.com\/\" target=\"_blank\"><span style=\"font-family: Arial;\"><strong>\u00a0<\/strong><\/span><\/a><span style=\"font-family: Arial;\"><strong>\u00a0\u00a0\u00a0\u00a0\u00a0 <a href=\"http:\/\/www.alternatifs.org\/\" target=\"_blank\">\u00a0\u00a0\u00a0 www.alternatifs.org<\/a><\/strong><\/span><\/p>\n<p style=\"text-align: justify;\"><span style=\"font-family: Arial;\"><strong><br \/>\n<\/strong><\/span><strong>Paris <\/strong>le 12 novembre 2011<\/p>\n<p style=\"text-align: justify;\"><strong><span style=\"color: #0000ff;\">Tracto-v\u00e9lo : un succ\u00e8s qui fait de Notre Dame des Landes un des enjeux politiques majeurs de 2012 !<\/span><\/strong><\/p>\n<p style=\"text-align: justify;\"><strong>\u00a0<\/strong><\/p>\n<p style=\"text-align: justify;\"><strong>Avec plus de 3000 personnes, ce 12 novembre devant le <!--more-->S\u00e9nat, la tracto-v\u00e9lo, commenc\u00e9e \u00e0 Notre Dame des Landes le 6 novembre dernier, se termine en apoth\u00e9ose.\u00a0\u00a0\u00a0\u00a0\u00a0\u00a0\u00a0\u00a0\u00a0\u00a0\u00a0\u00a0\u00a0\u00a0\u00a0\u00a0\u00a0\u00a0 <a href=\"http:\/\/alternatifs81.fr\/wp-content\/uploads\/autoNDDL2.jpg\" rel=\"lightbox[3381]\"><\/a><\/strong><\/p>\n<p style=\"text-align: justify;\"><strong>Ce succ\u00e8s collectif des opposant-e-s au projet d\u2019a\u00e9roport de Notre Dame des Landes, associations, syndicats et partis politiques r\u00e9unis, marque ind\u00e9niablement et positivement une nouvelle \u00e9tape du bras de fer politique qui les oppose \u00e0 la droite sarkozyste et au PS. <\/strong><\/p>\n<p style=\"text-align: justify;\"><strong>\u00a0<\/strong><\/p>\n<p style=\"text-align: justify;\"><strong>Les conclusions de l\u2019\u00e9tude ind\u00e9pendante r\u00e9cemment r\u00e9v\u00e9l\u00e9e sont sans appel : les documents \u00e9conomiques sur lesquels le d\u00e9bat public a repos\u00e9 sont min\u00e9s et d\u00e9faillants sur de nombreux points. Les d\u00e9cisions qui ont suivi (d\u00e9claration d\u2019utilit\u00e9 publique, vote sur les financements destin\u00e9s au concessionnaire Vinci) ne sont donc pas valides. <\/strong><\/p>\n<p style=\"text-align: justify;\"><strong>L\u2019Etat doit abroger les d\u00e9crets d\u2019utilit\u00e9 publique et reprendre le dossier en totalit\u00e9. <\/strong><\/p>\n<p style=\"text-align: justify;\"><strong>\u00a0<\/strong><\/p>\n<p style=\"text-align: justify;\"><strong>Pour Les Alternatifs, qui participent depuis plus de dix ans \u00e0 la lutte contre ce projet aberrant, Notre Dame des Landes, embl\u00e9matique des luttes \u00e9cologiques et sociales, constitue un enjeu d\u00e9cisif pour 2012. <\/strong><\/p>\n<p style=\"text-align: justify;\"><strong>La puissante mobilisation d\u2019aujourd\u2019hui porte un signal clair \u00e0 la droite gouvernementale et au Parti Socialiste : rester la t\u00eate dans le sable ou reconna\u00eetre enfin les faiblesses du dossier et demander son r\u00e9examen. <\/strong><\/p>\n<p style=\"text-align: justify;\"><strong>\u00a0<\/strong><\/p>\n<p style=\"text-align: justify;\"><strong>En tout \u00e9tat de cause, la mobilisation citoyenne continue et sort grandement renforc\u00e9e du succ\u00e8s de cette semaine de la tracto-v\u00e9lo. <\/strong><\/p>\n<p><strong>\u00a0<a href=\"http:\/\/alternatifs81.fr\/wp-content\/uploads\/NDDLvaches.jpg\" rel=\"lightbox[3381]\"><\/a>\u00a0\u00a0\u00a0\u00a0\u00a0\u00a0\u00a0\u00a0\u00a0\u00a0\u00a0\u00a0\u00a0\u00a0\u00a0\u00a0\u00a0\u00a0\u00a0\u00a0\u00a0\u00a0\u00a0\u00a0\u00a0\u00a0\u00a0\u00a0\u00a0\u00a0\u00a0\u00a0\u00a0\u00a0\u00a0\u00a0\u00a0\u00a0\u00a0\u00a0\u00a0\u00a0\u00a0\u00a0\u00a0\u00a0\u00a0\u00a0\u00a0\u00a0\u00a0\u00a0\u00a0\u00a0\u00a0\u00a0\u00a0\u00a0\u00a0\u00a0\u00a0\u00a0\u00a0\u00a0\u00a0\u00a0\u00a0\u00a0\u00a0\u00a0\u00a0\u00a0\u00a0\u00a0\u00a0\u00a0\u00a0\u00a0\u00a0\u00a0\u00a0\u00a0\u00a0\u00a0\u00a0\u00a0\u00a0\u00a0\u00a0\u00a0\u00a0\u00a0\u00a0\u00a0\u00a0\u00a0<\/strong><strong><span style=\"color: #008000;\">Ecologiquement, \u00e9conomiquement et socialement la construction d&rsquo;un nouvel a\u00e9roport \u00e0 Notre Dame des Landes est une absurdit\u00e9.<\/span><\/strong><\/p>\n<p style=\"text-align: justify;\"><strong><span style=\"color: #008000;\">\u00a0\u00a0\u00a0\u00a0\u00a0\u00a0\u00a0\u00a0\u00a0\u00a0\u00a0\u00a0\u00a0\u00a0\u00a0<\/span><\/strong><\/p>\n<p style=\"text-align: justify;\"><strong><span style=\"color: #008000;\">\u00a0\u00a0\u00a0\u00a0\u00a0\u00a0\u00a0\u00a0\u00a0 \u00a0Nous garderons les terres de\u00a0 Notre Dame des Landes. <\/span><\/strong><\/p>\n<p style=\"text-align: justify;\"><strong><span style=\"color: #008000;\">\u00a0\u00a0\u00a0\u00a0\u00a0\u00a0\u00a0\u00a0\u00a0\u00a0\u00a0\u00a0\u00a0 Vinci doit d\u00e9gager.<\/span><\/strong><\/p>\n<gcse:search><\/gcse:search>","protected":false},"excerpt":{"rendered":"<p>\u00a0 \u00a0\u00a0ww w.alternatifs44.com\u00a0\u00a0\u00a0\u00a0\u00a0\u00a0 \u00a0\u00a0\u00a0 www.alternatifs.org Paris le 12 novembre 2011 Tracto-v\u00e9lo : un succ\u00e8s qui fait de Notre Dame des Landes un des enjeux politiques majeurs de 2012 ! \u00a0 Avec plus de 3000 personnes, ce 12 novembre devant le<\/p>\n","protected":false},"author":1,"featured_media":0,"comment_status":"open","ping_status":"closed","sticky":false,"template":"","format":"standard","meta":{"footnotes":""},"categories":[9,125,21],"tags":[34,26,169,204],"class_list":["post-3381","post","type-post","status-publish","format-standard","hentry","category-communiques","category-ecologie","category-les-alters-dans-les-luttes","tag-alternatifs","tag-communique-de-presse","tag-ecologie-2","tag-notre-dame-des-landes"],"_links":{"self":[{"href":"https:\/\/alternatifs81.fr\/index.php?rest_route=\/wp\/v2\/posts\/3381","targetHints":{"allow":["GET"]}}],"collection":[{"href":"https:\/\/alternatifs81.fr\/index.php?rest_route=\/wp\/v2\/posts"}],"about":[{"href":"https:\/\/alternatifs81.fr\/index.php?rest_route=\/wp\/v2\/types\/post"}],"author":[{"embeddable":true,"href":"https:\/\/alternatifs81.fr\/index.php?rest_route=\/wp\/v2\/users\/1"}],"replies":[{"embeddable":true,"href":"https:\/\/alternatifs81.fr\/index.php?rest_route=%2Fwp%2Fv2%2Fcomments&post=3381"}],"version-history":[{"count":0,"href":"https:\/\/alternatifs81.fr\/index.php?rest_route=\/wp\/v2\/posts\/3381\/revisions"}],"wp:attachment":[{"href":"https:\/\/alternatifs81.fr\/index.php?rest_route=%2Fwp%2Fv2%2Fmedia&parent=3381"}],"wp:term":[{"taxonomy":"category","embeddable":true,"href":"https:\/\/alternatifs81.fr\/index.php?rest_route=%2Fwp%2Fv2%2Fcategories&post=3381"},{"taxonomy":"post_tag","embeddable":true,"href":"https:\/\/alternatifs81.fr\/index.php?rest_route=%2Fwp%2Fv2%2Ftags&post=3381"}],"curies":[{"name":"wp","href":"https:\/\/api.w.org\/{rel}","templated":true}]}}