{"id":3355,"date":"2011-11-11T12:54:09","date_gmt":"2011-11-11T10:54:09","guid":{"rendered":"http:\/\/alternatifs81.fr\/?p=3355"},"modified":"2011-12-23T00:11:44","modified_gmt":"2011-12-22T22:11:44","slug":"fillon-dehors-trichet-premier-ministre","status":"publish","type":"post","link":"https:\/\/alternatifs81.fr\/?p=3355","title":{"rendered":"Fillon, dehors&#8230; Trichet, Premier ministre ?"},"content":{"rendered":"<h1><span style=\"font-size: medium;\">\u00a0<a href=\"http:\/\/alternatifs81.fr\/wp-content\/uploads\/arton852-923b16.png\" rel=\"lightbox[3355]\"><\/a><a href=\"http:\/\/alternatifs81.fr\/wp-content\/uploads\/la-crise.jpg\" rel=\"lightbox[3355]\"><img loading=\"lazy\" decoding=\"async\" class=\"alignleft size-full wp-image-3908\" title=\"la-crise\" src=\"http:\/\/alternatifs81.fr\/wp-content\/uploads\/la-crise.jpg\" alt=\"\" width=\"150\" height=\"75\" \/><\/a>\u00a0\u00a0\u00a0\u00a0\u00a0\u00a0\u00a0\u00a0\u00a0\u00a0\u00a0\u00a0\u00a0\u00a0\u00a0\u00a0\u00a0\u00a0\u00a0\u00a0\u00a0\u00a0\u00a0\u00a0\u00a0\u00a0\u00a0\u00a0\u00a0\u00a0\u00a0\u00a0\u00a0\u00a0\u00a0\u00a0\u00a0\u00a0\u00a0\u00a0\u00a0\u00a0\u00a0\u00a0\u00a0\u00a0\u00a0\u00a0\u00a0\u00a0\u00a0\u00a0\u00a0 <\/span><span style=\"font-size: x-small;\"><span style=\"font-size: medium;\">communique 11 novembre 2011<\/span><\/span><\/h1>\n<h1><span style=\"font-size: x-small;\"><span style=\"font-size: medium;\">\u00a0\u00a0\u00a0\u00a0\u00a0\u00a0\u00a0\u00a0\u00a0\u00a0\u00a0\u00a0\u00a0\u00a0\u00a0\u00a0\u00a0\u00a0\u00a0\u00a0\u00a0\u00a0\u00a0\u00a0\u00a0\u00a0\u00a0\u00a0\u00a0\u00a0\u00a0\u00a0\u00a0\u00a0\u00a0\u00a0\u00a0\u00a0\u00a0\u00a0\u00a0\u00a0\u00a0\u00a0\u00a0 \u00a0<span style=\"font-size: small;\"><a href=\"http:\/\/www.alternatifs.org\">www.alternatifs.org<\/a> <\/span><\/span><br \/>\n<\/span><\/h1>\n<p>\u00a0<\/p>\n<div>\n<div dir=\"ltr\">\n<div>\n<div style=\"text-align: justify;\" dir=\"ltr\">\n<hr id=\"ecxstopSpelling\" \/><\/div>\n<div style=\"text-align: justify;\" dir=\"ltr\"><span style=\"color: #808000;\"><span style=\"font-size: medium;\"><strong><span style=\"color: #0000ff;\">Fillon, dehors&#8230; Trichet, Premier ministre ?<\/span><\/strong><\/span><br \/>\n<\/span><span style=\"font-family: Arial; color: #000000;\"><span style=\"font-family: Arial; color: #000000;\">\u00a0<\/span><\/span><\/p>\n<div style=\"text-align: justify;\" dir=\"ltr\"><span style=\"font-family: Arial; color: #000000; font-size: small;\">En d\u00e9pit de l&rsquo;accord europ\u00e9en du 27 octobre, qui devait, une fois de plus, r\u00e9soudre la crise de la dette, les march\u00e9s financiers, toujours insatiables et insatisfaits, ont poursuivi leur <!--more-->\u0153uvre de sp\u00e9culation contre les dettes europ\u00e9ennes, notamment celle, tr\u00e8s ancienne, de l&rsquo;Italie. <\/span><\/div>\n<p><span style=\"font-family: Arial; color: #000000; font-size: small;\"><br \/>\n<\/span><span style=\"font-family: Arial; color: #000000; font-size: small;\"><br \/>\n<\/span><span style=\"font-family: Arial; color: #000000; font-size: small;\">Sous la pression de la rue, Papandr\u00e9ou a \u00e9t\u00e9 accul\u00e9 \u00e0 proposer un\u00a0\u00a0 <a href=\"http:\/\/alternatifs81.fr\/wp-content\/uploads\/arton470-61fd1.jpg\" rel=\"lightbox[3355]\"><img loading=\"lazy\" decoding=\"async\" class=\"alignright size-full wp-image-3357\" title=\"arton470-61fd1\" src=\"http:\/\/alternatifs81.fr\/wp-content\/uploads\/arton470-61fd1.jpg\" alt=\"\" width=\"92\" height=\"72\" \/><\/a>\u00a0r\u00e9f\u00e9rendum, puis sous la pression des march\u00e9s, \u00e0 y renoncer et \u00e0 assumer, comme le PASOK, une alliance avec l&rsquo;opposition conservatrice, la Nouvelle D\u00e9mocratie, pour former une coalition d&rsquo;Union nationale qui appliquera les nouveaux programmes d&rsquo;aust\u00e9rit\u00e9<\/span><span style=\"font-family: Arial; color: #000000; font-size: small;\"> . Aucun politique, \u00ab socialiste \u00bb ou conservateur, n&rsquo;\u00e9tant assez fou pour accepter de devenir Premier ministre, ce sera Lucas Papademos, ancien vice-pr\u00e9sident de la Banque centrale europ\u00e9enne.<\/span><span style=\"font-family: Arial; color: #000000; font-size: small;\"><br \/>\n<\/span><span style=\"font-family: Arial; color: #000000; font-size: small;\"><br \/>\n<\/span><span style=\"font-family: Arial; color: #000000; font-size: small;\">Alors que Berlusconi avait r\u00e9ussi cet exploit de coaliser une quasi-unanimit\u00e9 contre lui (syndicats, patronat et \u00e9glise catholique) tout en se maintenant au pouvoir avec une majorit\u00e9 parlementaire plus que fragilis\u00e9e, ce sera la sp\u00e9culation contre la dette italienne qui aura raison de lui. Le favori pour lui succ\u00e9der dimanche soir est Mario Monti, ancien commissaire europ\u00e9en charg\u00e9 du march\u00e9 et de la concurrence durant neuf ans, ayant aussi bien servi dans les gouvernements de Berlusconi que de Massimo d&rsquo;Alema (Parti d\u00e9mocratique et ancien communiste).<\/span><span style=\"font-family: Arial; color: #000000; font-size: small;\"><br \/>\n<\/span><span style=\"font-family: Arial; color: #000000; font-size: small;\"><br \/>\n<\/span><span style=\"font-family: Arial; color: #000000; font-size: small;\">Jeudi 10 novembre, les march\u00e9s s&rsquo;en sont pris \u00e0 la dette fran\u00e7aise portant la diff\u00e9rence de taux entre la France et l&rsquo;Allemagne \u00e0 1,7% alors qu&rsquo;elle naviguait ant\u00e9rieurement entre 0,2 et 0,4%. Imm\u00e9diatement apr\u00e8s l&rsquo;annonce des mesures d&rsquo;aust\u00e9rit\u00e9 de Fillon qui frappent une fois de plus les classes populaires, la Commission europ\u00e9enne, par la voie d&rsquo;Olli Rehn, estime que la France doit prendre \u00ab des mesures suppl\u00e9mentaires pour corriger son d\u00e9ficit public excessif \u00bb. <\/span><\/p>\n<\/div>\n<p>\u00a0<\/p>\n<\/div>\n<\/div>\n<div><span style=\"font-family: Arial; color: #000000; font-size: small;\"><a href=\"http:\/\/alternatifs81.fr\/wp-content\/uploads\/crise-financire-mondiale31.jpg\" rel=\"lightbox[3355]\"><img loading=\"lazy\" decoding=\"async\" class=\"alignright size-medium wp-image-3358\" title=\"crise-financire-mondiale3\" src=\"http:\/\/alternatifs81.fr\/wp-content\/uploads\/crise-financire-mondiale31-300x202.jpg\" alt=\"\" width=\"300\" height=\"202\" srcset=\"https:\/\/alternatifs81.fr\/wp-content\/uploads\/crise-financire-mondiale31-300x202.jpg 300w, https:\/\/alternatifs81.fr\/wp-content\/uploads\/crise-financire-mondiale31.jpg 576w\" sizes=\"auto, (max-width: 300px) 100vw, 300px\" \/><\/a>\u00a0\u00a0\u00a0\u00a0\u00a0\u00a0\u00a0\u00a0\u00a0\u00a0\u00a0\u00a0 Comme en Italie et en Gr\u00e8ce, peut-on encore faire confiance \u00e0 des<\/span><span style=\"font-family: Arial; color: #000000; font-size: small;\"> <\/span><span style=\"font-family: Arial; color: #000000; font-size: small;\">\u00ab\u00a0politiques\u00a0\u00bb<\/span><span style=\"font-family: Arial; color: #000000; font-size: small;\"> pour mener notre pays sur la voie de la rigueur ? <\/span><\/div>\n<div dir=\"ltr\"><span style=\"font-family: Arial; color: #000000; font-size: small;\">Apr\u00e8s <\/span><span style=\"font-family: Arial; color: #000000; font-size: small;\">huit ann\u00e9es<\/span><span style=\"font-family: Arial; color: #000000; font-size: small;\"> \u00e0 la t\u00eate de la Banque centrale europ\u00e9ennne, <\/span><span style=\"font-family: Arial; color: #000000; font-size: small;\">M<\/span><span style=\"font-family: Arial; color: #000000; font-size: small;\">onsieur Trichet, <\/span><span style=\"font-family: Arial; color: #000000; font-size: small;\">z\u00e9lateur de la toute puissance des march\u00e9s financiers qui affirmait encore il y a quelques semaines \u00ab Augmenter les salaires est la derni\u00e8re b\u00eatise \u00e0 faire en Europe. \u00bb,<\/span><span style=\"font-family: Arial; color: #000000; font-size: small;\"> ne serait-il pas l&rsquo;homme de la situation ? <\/span><span style=\"font-family: Arial; color: #000000; font-size: small;\"><br \/>\n<\/span><span style=\"font-family: Arial; color: #000000; font-size: small;\"><br \/>\n<\/span><span style=\"font-family: Arial; color: #000000; font-size: small;\">Plus s\u00e9rieusement, c<\/span><span style=\"font-family: Arial; color: #000000; font-size: small;\"><span>es derniers d\u00e9veloppements nous montrent l&rsquo;ampleur de la crise de la d\u00e9mocratie repr\u00e9sentative, syst\u00e8me politique dans lequel les \u00e9lus n&rsquo;ont de compte \u00e0 rendre qu&rsquo; au moment de leur r\u00e9\u00e9lection. La nomination de \u00ab techniciens \u00bb, <\/span><\/span><span style=\"font-family: Arial; color: #000000; font-size: small;\">tous au minimum co-responsables et chantres de la v\u00e9ritable dictature de la finance sur la soci\u00e9t\u00e9 et<\/span><span style=\"font-family: Arial; color: #000000; font-size: small;\"><span> n&rsquo;ayant pas vocation \u00e0 se pr\u00e9senter \u00e9lectoralement, nous montre aussi l&rsquo;ampleur du coup de force du capitalisme financier pour sauvegarder les int\u00e9r\u00eats des poss\u00e9dants et gouverner contre les peuples.<\/span><\/span><\/div>\n<div dir=\"ltr\"><span style=\"font-family: Arial; color: #000000; font-size: small;\"><br \/>\n<\/span><\/div>\n<div><span style=\"font-size: x-small;\"><span style=\"color: #808000;\"><strong><span style=\"color: #000000; font-size: small;\"><a href=\"http:\/\/alternatifs81.fr\/wp-content\/uploads\/Recapitalisez-moi.jpg\" rel=\"lightbox[3355]\"><img loading=\"lazy\" decoding=\"async\" class=\"alignleft size-full wp-image-3359\" title=\"Recapitalisez-moi\" src=\"http:\/\/alternatifs81.fr\/wp-content\/uploads\/Recapitalisez-moi.jpg\" alt=\"\" width=\"128\" height=\"210\" \/><\/a>\u00a0\u00a0\u00a0\u00a0\u00a0\u00a0\u00a0\u00a0\u00a0\u00a0\u00a0\u00a0\u00a0\u00a0\u00a0\u00a0\u00a0<\/span><\/strong><\/span><\/span><\/div>\n<div><span style=\"font-size: x-small;\"><span style=\"color: #808000;\"><strong>\u00a0<\/strong><\/span><\/span><\/div>\n<div style=\"text-align: justify;\"><span style=\"font-size: x-small;\"><span style=\"color: #808000;\"><strong><span style=\"color: #000000; font-size: small;\">\u00a0\u00a0 \u00a0Contre les plans Fillon d&rsquo;aust\u00e9rit\u00e9, <\/span><\/strong><\/span><\/span><\/div>\n<div style=\"text-align: justify;\"><span style=\"color: #808000;\"><strong>\u00a0\u00a0\u00a0 1 puis 2 et\u00a0\u00a0 bient\u00f4t 3, l&rsquo;heure est <\/strong><\/span><\/div>\n<div style=\"text-align: justify;\"><span style=\"font-size: x-small;\"><span style=\"color: #808000;\"><strong><span style=\"color: #808000;\"><span style=\"color: #000000; font-size: small;\"><span style=\"color: #808000;\">\u00a0\u00a0\u00a0 plus que jamais\u00a0 \u00e0 la mobilisation populaire<\/span>.<\/span> <\/span><\/strong><\/span><\/span><\/div>\n<\/div>\n<gcse:search><\/gcse:search>","protected":false},"excerpt":{"rendered":"<p>\u00a0\u00a0\u00a0\u00a0\u00a0\u00a0\u00a0\u00a0\u00a0\u00a0\u00a0\u00a0\u00a0\u00a0\u00a0\u00a0\u00a0\u00a0\u00a0\u00a0\u00a0\u00a0\u00a0\u00a0\u00a0\u00a0\u00a0\u00a0\u00a0\u00a0\u00a0\u00a0\u00a0\u00a0\u00a0\u00a0\u00a0\u00a0\u00a0\u00a0\u00a0\u00a0\u00a0\u00a0\u00a0\u00a0\u00a0\u00a0\u00a0\u00a0\u00a0\u00a0\u00a0\u00a0 communique 11 novembre 2011 \u00a0\u00a0\u00a0\u00a0\u00a0\u00a0\u00a0\u00a0\u00a0\u00a0\u00a0\u00a0\u00a0\u00a0\u00a0\u00a0\u00a0\u00a0\u00a0\u00a0\u00a0\u00a0\u00a0\u00a0\u00a0\u00a0\u00a0\u00a0\u00a0\u00a0\u00a0\u00a0\u00a0\u00a0\u00a0\u00a0\u00a0\u00a0\u00a0\u00a0\u00a0\u00a0\u00a0\u00a0\u00a0 \u00a0www.alternatifs.org \u00a0 Fillon, dehors&#8230; Trichet, Premier ministre ? \u00a0 En d\u00e9pit de l&rsquo;accord europ\u00e9en du 27 octobre, qui devait, une fois de plus, r\u00e9soudre la crise de la dette, les march\u00e9s financiers, toujours insatiables et insatisfaits, ont poursuivi leur<\/p>\n","protected":false},"author":1,"featured_media":0,"comment_status":"open","ping_status":"closed","sticky":false,"template":"","format":"standard","meta":{"footnotes":""},"categories":[9],"tags":[34,43,26,103,16,23],"class_list":["post-3355","post","type-post","status-publish","format-standard","hentry","category-communiques","tag-alternatifs","tag-appel","tag-communique-de-presse","tag-demarche-citoyenne","tag-economie","tag-luttes"],"_links":{"self":[{"href":"https:\/\/alternatifs81.fr\/index.php?rest_route=\/wp\/v2\/posts\/3355","targetHints":{"allow":["GET"]}}],"collection":[{"href":"https:\/\/alternatifs81.fr\/index.php?rest_route=\/wp\/v2\/posts"}],"about":[{"href":"https:\/\/alternatifs81.fr\/index.php?rest_route=\/wp\/v2\/types\/post"}],"author":[{"embeddable":true,"href":"https:\/\/alternatifs81.fr\/index.php?rest_route=\/wp\/v2\/users\/1"}],"replies":[{"embeddable":true,"href":"https:\/\/alternatifs81.fr\/index.php?rest_route=%2Fwp%2Fv2%2Fcomments&post=3355"}],"version-history":[{"count":0,"href":"https:\/\/alternatifs81.fr\/index.php?rest_route=\/wp\/v2\/posts\/3355\/revisions"}],"wp:attachment":[{"href":"https:\/\/alternatifs81.fr\/index.php?rest_route=%2Fwp%2Fv2%2Fmedia&parent=3355"}],"wp:term":[{"taxonomy":"category","embeddable":true,"href":"https:\/\/alternatifs81.fr\/index.php?rest_route=%2Fwp%2Fv2%2Fcategories&post=3355"},{"taxonomy":"post_tag","embeddable":true,"href":"https:\/\/alternatifs81.fr\/index.php?rest_route=%2Fwp%2Fv2%2Ftags&post=3355"}],"curies":[{"name":"wp","href":"https:\/\/api.w.org\/{rel}","templated":true}]}}