{"id":3339,"date":"2011-11-09T18:06:37","date_gmt":"2011-11-09T16:06:37","guid":{"rendered":"http:\/\/alternatifs81.fr\/?p=3339"},"modified":"2011-12-23T00:15:27","modified_gmt":"2011-12-22T22:15:27","slug":"notre-sante-en-danger-socle-commun","status":"publish","type":"post","link":"https:\/\/alternatifs81.fr\/?p=3339","title":{"rendered":"Notre Sant\u00e9 en danger : socle commun"},"content":{"rendered":"<div style=\"text-align: left;\"><strong><span style=\"color: #003300;\"><a href=\"http:\/\/alternatifs81.fr\/wp-content\/uploads\/danger%20sante.gif\" rel=\"lightbox[3339]\"><\/a><a href=\"http:\/\/alternatifs81.fr\/wp-content\/uploads\/sante-soins-mutuelles-L-1.png\" rel=\"lightbox[3339]\"><\/a>\u00a0<a href=\"http:\/\/alternatifs81.fr\/wp-content\/uploads\/sante-soins-mutuelles-L-1.png\" rel=\"lightbox[3339]\"><img loading=\"lazy\" decoding=\"async\" class=\"alignleft size-medium wp-image-3910\" title=\"sante-soins-mutuelles-L-1\" src=\"http:\/\/alternatifs81.fr\/wp-content\/uploads\/sante-soins-mutuelles-L-1-300x223.png\" alt=\"\" width=\"240\" height=\"178\" srcset=\"https:\/\/alternatifs81.fr\/wp-content\/uploads\/sante-soins-mutuelles-L-1-300x223.png 300w, https:\/\/alternatifs81.fr\/wp-content\/uploads\/sante-soins-mutuelles-L-1.png 450w\" sizes=\"auto, (max-width: 240px) 100vw, 240px\" \/><\/a>\u00a0\u00a0\u00a0\u00a0\u00a0\u00a0\u00a0\u00a0\u00a0\u00a0L\u2019acc\u00e9s aux soins de proximit\u00e9<\/span><\/strong><\/div>\n<div style=\"text-align: left;\"><strong>\u00a0<\/strong><\/div>\n<div style=\"text-align: justify;\"><strong><span style=\"color: #808000;\">\u00a0\u00a0\u00a0\u00a0\u00a0\u00a0\u00a0\u00a0\u00a0\u00a0\u00a0\u00a0 Ce que nous voulons :<\/span><\/strong><\/div>\n<div style=\"text-align: justify;\"><img loading=\"lazy\" decoding=\"async\" src=\"http:\/\/www.rezocitoyen.org\/local\/cache-vignettes\/L8xH11\/puce-68c92.gif\" alt=\"-\" width=\"8\" height=\"11\" \/> l\u2019acc\u00e8s aux soins pour toutes et tous partout et \u00e0 tout instant.<\/div>\n<div style=\"text-align: justify;\"><strong><span style=\"color: #808000;\">Ce que nous refusons :<\/span><\/strong><\/div>\n<div style=\"text-align: justify;\"><img loading=\"lazy\" decoding=\"async\" src=\"http:\/\/www.rezocitoyen.org\/local\/cache-vignettes\/L8xH11\/puce-68c92.gif\" alt=\"-\" width=\"8\" height=\"11\" \/> toutes les mesures qui tendent \u00e0 la s\u00e9lection et \u00e0 l\u2019exclusion des patients,<\/div>\n<div style=\"text-align: justify;\"><img loading=\"lazy\" decoding=\"async\" src=\"http:\/\/www.rezocitoyen.org\/local\/cache-vignettes\/L8xH11\/puce-68c92.gif\" alt=\"-\" width=\"8\" height=\"11\" \/> les franchises et autres forfaits,<\/div>\n<div style=\"text-align: justify;\"><img loading=\"lazy\" decoding=\"async\" src=\"http:\/\/www.rezocitoyen.org\/local\/cache-vignettes\/L8xH11\/puce-68c92.gif\" alt=\"-\" width=\"8\" height=\"11\" \/> les d\u00e9passements d\u2019honoraires,<\/div>\n<div style=\"text-align: justify;\"><img loading=\"lazy\" decoding=\"async\" src=\"http:\/\/www.rezocitoyen.org\/local\/cache-vignettes\/L8xH11\/puce-68c92.gif\" alt=\"-\" width=\"8\" height=\"11\" \/> le d\u00e9remboursement des m\u00e9dicaments,<\/div>\n<div style=\"text-align: justify;\"><img loading=\"lazy\" decoding=\"async\" src=\"http:\/\/www.rezocitoyen.org\/local\/cache-vignettes\/L8xH11\/puce-68c92.gif\" alt=\"-\" width=\"8\" height=\"11\" \/> les restrictions croissantes sur les Affections de Longue Dur\u00e9e (ALD) telle que l\u2019hypertension art\u00e9rielle s\u00e9v\u00e8re,<\/div>\n<div style=\"text-align: justify;\"><img loading=\"lazy\" decoding=\"async\" src=\"http:\/\/www.rezocitoyen.org\/local\/cache-vignettes\/L8xH11\/puce-68c92.gif\" alt=\"-\" width=\"8\" height=\"11\" \/> les restrictions sur la Couverture Maladie Universelle (CMU) et l\u2019Aide M\u00e9dicale d\u2019Etat (AME).<\/div>\n<div style=\"text-align: justify;\"><strong><span style=\"color: #008000;\">Un service public pr\u00e9sent partout et efficace<\/span><\/strong><\/div>\n<div style=\"text-align: justify;\"><strong>\u00a0<\/strong><\/div>\n<div style=\"text-align: justify;\"><strong><span style=\"color: #808000;\">Ce que nous voulons :<\/span><\/strong><\/div>\n<div style=\"text-align: justify;\"><img loading=\"lazy\" decoding=\"async\" src=\"http:\/\/www.rezocitoyen.org\/local\/cache-vignettes\/L8xH11\/puce-68c92.gif\" alt=\"-\" width=\"8\" height=\"11\" \/> un syst\u00e8me public de <!--more-->sant\u00e9 (incluant les soins primaires, la pr\u00e9vention, l\u2019information, la lutte en amont contre les causes des maladies), un secteur m\u00e9dico-social et social, public et associatif, d\u00e9velopp\u00e9s sur tout le territoire, dot\u00e9s de moyens suffisants pour r\u00e9pondre aux besoins de toute la population,<\/div>\n<div style=\"text-align: justify;\"><img loading=\"lazy\" decoding=\"async\" src=\"http:\/\/www.rezocitoyen.org\/local\/cache-vignettes\/L8xH11\/puce-68c92.gif\" alt=\"-\" width=\"8\" height=\"11\" \/> un service public de l\u2019h\u00e9bergement d\u2019urgence et du logement, sans conditions d\u2019acc\u00e8s ni restrictions aucune, pour les droits de tous les pr\u00e9caires,\u00a0\u00a0\u00a0\u00a0\u00a0\u00a0\u00a0\u00a0\u00a0\u00a0\u00a0\u00a0\u00a0\u00a0\u00a0\u00a0\u00a0\u00a0\u00a0\u00a0\u00a0\u00a0\u00a0\u00a0\u00a0\u00a0\u00a0\u00a0\u00a0\u00a0\u00a0\u00a0\u00a0\u00a0\u00a0<\/div>\n<div style=\"text-align: justify;\"><img loading=\"lazy\" decoding=\"async\" src=\"http:\/\/www.rezocitoyen.org\/local\/cache-vignettes\/L8xH11\/puce-68c92.gif\" alt=\"-\" width=\"8\" height=\"11\" \/> un secteur hospitalier public assurant l\u2019acc\u00e8s \u00e0 des soins de qualit\u00e9 et de proximit\u00e9 en coordination avec l\u2019ensemble des professionnels de la sant\u00e9, et avec toutes les parties concern\u00e9es,<\/div>\n<div style=\"text-align: justify;\"><img loading=\"lazy\" decoding=\"async\" src=\"http:\/\/www.rezocitoyen.org\/local\/cache-vignettes\/L8xH11\/puce-68c92.gif\" alt=\"-\" width=\"8\" height=\"11\" \/> le maintien et le d\u00e9veloppement des structures de proximit\u00e9 : centres de sant\u00e9, centres d\u2019IVG, centres m\u00e9dico-psychologiques, centres d\u2019accueil d\u2019urgence\u2026,<\/div>\n<div style=\"text-align: justify;\"><img loading=\"lazy\" decoding=\"async\" src=\"http:\/\/www.rezocitoyen.org\/local\/cache-vignettes\/L8xH11\/puce-68c92.gif\" alt=\"-\" width=\"8\" height=\"11\" \/> un plan d\u2019urgence pour la m\u00e9decine scolaire et du travail,<\/div>\n<div style=\"text-align: justify;\"><img loading=\"lazy\" decoding=\"async\" src=\"http:\/\/www.rezocitoyen.org\/local\/cache-vignettes\/L8xH11\/puce-68c92.gif\" alt=\"-\" width=\"8\" height=\"11\" \/> un secteur psychiatrique public coordonnant et assurant la continuit\u00e9 des soins,<\/div>\n<div style=\"text-align: justify;\"><img loading=\"lazy\" decoding=\"async\" src=\"http:\/\/www.rezocitoyen.org\/local\/cache-vignettes\/L8xH11\/puce-68c92.gif\" alt=\"-\" width=\"8\" height=\"11\" \/> l\u2019augmentation du nombre de professionnels de sant\u00e9 form\u00e9s, un recrutement \u00e0 la hauteur des besoins et l\u2019exigence d\u2019une r\u00e9partition \u00e9quilibr\u00e9e sur tout le territoire,<\/div>\n<div style=\"text-align: justify;\"><img loading=\"lazy\" decoding=\"async\" src=\"http:\/\/www.rezocitoyen.org\/local\/cache-vignettes\/L8xH11\/puce-68c92.gif\" alt=\"-\" width=\"8\" height=\"11\" \/> une recherche publique ind\u00e9pendante,\u00a0\u00a0\u00a0\u00a0\u00a0\u00a0\u00a0\u00a0\u00a0\u00a0\u00a0\u00a0\u00a0\u00a0\u00a0\u00a0\u00a0\u00a0\u00a0\u00a0\u00a0\u00a0\u00a0\u00a0\u00a0\u00a0\u00a0\u00a0\u00a0\u00a0\u00a0\u00a0\u00a0\u00a0\u00a0\u00a0\u00a0\u00a0\u00a0\u00a0\u00a0\u00a0\u00a0 <a href=\"http:\/\/alternatifs81.fr\/wp-content\/uploads\/hopital.jpg\" rel=\"lightbox[3339]\"><\/a><a href=\"http:\/\/alternatifs81.fr\/wp-content\/uploads\/danger%20sante1.gif\" rel=\"lightbox[3339]\"><\/a><\/div>\n<div style=\"text-align: justify;\"><img loading=\"lazy\" decoding=\"async\" src=\"http:\/\/www.rezocitoyen.org\/local\/cache-vignettes\/L8xH11\/puce-68c92.gif\" alt=\"-\" width=\"8\" height=\"11\" \/> une politique publique du m\u00e9dicament int\u00e9grant la recherche, la production et le contr\u00f4le.<\/div>\n<div style=\"text-align: justify;\"><strong><span style=\"color: #808000;\">Ce que nous refusons :<\/span><\/strong><\/div>\n<div style=\"text-align: justify;\"><img loading=\"lazy\" decoding=\"async\" src=\"http:\/\/www.rezocitoyen.org\/local\/cache-vignettes\/L8xH11\/puce-68c92.gif\" alt=\"-\" width=\"8\" height=\"11\" \/> les suppressions d\u2019emplois, les suppressions d\u2019activit\u00e9s, les fermetures de services, les regroupements autoritaires dans tous les secteurs de la sant\u00e9, du m\u00e9dico-social et du social,<\/div>\n<div style=\"text-align: justify;\"><img loading=\"lazy\" decoding=\"async\" src=\"http:\/\/www.rezocitoyen.org\/local\/cache-vignettes\/L8xH11\/puce-68c92.gif\" alt=\"-\" width=\"8\" height=\"11\" \/> le d\u00e9mant\u00e8lement de la psychiatrie publique et toute instrumentalisation s\u00e9curitaire de celle-ci,<\/div>\n<div style=\"text-align: justify;\"><img loading=\"lazy\" decoding=\"async\" src=\"http:\/\/www.rezocitoyen.org\/local\/cache-vignettes\/L8xH11\/puce-68c92.gif\" alt=\"-\" width=\"8\" height=\"11\" \/> l\u2019application de crit\u00e8res de rentabilit\u00e9 financi\u00e8re \u00e0 l\u2019h\u00f4pital et dans tous les \u00e9tablissements,<\/div>\n<div style=\"text-align: justify;\"><img loading=\"lazy\" decoding=\"async\" src=\"http:\/\/www.rezocitoyen.org\/local\/cache-vignettes\/L8xH11\/puce-68c92.gif\" alt=\"-\" width=\"8\" height=\"11\" \/> la privatisation des activit\u00e9s et des \u00e9tablissements.<\/div>\n<div style=\"text-align: justify;\"><strong><span style=\"color: #008000;\">Un financement solidaire<\/span><\/strong><\/div>\n<div style=\"text-align: justify;\"><strong>\u00a0<\/strong><\/div>\n<div style=\"text-align: justify;\"><strong><span style=\"color: #808000;\">Ce que nous voulons :<\/span><\/strong><\/div>\n<div style=\"text-align: justify;\"><img loading=\"lazy\" decoding=\"async\" src=\"http:\/\/www.rezocitoyen.org\/local\/cache-vignettes\/L8xH11\/puce-68c92.gif\" alt=\"-\" width=\"8\" height=\"11\" \/> une protection sociale, ouverte \u00e0 toute la population, bas\u00e9e sur le principe \u00ab chacun cotise selon ses moyens et re\u00e7oit selon ses besoins \u00bb,<\/div>\n<div style=\"text-align: justify;\"><img loading=\"lazy\" decoding=\"async\" src=\"http:\/\/www.rezocitoyen.org\/local\/cache-vignettes\/L8xH11\/puce-68c92.gif\" alt=\"-\" width=\"8\" height=\"11\" \/> la prise en charge de la perte d\u2019autonomie dans le cadre de la s\u00e9curit\u00e9 sociale avec la garantie d\u2019un droit universel assur\u00e9 \u00e0 100%,<\/div>\n<div style=\"text-align: justify;\"><img loading=\"lazy\" decoding=\"async\" src=\"http:\/\/www.rezocitoyen.org\/local\/cache-vignettes\/L8xH11\/puce-68c92.gif\" alt=\"-\" width=\"8\" height=\"11\" \/> une \u00e9volution vers la suppression de tous les \u00ab restes \u00e0 charge \u00bb.<\/div>\n<div style=\"text-align: justify;\"><strong><span style=\"color: #808000;\">Ce que nous refusons :<\/span><\/strong><\/div>\n<div style=\"text-align: justify;\"><img loading=\"lazy\" decoding=\"async\" src=\"http:\/\/www.rezocitoyen.org\/local\/cache-vignettes\/L8xH11\/puce-68c92.gif\" alt=\"-\" width=\"8\" height=\"11\" \/> tout transfert de prestations de l\u2019assurance-maladie obligatoire vers les compl\u00e9mentaires\/assurances priv\u00e9es,<\/div>\n<div style=\"text-align: justify;\"><img loading=\"lazy\" decoding=\"async\" src=\"http:\/\/www.rezocitoyen.org\/local\/cache-vignettes\/L8xH11\/puce-68c92.gif\" alt=\"-\" width=\"8\" height=\"11\" \/> les exon\u00e9rations de la part patronale des cotisations sociales,<\/div>\n<div style=\"text-align: justify;\"><img loading=\"lazy\" decoding=\"async\" src=\"http:\/\/www.rezocitoyen.org\/local\/cache-vignettes\/L8xH11\/puce-68c92.gif\" alt=\"-\" width=\"8\" height=\"11\" \/> les enveloppes budg\u00e9taires ferm\u00e9es et la tarification \u00e0 l\u2019activit\u00e9 (T2A) conduisant \u00e0 l\u2019\u00e9tranglement financier des \u00e9tablissements et structures.<\/div>\n<div style=\"text-align: justify;\"><strong><span style=\"color: #008000;\">La d\u00e9mocratie<\/span><\/strong><\/div>\n<div style=\"text-align: justify;\"><strong>\u00a0<\/strong><\/div>\n<div style=\"text-align: justify;\"><strong><span style=\"color: #808000;\">Ce que nous voulons :<\/span><\/strong><\/div>\n<div style=\"text-align: justify;\"><img loading=\"lazy\" decoding=\"async\" src=\"http:\/\/www.rezocitoyen.org\/local\/cache-vignettes\/L8xH11\/puce-68c92.gif\" alt=\"-\" width=\"8\" height=\"11\" \/> la d\u00e9finition d\u00e9mocratique des besoins de la population, l\u2019\u00e9laboration et le suivi des projets, associant usagers, professionnels, \u00e9lus, sur un plan d\u2019\u00e9galit\u00e9,<\/div>\n<div style=\"text-align: justify;\"><img loading=\"lazy\" decoding=\"async\" src=\"http:\/\/www.rezocitoyen.org\/local\/cache-vignettes\/L8xH11\/puce-68c92.gif\" alt=\"-\" width=\"8\" height=\"11\" \/> une r\u00e9elle repr\u00e9sentativit\u00e9 des usagers, des personnels et des \u00e9lus dans les instances d\u00e9cisionnelles \u00e0 tous les niveaux.<\/div>\n<div style=\"text-align: justify;\"><strong><span style=\"color: #808000;\"><a href=\"http:\/\/alternatifs81.fr\/wp-content\/uploads\/Hopital_public_dfefense1.jpg\" rel=\"lightbox[3339]\"><\/a>\u00a0\u00a0\u00a0\u00a0\u00a0\u00a0\u00a0\u00a0\u00a0\u00a0\u00a0 Ce que nous refusons :<\/span><\/strong><\/div>\n<div style=\"text-align: justify;\"><img loading=\"lazy\" decoding=\"async\" src=\"http:\/\/www.rezocitoyen.org\/local\/cache-vignettes\/L8xH11\/puce-68c92.gif\" alt=\"-\" width=\"8\" height=\"11\" \/> le tout pouvoir autoritaire des ARS, Agences R\u00e9gionales de Sant\u00e9,<\/div>\n<div style=\"text-align: justify;\"><img loading=\"lazy\" decoding=\"async\" src=\"http:\/\/www.rezocitoyen.org\/local\/cache-vignettes\/L8xH11\/puce-68c92.gif\" alt=\"-\" width=\"8\" height=\"11\" \/> la nouvelle gouvernance hospitali\u00e8re,<\/div>\n<div style=\"text-align: justify;\"><img loading=\"lazy\" decoding=\"async\" src=\"http:\/\/www.rezocitoyen.org\/local\/cache-vignettes\/L8xH11\/puce-68c92.gif\" alt=\"-\" width=\"8\" height=\"11\" \/> le d\u00e9coupage arbitraire des territoires de sant\u00e9.<\/div>\n<div style=\"text-align: justify;\"><strong><span style=\"color: #008000;\">C\u2019est pour tout cela que nous exigeons l\u2019abrogation de la loi HPST (H\u00f4pital, Patients, Sant\u00e9 et Territoires) et l\u2019arr\u00eat imm\u00e9diat de toutes les fermetures et restructurations.<\/span><\/strong><\/div>\n<div style=\"text-align: justify;\"><strong><span style=\"color: #008000;\">\u00a0<\/span><\/strong><\/div>\n<div style=\"text-align: justify;\"><strong><span style=\"color: #008000;\">\u00a0<\/span><\/strong><\/div>\n<div style=\"text-align: justify;\"><span style=\"color: #0000ff;\"><strong><span style=\"text-decoration: underline;\">Premiers signataires<\/span><\/strong> : <strong><em>(8 novembre 2011)<\/em><\/strong><\/span><\/div>\n<div style=\"text-align: justify;\"><span style=\"color: #0000ff;\">\u00a0<\/span><\/div>\n<div><span style=\"font-family: Arial; font-size: x-small;\"><strong><span style=\"text-decoration: underline;\">associatifs :<\/span><\/strong> <em>Act-Up Paris, Act-Up Toulouse, Association nationale des centres d&rsquo;IVG (ANCIC), Appel des appels, ATTAC, Collectif hypertension, Collectif national pour les droits des femmes (CNDF), Coordination nationale des associations pour le droit \u00e0 l&rsquo;avortement et \u00e0 la contraception (CADAC), Convergence des collectifs de d\u00e9fense et de d\u00e9veloppement des services publics, Coordination nationale des comit\u00e9s de d\u00e9fense des h\u00f4pitaux et maternit\u00e9s de proximit\u00e9, Ensemble pour une sant\u00e9 solidaire, Femmes Egalit\u00e9, Femmes solidaires, Handi-social, Ligue des droits de l&rsquo;homme, La sant\u00e9 n&rsquo;est pas une marchandise, R\u00e9seau \u00e9ducation populaire, R\u00e9sistance sociale, Union des familles la\u00efques<\/em><\/span><\/div>\n<div><span style=\"font-family: Arial; font-size: x-small;\"><strong><span style=\"text-decoration: underline;\">politiques :<\/span><\/strong> , <em>Alternative libertaire, EELV, F\u00e9d\u00e9ration pour une alternative sociale et \u00e9cologique (FASE), les Alternatifs, Gauche unitaire, Lutte ouvri\u00e8re, Nouveau parti anticapitaliste, Parti communiste fran\u00e7ais, Parti communiste des ouvriers de France, Parti de Gauche, R\u00e9publique et socialisme, <\/em><\/span><\/div>\n<div><span style=\"font-family: Arial; font-size: x-small;\"><span style=\"text-decoration: underline;\"><strong>syndicaux :<\/strong><\/span> <em>Conf\u00e9d\u00e9ration g\u00e9n\u00e9rale du travail (CGT), F\u00e9d\u00e9ration CGT Sant\u00e9 ActionSociale, F\u00e9d\u00e9ration <\/em><\/span><span style=\"font-family: Arial; font-size: x-small;\"><em>Sud Protection Sociale, F\u00e9d\u00e9ration Sud Sant\u00e9 Sociaux, F\u00e9d\u00e9ration syndicale unitaite (FSU), Syndicat de la m\u00e9decine g\u00e9nrale (SMG), <span style=\"font-family: Times New Roman; font-size: small;\"><span style=\"font-family: Arial; font-size: x-small;\">Syndicat national des professionnels de sant\u00e9 au travail (SNPST),<\/span> <\/span>Union conf\u00e9d\u00e9rale des m\u00e9decins salari\u00e9s de France, Union syndicale de la psychiatrie (USP), Union syndicale Solidaires<\/em><\/span><\/div>\n<gcse:search><\/gcse:search>","protected":false},"excerpt":{"rendered":"<p>\u00a0\u00a0\u00a0\u00a0\u00a0\u00a0\u00a0\u00a0\u00a0\u00a0\u00a0L\u2019acc\u00e9s aux soins de proximit\u00e9 \u00a0 \u00a0\u00a0\u00a0\u00a0\u00a0\u00a0\u00a0\u00a0\u00a0\u00a0\u00a0\u00a0 Ce que nous voulons : l\u2019acc\u00e8s aux soins pour toutes et tous partout et \u00e0 tout instant. Ce que nous refusons : toutes les mesures qui tendent \u00e0 la s\u00e9lection et \u00e0 l\u2019exclusion des patients, les franchises et autres forfaits, les d\u00e9passements d\u2019honoraires, le d\u00e9remboursement des m\u00e9dicaments, les [&hellip;]<\/p>\n","protected":false},"author":1,"featured_media":0,"comment_status":"open","ping_status":"closed","sticky":false,"template":"","format":"standard","meta":{"footnotes":""},"categories":[1,164],"tags":[23,402],"class_list":["post-3339","post","type-post","status-publish","format-standard","hentry","category-non-classe","category-sante","tag-luttes","tag-sante"],"_links":{"self":[{"href":"https:\/\/alternatifs81.fr\/index.php?rest_route=\/wp\/v2\/posts\/3339","targetHints":{"allow":["GET"]}}],"collection":[{"href":"https:\/\/alternatifs81.fr\/index.php?rest_route=\/wp\/v2\/posts"}],"about":[{"href":"https:\/\/alternatifs81.fr\/index.php?rest_route=\/wp\/v2\/types\/post"}],"author":[{"embeddable":true,"href":"https:\/\/alternatifs81.fr\/index.php?rest_route=\/wp\/v2\/users\/1"}],"replies":[{"embeddable":true,"href":"https:\/\/alternatifs81.fr\/index.php?rest_route=%2Fwp%2Fv2%2Fcomments&post=3339"}],"version-history":[{"count":0,"href":"https:\/\/alternatifs81.fr\/index.php?rest_route=\/wp\/v2\/posts\/3339\/revisions"}],"wp:attachment":[{"href":"https:\/\/alternatifs81.fr\/index.php?rest_route=%2Fwp%2Fv2%2Fmedia&parent=3339"}],"wp:term":[{"taxonomy":"category","embeddable":true,"href":"https:\/\/alternatifs81.fr\/index.php?rest_route=%2Fwp%2Fv2%2Fcategories&post=3339"},{"taxonomy":"post_tag","embeddable":true,"href":"https:\/\/alternatifs81.fr\/index.php?rest_route=%2Fwp%2Fv2%2Ftags&post=3339"}],"curies":[{"name":"wp","href":"https:\/\/api.w.org\/{rel}","templated":true}]}}