{"id":2877,"date":"2011-10-05T10:46:51","date_gmt":"2011-10-05T08:46:51","guid":{"rendered":"http:\/\/alternatifs81.fr\/?p=2877"},"modified":"2012-11-21T09:59:23","modified_gmt":"2012-11-21T08:59:23","slug":"pas-de-repression-pour-les-chomeurs-abolition-du-chomage","status":"publish","type":"post","link":"https:\/\/alternatifs81.fr\/?p=2877","title":{"rendered":"PAS DE REPRESSION POUR LES CHOMEURS ABOLITION DU CHOMAGE"},"content":{"rendered":"<p style=\"text-align: justify;\"><strong><span style=\"color: #0000ff;\">\u00a0\u00a0\u00a0\u00a0\u00a0\u00a0\u00a0\u00a0 PAS DE REPRESSION POUR LES CHOMEURS ABOLITION DU CHOMAGE<\/span><\/strong><\/p>\n<p style=\"text-align: justify;\">\u00a0\u00a0\u00a0\u00a0\u00a0\u00a0\u00a0 <a href=\"http:\/\/alternatifs81.fr\/wp-content\/uploads\/PC120061-Small-.jpg\" rel=\"lightbox[2877]\"><\/a>Imposer des heures de travail d&rsquo;int\u00e9r\u00eat g\u00e9n\u00e9ral pour les allocataires du RSA, baisser les <a href=\"http:\/\/alternatifs81.fr\/wp-content\/uploads\/DSCN1931-6-Small-300x298.jpg\" rel=\"lightbox[2877]\"><img loading=\"lazy\" decoding=\"async\" class=\"alignleft size-full wp-image-6848\" style=\"margin: 11px;\" title=\"DSCN1931-6-Small--300x298\" src=\"http:\/\/alternatifs81.fr\/wp-content\/uploads\/DSCN1931-6-Small-300x298.jpg\" alt=\"\" width=\"240\" height=\"238\" srcset=\"https:\/\/alternatifs81.fr\/wp-content\/uploads\/DSCN1931-6-Small-300x298.jpg 300w, https:\/\/alternatifs81.fr\/wp-content\/uploads\/DSCN1931-6-Small-300x298-150x150.jpg 150w\" sizes=\"auto, (max-width: 240px) 100vw, 240px\" \/><\/a>allocations ch\u00f4mage des cadres, croiser les fichiers pour lutter contre la fraude sociale&#8230; , le gouvernement et l&rsquo; UMP ont <!--more-->fourmill\u00e9 d&rsquo;id\u00e9es cet \u00e9t\u00e9 pour s&rsquo;en prendre aux \u00ab\u00a0assist\u00e9s\u00a0\u00bb<\/p>\n<p style=\"text-align: justify;\">N&rsquo;y voir que la politique classique de stigmatisation et de division des classes populaires serait sous-estimer l&rsquo;essentiel.<\/p>\n<p style=\"text-align: justify;\">\u00a0<\/p>\n<p style=\"text-align: justify;\"><span style=\"color: #008000;\">REPRESSION CONTRE LES CHOMEURS<\/span><\/p>\n<p style=\"text-align: justify;\">Le gouvernement continue de lutter contre les ch\u00f4meurs.<\/p>\n<p style=\"text-align: justify;\">Sous pr\u00e9texte de d\u00e9veloppement durable, P\u00f4le Emploi envoie d\u00e9sormais une partie des courriers par mail, provoquant de multiples radiations: +25,1% en juillet.<\/p>\n<p style=\"text-align: justify;\">Ce fait illustre la politique de casse du service public de l&#8217;emploi:<\/p>\n<p style=\"text-align: justify;\">Pole Emploi est r\u00e9duit au suivi administratif et souvent r\u00e9pressif des allocataires, mais se\u00a0\u00a0\u00a0<a href=\"http:\/\/alternatifs81.fr\/wp-content\/uploads\/DSC00066.jpg\" rel=\"lightbox[2877]\"><\/a>\u00a0trouve\u00a0\u00a0\u00a0\u00a0d\u00e9poss\u00e9d\u00e9 de la recherche d&#8217;emplois au profit d&rsquo;op\u00e9rateurs priv\u00e9s.<\/p>\n<p style=\"text-align: justify;\">\u00a0<\/p>\n<p style=\"text-align: justify;\">Cette division des r\u00f4les provoque la souffrance du personnel, elle et est inefficace bien que co\u00fbteuse pour la collectivit\u00e9.<\/p>\n<p style=\"text-align: justify;\">\u00a0<\/p>\n<p style=\"text-align: justify;\">Une \u00e9ni\u00e8me \u00e9tude du minist\u00e8re du Travail constate un taux de retour \u00e0 l&#8217;emploi plus faible avec les op\u00e9rateurs priv\u00e9s qu&rsquo;avec P\u00f4le Emploi : 38% pour les op\u00e9rateurs priv\u00e9s contre 44% \u00e0 Pole Emploi.<\/p>\n<p style=\"text-align: justify;\">\u00a0<\/p>\n<p style=\"text-align: justify;\"><strong><span style=\"color: #008000;\">IMMOBILISME CONTRE LE CHOMAGE<\/span><\/strong><\/p>\n<p style=\"text-align: justify;\">Le gouvernement ne lutte pas r\u00e9ellement contre le ch\u00f4mage.<\/p>\n<p style=\"text-align: justify;\">Il livre les sans emploi au patronat, les obligeant \u00e0 prendre des bouts d&#8217;emplois de survie, qui ne permettent pas d&rsquo;\u00e9chapper \u00e0 la pauvret\u00e9.<\/p>\n<p style=\"text-align: justify;\">\u00a0<\/p>\n<p style=\"text-align: justify;\">La hausse tr\u00e8s forte du nombre de ch\u00f4meurs de cat\u00e9gorie B, &#8211; ceux qui ne travaillent que quelques heures dans le mois &#8211; en t\u00e9moigne.<\/p>\n<p style=\"text-align: justify;\">Cette incapacit\u00e9 \u00e0 faire reculer le ch\u00f4mage les propos optimistes de Xavier Bertrand, cet \u00e9t\u00e9 la nient, en d\u00e9calage complet avec la forte progression du nombre de ch\u00f4meurs.<\/p>\n<p style=\"text-align: justify;\">\u00a0<\/p>\n<p style=\"text-align: justify;\">\u00a0<a href=\"http:\/\/alternatifs81.fr\/wp-content\/uploads\/chomeurs-mafieux1.png\" rel=\"lightbox[2877]\"><\/a>\u00a0\u00a0 Tout au plus il est cr\u00e9\u00e9 un nouveau contrat pr\u00e9caire dont l&rsquo;effet d&rsquo;aubaine pour les patrons est garanti.<\/p>\n<p style=\"text-align: justify;\">\u00a0<\/p>\n<p style=\"text-align: justify;\"><strong><span style=\"color: #008000;\">ABOLIR LE CHOMAGE ET LA PRECARITE<\/span><\/strong><\/p>\n<p style=\"text-align: justify;\">\u00a0<\/p>\n<p style=\"text-align: justify;\">Nous sommes aux cot\u00e9s des ch\u00f4meurs en lutte, des salari\u00e9s menac\u00e9s de licenciement<\/p>\n<p style=\"text-align: justify;\">Et pour aller vers l&rsquo;abolition du ch\u00f4mage et de la pr\u00e9carit\u00e9 des mesures de rupture avec le syt\u00e8me sont vitales :<\/p>\n<p style=\"text-align: justify;\">&gt;<\/p>\n<p style=\"text-align: justify;\">&#8211; une r\u00e9duction forte du temps de travail &#8211; autour des 30 heures &#8211; .<\/p>\n<p style=\"text-align: justify;\">&#8211; l&rsquo;instauration d&rsquo;un revenu* au niveau du SMIC, permettant de vivre<\/p>\n<p style=\"text-align: justify;\">&#8211; le renforcement des pr\u00e9l\u00e8vements fiscaux sur les entreprises ayant recours \u00e0 une forte proportion de salari\u00e9s pr\u00e9caires.<\/p>\n<p style=\"text-align: justify;\">\u00a0<\/p>\n<p style=\"text-align: justify;\"><span style=\"color: #808000;\"><em>Les peintures qui illustrent cet article sont de KALIE\u00a0 (voir lien sur le tableau de bord du blog, rubrique \u00ab\u00a0Culture vivante\u00a0\u00bb <\/em><\/span><\/p>\n<gcse:search><\/gcse:search>","protected":false},"excerpt":{"rendered":"<p>\u00a0\u00a0\u00a0\u00a0\u00a0\u00a0\u00a0\u00a0 PAS DE REPRESSION POUR LES CHOMEURS ABOLITION DU CHOMAGE \u00a0\u00a0\u00a0\u00a0\u00a0\u00a0\u00a0 Imposer des heures de travail d&rsquo;int\u00e9r\u00eat g\u00e9n\u00e9ral pour les allocataires du RSA, baisser les allocations ch\u00f4mage des cadres, croiser les fichiers pour lutter contre la fraude sociale&#8230; , le gouvernement et l&rsquo; UMP ont<\/p>\n","protected":false},"author":1,"featured_media":0,"comment_status":"open","ping_status":"closed","sticky":false,"template":"","format":"standard","meta":{"footnotes":""},"categories":[3,193],"tags":[34,194,50,23],"class_list":["post-2877","post","type-post","status-publish","format-standard","hentry","category-actu","category-social","tag-alternatifs","tag-chomage","tag-discriminations","tag-luttes"],"_links":{"self":[{"href":"https:\/\/alternatifs81.fr\/index.php?rest_route=\/wp\/v2\/posts\/2877","targetHints":{"allow":["GET"]}}],"collection":[{"href":"https:\/\/alternatifs81.fr\/index.php?rest_route=\/wp\/v2\/posts"}],"about":[{"href":"https:\/\/alternatifs81.fr\/index.php?rest_route=\/wp\/v2\/types\/post"}],"author":[{"embeddable":true,"href":"https:\/\/alternatifs81.fr\/index.php?rest_route=\/wp\/v2\/users\/1"}],"replies":[{"embeddable":true,"href":"https:\/\/alternatifs81.fr\/index.php?rest_route=%2Fwp%2Fv2%2Fcomments&post=2877"}],"version-history":[{"count":0,"href":"https:\/\/alternatifs81.fr\/index.php?rest_route=\/wp\/v2\/posts\/2877\/revisions"}],"wp:attachment":[{"href":"https:\/\/alternatifs81.fr\/index.php?rest_route=%2Fwp%2Fv2%2Fmedia&parent=2877"}],"wp:term":[{"taxonomy":"category","embeddable":true,"href":"https:\/\/alternatifs81.fr\/index.php?rest_route=%2Fwp%2Fv2%2Fcategories&post=2877"},{"taxonomy":"post_tag","embeddable":true,"href":"https:\/\/alternatifs81.fr\/index.php?rest_route=%2Fwp%2Fv2%2Ftags&post=2877"}],"curies":[{"name":"wp","href":"https:\/\/api.w.org\/{rel}","templated":true}]}}